{"id":2432,"date":"2008-09-18T17:29:00","date_gmt":"2008-09-18T20:29:00","guid":{"rendered":"https:\/\/abrelivros.org.br\/site\/2008\/09\/18\/divulgados-selecionados-do-premio-vivaleitura\/"},"modified":"2008-09-18T17:29:00","modified_gmt":"2008-09-18T20:29:00","slug":"divulgados-selecionados-do-premio-vivaleitura","status":"publish","type":"post","link":"https:\/\/abrelivros.org.br\/site\/divulgados-selecionados-do-premio-vivaleitura\/","title":{"rendered":"Divulgados selecionados do Pr\u00eamio Vivaleitura"},"content":{"rendered":"<p>Quase dois mil trabalhos, de todos os estados brasileiros, foram inscritos no <a href=\"http:\/\/www.premiovivaleitura.org.br\/default1.asp?page=2008_selecionados.asp\" target=\"_blank\" rel=\"noopener noreferrer\">Pr\u00eamio Vivaleitura<\/a>, iniciativa que contempla projetos destinados a incentivar o h\u00e1bito da leitura. Nesta quarta-feira, dia 17, foi divulgada a lista com os nomes dos <a href=\"http:\/\/www.premiovivaleitura.org.br\/default1.asp?page=2008_selecionados.asp\" target=\"_blank\" rel=\"noopener noreferrer\">41 trabalhos selecionados<\/a> na edi\u00e7\u00e3o 2008. Entre eles, ser\u00e3o escolhidos os 15 finalistas, a serem anunciados no dia 1o de outubro, cinco em cada categoria &#8211; Escolas P\u00fablicas ou Privadas, Pessoas F\u00edsicas, Universidades e Institui\u00e7\u00f5es, e Bibliotecas P\u00fablicas ou Privadas. J\u00e1 os vencedores ser\u00e3o conhecidos em novembro, e cada um dos tr\u00eas projetos premiados receber\u00e1 R$ 30 mil. \u00a0<br \/> \u00a0<br \/> A iniciativa tem entre seus objetivos melhorar o acesso dos cidad\u00e3os \u00e0 leitura, valorizar o livro como instrumento de cultura e apoio \u00e0 cria\u00e7\u00e3o e produ\u00e7\u00e3o de obras liter\u00e1rias no Pa\u00eds. O Pr\u00eamio Vivaleitura \u00e9 uma iniciativa dos minist\u00e9rios da Cultura (MinC) e da Educa\u00e7\u00e3o (MEC) e da Organiza\u00e7\u00e3o dos Estados Ibero-americanos para a Educa\u00e7\u00e3o, a Ci\u00eancia e a Cultura (OEI), com a execu\u00e7\u00e3o e patroc\u00ednio da Funda\u00e7\u00e3o Santillana e apoio do Conselho Nacional de Secret\u00e1rios de Educa\u00e7\u00e3o (Consed) e da Uni\u00e3o dos Dirigentes Municipais de Educa\u00e7\u00e3o (Undime). Ele faz parte do Plano Nacional do Livro e Leitura (PNLL). \u00a0<\/p>\n","protected":false},"excerpt":{"rendered":"<p>Quase dois mil trabalhos, de todos os estados brasileiros, foram inscritos no Pr\u00eamio Vivaleitura, iniciativa que contempla projetos destinados a incentivar o h\u00e1bito da leitura. Nesta quarta-feira, dia 17, foi divulgada a lista com os nomes dos 41 trabalhos selecionados na edi\u00e7\u00e3o 2008. Entre eles, ser\u00e3o escolhidos os 15 finalistas, a serem anunciados no dia [&hellip;]<\/p>\n","protected":false},"author":1,"featured_media":0,"comment_status":"closed","ping_status":"closed","sticky":false,"template":"","format":"standard","meta":{"footnotes":"","_links_to":"","_links_to_target":""},"categories":[9],"tags":[],"class_list":["post-2432","post","type-post","status-publish","format-standard","hentry","category-noticias-da-imprensa"],"yoast_head":"<!-- This site is optimized with the Yoast SEO plugin v15.1 - https:\/\/yoast.com\/wordpress\/plugins\/seo\/ -->\n<title>Divulgados selecionados do Pr\u00eamio Vivaleitura &raquo; Abrelivros<\/title>\n<meta name=\"robots\" content=\"index, follow, max-snippet:-1, max-image-preview:large, max-video-preview:-1\" \/>\n<link rel=\"canonical\" href=\"https:\/\/abrelivros.org.br\/site\/divulgados-selecionados-do-premio-vivaleitura\/\" \/>\n<meta property=\"og:locale\" content=\"pt_BR\" \/>\n<meta property=\"og:type\" content=\"article\" \/>\n<meta property=\"og:title\" content=\"Divulgados selecionados do Pr\u00eamio Vivaleitura &raquo; Abrelivros\" \/>\n<meta property=\"og:description\" content=\"Quase dois mil trabalhos, de todos os estados brasileiros, foram inscritos no Pr\u00eamio Vivaleitura, iniciativa que contempla projetos destinados a incentivar o h\u00e1bito da leitura. Nesta quarta-feira, dia 17, foi divulgada a lista com os nomes dos 41 trabalhos selecionados na edi\u00e7\u00e3o 2008. Entre eles, ser\u00e3o escolhidos os 15 finalistas, a serem anunciados no dia [&hellip;]\" \/>\n<meta property=\"og:url\" content=\"https:\/\/abrelivros.org.br\/site\/divulgados-selecionados-do-premio-vivaleitura\/\" \/>\n<meta property=\"og:site_name\" content=\"Abrelivros\" \/>\n<meta property=\"article:published_time\" content=\"2008-09-18T20:29:00+00:00\" \/>\n<meta name=\"twitter:card\" content=\"summary_large_image\" \/>\n<script type=\"application\/ld+json\" class=\"yoast-schema-graph\">{\"@context\":\"https:\/\/schema.org\",\"@graph\":[{\"@type\":\"WebSite\",\"@id\":\"https:\/\/abrelivros.org.br\/site\/#website\",\"url\":\"https:\/\/abrelivros.org.br\/site\/\",\"name\":\"Abrelivros\",\"description\":\"\",\"potentialAction\":[{\"@type\":\"SearchAction\",\"target\":\"https:\/\/abrelivros.org.br\/site\/?s={search_term_string}\",\"query-input\":\"required name=search_term_string\"}],\"inLanguage\":\"pt-BR\"},{\"@type\":\"WebPage\",\"@id\":\"https:\/\/abrelivros.org.br\/site\/divulgados-selecionados-do-premio-vivaleitura\/#webpage\",\"url\":\"https:\/\/abrelivros.org.br\/site\/divulgados-selecionados-do-premio-vivaleitura\/\",\"name\":\"Divulgados selecionados do Pr\\u00eamio Vivaleitura &raquo; Abrelivros\",\"isPartOf\":{\"@id\":\"https:\/\/abrelivros.org.br\/site\/#website\"},\"datePublished\":\"2008-09-18T20:29:00+00:00\",\"dateModified\":\"2008-09-18T20:29:00+00:00\",\"author\":{\"@id\":\"https:\/\/abrelivros.org.br\/site\/#\/schema\/person\/2b867f13a717bb230f1a3555505f5593\"},\"breadcrumb\":{\"@id\":\"https:\/\/abrelivros.org.br\/site\/divulgados-selecionados-do-premio-vivaleitura\/#breadcrumb\"},\"inLanguage\":\"pt-BR\",\"potentialAction\":[{\"@type\":\"ReadAction\",\"target\":[\"https:\/\/abrelivros.org.br\/site\/divulgados-selecionados-do-premio-vivaleitura\/\"]}]},{\"@type\":\"BreadcrumbList\",\"@id\":\"https:\/\/abrelivros.org.br\/site\/divulgados-selecionados-do-premio-vivaleitura\/#breadcrumb\",\"itemListElement\":[{\"@type\":\"ListItem\",\"position\":1,\"item\":{\"@type\":\"WebPage\",\"@id\":\"https:\/\/abrelivros.org.br\/site\/\",\"url\":\"https:\/\/abrelivros.org.br\/site\/\",\"name\":\"In\\u00edcio\"}},{\"@type\":\"ListItem\",\"position\":2,\"item\":{\"@type\":\"WebPage\",\"@id\":\"https:\/\/abrelivros.org.br\/site\/category\/noticias\/\",\"url\":\"https:\/\/abrelivros.org.br\/site\/category\/noticias\/\",\"name\":\"Not\\u00edcias\"}},{\"@type\":\"ListItem\",\"position\":3,\"item\":{\"@type\":\"WebPage\",\"@id\":\"https:\/\/abrelivros.org.br\/site\/category\/noticias\/noticias-da-imprensa\/\",\"url\":\"https:\/\/abrelivros.org.br\/site\/category\/noticias\/noticias-da-imprensa\/\",\"name\":\"Not\\u00edcias da imprensa\"}},{\"@type\":\"ListItem\",\"position\":4,\"item\":{\"@type\":\"WebPage\",\"@id\":\"https:\/\/abrelivros.org.br\/site\/divulgados-selecionados-do-premio-vivaleitura\/\",\"url\":\"https:\/\/abrelivros.org.br\/site\/divulgados-selecionados-do-premio-vivaleitura\/\",\"name\":\"Divulgados selecionados do Pr\\u00eamio Vivaleitura\"}}]},{\"@type\":\"Person\",\"@id\":\"https:\/\/abrelivros.org.br\/site\/#\/schema\/person\/2b867f13a717bb230f1a3555505f5593\",\"name\":\"\\u00a0\",\"image\":{\"@type\":\"ImageObject\",\"@id\":\"https:\/\/abrelivros.org.br\/site\/#personlogo\",\"inLanguage\":\"pt-BR\",\"url\":\"https:\/\/secure.gravatar.com\/avatar\/e80b7f5231be2fff5040a8023da424898002831c5439420df182ae62676d2a6f?s=96&d=mm&r=g\",\"caption\":\"\\u00a0\"}}]}<\/script>\n<!-- \/ Yoast SEO plugin. -->","_links":{"self":[{"href":"https:\/\/abrelivros.org.br\/site\/wp-json\/wp\/v2\/posts\/2432","targetHints":{"allow":["GET"]}}],"collection":[{"href":"https:\/\/abrelivros.org.br\/site\/wp-json\/wp\/v2\/posts"}],"about":[{"href":"https:\/\/abrelivros.org.br\/site\/wp-json\/wp\/v2\/types\/post"}],"author":[{"embeddable":true,"href":"https:\/\/abrelivros.org.br\/site\/wp-json\/wp\/v2\/users\/1"}],"replies":[{"embeddable":true,"href":"https:\/\/abrelivros.org.br\/site\/wp-json\/wp\/v2\/comments?post=2432"}],"version-history":[{"count":0,"href":"https:\/\/abrelivros.org.br\/site\/wp-json\/wp\/v2\/posts\/2432\/revisions"}],"wp:attachment":[{"href":"https:\/\/abrelivros.org.br\/site\/wp-json\/wp\/v2\/media?parent=2432"}],"wp:term":[{"taxonomy":"category","embeddable":true,"href":"https:\/\/abrelivros.org.br\/site\/wp-json\/wp\/v2\/categories?post=2432"},{"taxonomy":"post_tag","embeddable":true,"href":"https:\/\/abrelivros.org.br\/site\/wp-json\/wp\/v2\/tags?post=2432"}],"curies":[{"name":"wp","href":"https:\/\/api.w.org\/{rel}","templated":true}]}}