{"id":2431,"date":"2008-09-18T17:35:00","date_gmt":"2008-09-18T20:35:00","guid":{"rendered":"https:\/\/abrelivros.org.br\/site\/2008\/09\/18\/qualificando-a-literatura-infanto-juvenil\/"},"modified":"2008-09-18T17:35:00","modified_gmt":"2008-09-18T20:35:00","slug":"qualificando-a-literatura-infanto-juvenil","status":"publish","type":"post","link":"https:\/\/abrelivros.org.br\/site\/qualificando-a-literatura-infanto-juvenil\/","title":{"rendered":"Qualificando a literatura infanto-juvenil"},"content":{"rendered":"<p>H\u00e1 39 anos a Funda\u00e7\u00e3o Nacional do Livro Infantil e Juvenil (FNLIJ) deu in\u00edcio ao reconhecimento dos melhores livros infantis e juvenis publicados em l\u00edngua portuguesa no Brasil atrav\u00e9s do Pr\u00eamio FNLIJ \u2013 O melhor para Crian\u00e7a. A edi\u00e7\u00e3o deste ano da premia\u00e7\u00e3o receber\u00e1 as inscri\u00e7\u00f5es at\u00e9 o dia 31 de dezembro. \u00a0<br \/> \u00a0<br \/> A iniciativa tem o objetivo de, al\u00e9m de identificar e dar publicidade aos melhores t\u00edtulos editados para este p\u00fablico, estimular o trabalho de profissionais do mercado editorial e incrementar a produ\u00e7\u00e3o de livros de qualidade no Brasil. Para participar, basta enviar cinco exemplares de cada t\u00edtulo publicado de 1\u00ba de janeiro at\u00e9 31 de dezembro de 2008 para o endere\u00e7o da FNLIJ (Rua da Imprensa, 16. Salas: 1212 a 1215. Rio de Janeiro\/RJ. Cep: 20030-120). \u00a0<br \/> \u00a0<br \/> Na premia\u00e7\u00e3o, ser\u00e3o contempladas as categorias Crian\u00e7a, Jovem, Imagem, Poesia, Informativo, Tradu\u00e7\u00e3o Crian\u00e7a, Tradu\u00e7\u00e3o Jovem, Tradu\u00e7\u00e3o Informativo, Tradu\u00e7\u00e3o Reconto, Projeto Editorial, Revela\u00e7\u00e3o Escritor, Revela\u00e7\u00e3o Ilustrador, Melhor Ilustra\u00e7\u00e3o, Teatro, Livro Brinquedo, Te\u00f3rico, Reconto e Literatura de L\u00edngua Portuguesa. Confira mais informa\u00e7\u00f5es sobre o processo de sele\u00e7\u00e3o, julgamento das obras e resultado da premia\u00e7\u00e3o no site da Funda\u00e7\u00e3o (<a href=\"http:\/\/www.fnlij.org.br\/\" target=\"_blank\" rel=\"noopener noreferrer\">www.fnlij.org.br<\/a>). Tire d\u00favidas pelo e-mail <a href=mailto:premio@fnlij.org.br>premio@fnlij.org.br<\/a> ou atrav\u00e9s do telefone 21 2262 9130. <a href=\"http:\/\/www.publishnews.com.br\/downloads\/Premio_FNLIJ_2009.pdf\" target=\"_blank\" rel=\"noopener noreferrer\">Clique aqui<\/a> para ver o regulamento completo.<\/p>\n","protected":false},"excerpt":{"rendered":"<p>H\u00e1 39 anos a Funda\u00e7\u00e3o Nacional do Livro Infantil e Juvenil (FNLIJ) deu in\u00edcio ao reconhecimento dos melhores livros infantis e juvenis publicados em l\u00edngua portuguesa no Brasil atrav\u00e9s do Pr\u00eamio FNLIJ \u2013 O melhor para Crian\u00e7a. A edi\u00e7\u00e3o deste ano da premia\u00e7\u00e3o receber\u00e1 as inscri\u00e7\u00f5es at\u00e9 o dia 31 de dezembro. \u00a0 \u00a0 A [&hellip;]<\/p>\n","protected":false},"author":1,"featured_media":0,"comment_status":"closed","ping_status":"closed","sticky":false,"template":"","format":"standard","meta":{"footnotes":"","_links_to":"","_links_to_target":""},"categories":[9],"tags":[],"class_list":["post-2431","post","type-post","status-publish","format-standard","hentry","category-noticias-da-imprensa"],"yoast_head":"<!-- This site is optimized with the Yoast SEO plugin v15.1 - https:\/\/yoast.com\/wordpress\/plugins\/seo\/ -->\n<title>Qualificando a literatura infanto-juvenil &raquo; Abrelivros<\/title>\n<meta name=\"robots\" content=\"index, follow, max-snippet:-1, max-image-preview:large, max-video-preview:-1\" \/>\n<link rel=\"canonical\" href=\"https:\/\/abrelivros.org.br\/site\/qualificando-a-literatura-infanto-juvenil\/\" \/>\n<meta property=\"og:locale\" content=\"pt_BR\" \/>\n<meta property=\"og:type\" content=\"article\" \/>\n<meta property=\"og:title\" content=\"Qualificando a literatura infanto-juvenil &raquo; Abrelivros\" \/>\n<meta property=\"og:description\" content=\"H\u00e1 39 anos a Funda\u00e7\u00e3o Nacional do Livro Infantil e Juvenil (FNLIJ) deu in\u00edcio ao reconhecimento dos melhores livros infantis e juvenis publicados em l\u00edngua portuguesa no Brasil atrav\u00e9s do Pr\u00eamio FNLIJ \u2013 O melhor para Crian\u00e7a. A edi\u00e7\u00e3o deste ano da premia\u00e7\u00e3o receber\u00e1 as inscri\u00e7\u00f5es at\u00e9 o dia 31 de dezembro. \u00a0 \u00a0 A [&hellip;]\" \/>\n<meta property=\"og:url\" content=\"https:\/\/abrelivros.org.br\/site\/qualificando-a-literatura-infanto-juvenil\/\" \/>\n<meta property=\"og:site_name\" content=\"Abrelivros\" \/>\n<meta property=\"article:published_time\" content=\"2008-09-18T20:35:00+00:00\" \/>\n<meta name=\"twitter:card\" content=\"summary_large_image\" \/>\n<script type=\"application\/ld+json\" class=\"yoast-schema-graph\">{\"@context\":\"https:\/\/schema.org\",\"@graph\":[{\"@type\":\"WebSite\",\"@id\":\"https:\/\/abrelivros.org.br\/site\/#website\",\"url\":\"https:\/\/abrelivros.org.br\/site\/\",\"name\":\"Abrelivros\",\"description\":\"\",\"potentialAction\":[{\"@type\":\"SearchAction\",\"target\":\"https:\/\/abrelivros.org.br\/site\/?s={search_term_string}\",\"query-input\":\"required name=search_term_string\"}],\"inLanguage\":\"pt-BR\"},{\"@type\":\"WebPage\",\"@id\":\"https:\/\/abrelivros.org.br\/site\/qualificando-a-literatura-infanto-juvenil\/#webpage\",\"url\":\"https:\/\/abrelivros.org.br\/site\/qualificando-a-literatura-infanto-juvenil\/\",\"name\":\"Qualificando a literatura infanto-juvenil &raquo; Abrelivros\",\"isPartOf\":{\"@id\":\"https:\/\/abrelivros.org.br\/site\/#website\"},\"datePublished\":\"2008-09-18T20:35:00+00:00\",\"dateModified\":\"2008-09-18T20:35:00+00:00\",\"author\":{\"@id\":\"https:\/\/abrelivros.org.br\/site\/#\/schema\/person\/2b867f13a717bb230f1a3555505f5593\"},\"breadcrumb\":{\"@id\":\"https:\/\/abrelivros.org.br\/site\/qualificando-a-literatura-infanto-juvenil\/#breadcrumb\"},\"inLanguage\":\"pt-BR\",\"potentialAction\":[{\"@type\":\"ReadAction\",\"target\":[\"https:\/\/abrelivros.org.br\/site\/qualificando-a-literatura-infanto-juvenil\/\"]}]},{\"@type\":\"BreadcrumbList\",\"@id\":\"https:\/\/abrelivros.org.br\/site\/qualificando-a-literatura-infanto-juvenil\/#breadcrumb\",\"itemListElement\":[{\"@type\":\"ListItem\",\"position\":1,\"item\":{\"@type\":\"WebPage\",\"@id\":\"https:\/\/abrelivros.org.br\/site\/\",\"url\":\"https:\/\/abrelivros.org.br\/site\/\",\"name\":\"In\\u00edcio\"}},{\"@type\":\"ListItem\",\"position\":2,\"item\":{\"@type\":\"WebPage\",\"@id\":\"https:\/\/abrelivros.org.br\/site\/category\/noticias\/\",\"url\":\"https:\/\/abrelivros.org.br\/site\/category\/noticias\/\",\"name\":\"Not\\u00edcias\"}},{\"@type\":\"ListItem\",\"position\":3,\"item\":{\"@type\":\"WebPage\",\"@id\":\"https:\/\/abrelivros.org.br\/site\/category\/noticias\/noticias-da-imprensa\/\",\"url\":\"https:\/\/abrelivros.org.br\/site\/category\/noticias\/noticias-da-imprensa\/\",\"name\":\"Not\\u00edcias da imprensa\"}},{\"@type\":\"ListItem\",\"position\":4,\"item\":{\"@type\":\"WebPage\",\"@id\":\"https:\/\/abrelivros.org.br\/site\/qualificando-a-literatura-infanto-juvenil\/\",\"url\":\"https:\/\/abrelivros.org.br\/site\/qualificando-a-literatura-infanto-juvenil\/\",\"name\":\"Qualificando a literatura infanto-juvenil\"}}]},{\"@type\":\"Person\",\"@id\":\"https:\/\/abrelivros.org.br\/site\/#\/schema\/person\/2b867f13a717bb230f1a3555505f5593\",\"name\":\"\\u00a0\",\"image\":{\"@type\":\"ImageObject\",\"@id\":\"https:\/\/abrelivros.org.br\/site\/#personlogo\",\"inLanguage\":\"pt-BR\",\"url\":\"https:\/\/secure.gravatar.com\/avatar\/e80b7f5231be2fff5040a8023da424898002831c5439420df182ae62676d2a6f?s=96&d=mm&r=g\",\"caption\":\"\\u00a0\"}}]}<\/script>\n<!-- \/ Yoast SEO plugin. -->","_links":{"self":[{"href":"https:\/\/abrelivros.org.br\/site\/wp-json\/wp\/v2\/posts\/2431","targetHints":{"allow":["GET"]}}],"collection":[{"href":"https:\/\/abrelivros.org.br\/site\/wp-json\/wp\/v2\/posts"}],"about":[{"href":"https:\/\/abrelivros.org.br\/site\/wp-json\/wp\/v2\/types\/post"}],"author":[{"embeddable":true,"href":"https:\/\/abrelivros.org.br\/site\/wp-json\/wp\/v2\/users\/1"}],"replies":[{"embeddable":true,"href":"https:\/\/abrelivros.org.br\/site\/wp-json\/wp\/v2\/comments?post=2431"}],"version-history":[{"count":0,"href":"https:\/\/abrelivros.org.br\/site\/wp-json\/wp\/v2\/posts\/2431\/revisions"}],"wp:attachment":[{"href":"https:\/\/abrelivros.org.br\/site\/wp-json\/wp\/v2\/media?parent=2431"}],"wp:term":[{"taxonomy":"category","embeddable":true,"href":"https:\/\/abrelivros.org.br\/site\/wp-json\/wp\/v2\/categories?post=2431"},{"taxonomy":"post_tag","embeddable":true,"href":"https:\/\/abrelivros.org.br\/site\/wp-json\/wp\/v2\/tags?post=2431"}],"curies":[{"name":"wp","href":"https:\/\/api.w.org\/{rel}","templated":true}]}}