{"id":2430,"date":"2008-09-19T16:48:00","date_gmt":"2008-09-19T19:48:00","guid":{"rendered":"https:\/\/abrelivros.org.br\/site\/2008\/09\/19\/campanha-para-melhorar-condicoes-de-bibliotecas-escolares\/"},"modified":"2008-09-19T16:48:00","modified_gmt":"2008-09-19T19:48:00","slug":"campanha-para-melhorar-condicoes-de-bibliotecas-escolares","status":"publish","type":"post","link":"https:\/\/abrelivros.org.br\/site\/campanha-para-melhorar-condicoes-de-bibliotecas-escolares\/","title":{"rendered":"Campanha para melhorar condi\u00e7\u00f5es de bibliotecas escolares"},"content":{"rendered":"<p>O Conselho Federal de Biblioteconomia (CFB) lan\u00e7ou a campanha nacional Biblioteca Escolar: Constru\u00e7\u00e3o de uma Rede de Informa\u00e7\u00f5es para o Ensino P\u00fablico. O objetivo \u00e9 fortalecer esses espa\u00e7os nas escolas p\u00fablicas, com acervos e recursos humanos adequados. Segundo a presidente do CFB, Nemora Rodrigues, muitas bibliotecas ainda s\u00e3o meros \u201cdep\u00f3sitos de livros\u201d.\u00a0<br \/> \u00a0<br \/> \u201cAs bibliotecas escolares da rede p\u00fablica sofrem com o sucateamento, com extremas dificuldades. Justamente aquele espa\u00e7o que deveria receber aten\u00e7\u00e3o especial dos governantes para que os alunos tivessem acesso ao conhecimento acaba desprestigiado.\u201d\u00a0<br \/> \u00a0<br \/> O projeto j\u00e1 foi apresentado aos Minist\u00e9rios da Educa\u00e7\u00e3o e da Cultura, segunda ela, os principais focos da campanha. Agora a iniciativa busca apoio do setor privado e ser\u00e1 lan\u00e7ada tamb\u00e9m em eventos regionais. Segundo o CFB, muitas vezes os acervos chegam at\u00e9 a escola, mas acabam inutilizados pela falta de um profissional especializado para cuidar da biblioteca.  \u00a0<br \/> \u00a0<br \/> \u201cNa pr\u00e1tica, esses minist\u00e9rios j\u00e1 enviam recursos financeiros e material para as escolas, mas n\u00e3o h\u00e1 preocupa\u00e7\u00e3o com recursos humanos. A escola recebe, por exemplo, uma cole\u00e7\u00e3o de dicion\u00e1rios, e guarda de dentro de um arm\u00e1rio para que n\u00e3o estrague. O acesso n\u00e3o \u00e9 facilitado ao aluno, portanto h\u00e1 um desvirtuamento\u201d, explica. \u00a0<br \/> \u00a0<br \/> Segundo a presidente, o cargo de bibliotec\u00e1rio nas escolas p\u00fablicas \u00e9 ocupado na maioria das vezes por professores em desvio de fun\u00e7\u00e3o. \u201cS\u00e3o profissionais com dificuldade de reg\u00eancia de classe e conseq\u00fcentemente de atendimento ao p\u00fablico tamb\u00e9m. As bibliotecas acabam atendidas de maneira prec\u00e1ria por professores que n\u00e3o t\u00eam um preparo m\u00ednimo, nem para quest\u00e3o do incentivo ao h\u00e1bito da leitura.\u201d\u00a0<br \/> \u00a0<br \/> Al\u00e9m de profissionais adequados para organizar e administrar as bibliotecas, a campanha defende a moderniza\u00e7\u00e3o desses espa\u00e7os, que precisam oferecer outros recursos ao p\u00fablicos.\u00a0<br \/> \u00a0<br \/> \u201cA biblioteca escolar precisa ser um lugar din\u00e2mico, agrad\u00e1vel, um ambiente em que a crian\u00e7a se sinta estimulada a aprender, compartilhar a sua experi\u00eancia\u201d, defende Nemora. Mais informa\u00e7\u00f5es sobre a campanha podem ser obtidos no site do conselho.\u00a0<br \/> \u00a0<\/p>\n<p><\/p>\n","protected":false},"excerpt":{"rendered":"<p>O Conselho Federal de Biblioteconomia (CFB) lan\u00e7ou a campanha nacional Biblioteca Escolar: Constru\u00e7\u00e3o de uma Rede de Informa\u00e7\u00f5es para o Ensino P\u00fablico. O objetivo \u00e9 fortalecer esses espa\u00e7os nas escolas p\u00fablicas, com acervos e recursos humanos adequados. Segundo a presidente do CFB, Nemora Rodrigues, muitas bibliotecas ainda s\u00e3o meros \u201cdep\u00f3sitos de livros\u201d.\u00a0 \u00a0 \u201cAs bibliotecas [&hellip;]<\/p>\n","protected":false},"author":1,"featured_media":0,"comment_status":"closed","ping_status":"closed","sticky":false,"template":"","format":"standard","meta":{"footnotes":"","_links_to":"","_links_to_target":""},"categories":[9],"tags":[],"class_list":["post-2430","post","type-post","status-publish","format-standard","hentry","category-noticias-da-imprensa"],"yoast_head":"<!-- This site is optimized with the Yoast SEO plugin v15.1 - https:\/\/yoast.com\/wordpress\/plugins\/seo\/ -->\n<title>Campanha para melhorar condi\u00e7\u00f5es de bibliotecas escolares &raquo; Abrelivros<\/title>\n<meta name=\"robots\" content=\"index, follow, max-snippet:-1, max-image-preview:large, max-video-preview:-1\" \/>\n<link rel=\"canonical\" href=\"https:\/\/abrelivros.org.br\/site\/campanha-para-melhorar-condicoes-de-bibliotecas-escolares\/\" \/>\n<meta property=\"og:locale\" content=\"pt_BR\" \/>\n<meta property=\"og:type\" content=\"article\" \/>\n<meta property=\"og:title\" content=\"Campanha para melhorar condi\u00e7\u00f5es de bibliotecas escolares &raquo; Abrelivros\" \/>\n<meta property=\"og:description\" content=\"O Conselho Federal de Biblioteconomia (CFB) lan\u00e7ou a campanha nacional Biblioteca Escolar: Constru\u00e7\u00e3o de uma Rede de Informa\u00e7\u00f5es para o Ensino P\u00fablico. O objetivo \u00e9 fortalecer esses espa\u00e7os nas escolas p\u00fablicas, com acervos e recursos humanos adequados. Segundo a presidente do CFB, Nemora Rodrigues, muitas bibliotecas ainda s\u00e3o meros \u201cdep\u00f3sitos de livros\u201d.\u00a0 \u00a0 \u201cAs bibliotecas [&hellip;]\" \/>\n<meta property=\"og:url\" content=\"https:\/\/abrelivros.org.br\/site\/campanha-para-melhorar-condicoes-de-bibliotecas-escolares\/\" \/>\n<meta property=\"og:site_name\" content=\"Abrelivros\" \/>\n<meta property=\"article:published_time\" content=\"2008-09-19T19:48:00+00:00\" \/>\n<meta name=\"twitter:card\" content=\"summary_large_image\" \/>\n<script type=\"application\/ld+json\" class=\"yoast-schema-graph\">{\"@context\":\"https:\/\/schema.org\",\"@graph\":[{\"@type\":\"WebSite\",\"@id\":\"https:\/\/abrelivros.org.br\/site\/#website\",\"url\":\"https:\/\/abrelivros.org.br\/site\/\",\"name\":\"Abrelivros\",\"description\":\"\",\"potentialAction\":[{\"@type\":\"SearchAction\",\"target\":\"https:\/\/abrelivros.org.br\/site\/?s={search_term_string}\",\"query-input\":\"required name=search_term_string\"}],\"inLanguage\":\"pt-BR\"},{\"@type\":\"WebPage\",\"@id\":\"https:\/\/abrelivros.org.br\/site\/campanha-para-melhorar-condicoes-de-bibliotecas-escolares\/#webpage\",\"url\":\"https:\/\/abrelivros.org.br\/site\/campanha-para-melhorar-condicoes-de-bibliotecas-escolares\/\",\"name\":\"Campanha para melhorar condi\\u00e7\\u00f5es de bibliotecas escolares &raquo; Abrelivros\",\"isPartOf\":{\"@id\":\"https:\/\/abrelivros.org.br\/site\/#website\"},\"datePublished\":\"2008-09-19T19:48:00+00:00\",\"dateModified\":\"2008-09-19T19:48:00+00:00\",\"author\":{\"@id\":\"https:\/\/abrelivros.org.br\/site\/#\/schema\/person\/2b867f13a717bb230f1a3555505f5593\"},\"breadcrumb\":{\"@id\":\"https:\/\/abrelivros.org.br\/site\/campanha-para-melhorar-condicoes-de-bibliotecas-escolares\/#breadcrumb\"},\"inLanguage\":\"pt-BR\",\"potentialAction\":[{\"@type\":\"ReadAction\",\"target\":[\"https:\/\/abrelivros.org.br\/site\/campanha-para-melhorar-condicoes-de-bibliotecas-escolares\/\"]}]},{\"@type\":\"BreadcrumbList\",\"@id\":\"https:\/\/abrelivros.org.br\/site\/campanha-para-melhorar-condicoes-de-bibliotecas-escolares\/#breadcrumb\",\"itemListElement\":[{\"@type\":\"ListItem\",\"position\":1,\"item\":{\"@type\":\"WebPage\",\"@id\":\"https:\/\/abrelivros.org.br\/site\/\",\"url\":\"https:\/\/abrelivros.org.br\/site\/\",\"name\":\"In\\u00edcio\"}},{\"@type\":\"ListItem\",\"position\":2,\"item\":{\"@type\":\"WebPage\",\"@id\":\"https:\/\/abrelivros.org.br\/site\/category\/noticias\/\",\"url\":\"https:\/\/abrelivros.org.br\/site\/category\/noticias\/\",\"name\":\"Not\\u00edcias\"}},{\"@type\":\"ListItem\",\"position\":3,\"item\":{\"@type\":\"WebPage\",\"@id\":\"https:\/\/abrelivros.org.br\/site\/category\/noticias\/noticias-da-imprensa\/\",\"url\":\"https:\/\/abrelivros.org.br\/site\/category\/noticias\/noticias-da-imprensa\/\",\"name\":\"Not\\u00edcias da imprensa\"}},{\"@type\":\"ListItem\",\"position\":4,\"item\":{\"@type\":\"WebPage\",\"@id\":\"https:\/\/abrelivros.org.br\/site\/campanha-para-melhorar-condicoes-de-bibliotecas-escolares\/\",\"url\":\"https:\/\/abrelivros.org.br\/site\/campanha-para-melhorar-condicoes-de-bibliotecas-escolares\/\",\"name\":\"Campanha para melhorar condi\\u00e7\\u00f5es de bibliotecas escolares\"}}]},{\"@type\":\"Person\",\"@id\":\"https:\/\/abrelivros.org.br\/site\/#\/schema\/person\/2b867f13a717bb230f1a3555505f5593\",\"name\":\"\\u00a0\",\"image\":{\"@type\":\"ImageObject\",\"@id\":\"https:\/\/abrelivros.org.br\/site\/#personlogo\",\"inLanguage\":\"pt-BR\",\"url\":\"https:\/\/secure.gravatar.com\/avatar\/e80b7f5231be2fff5040a8023da424898002831c5439420df182ae62676d2a6f?s=96&d=mm&r=g\",\"caption\":\"\\u00a0\"}}]}<\/script>\n<!-- \/ Yoast SEO plugin. -->","_links":{"self":[{"href":"https:\/\/abrelivros.org.br\/site\/wp-json\/wp\/v2\/posts\/2430","targetHints":{"allow":["GET"]}}],"collection":[{"href":"https:\/\/abrelivros.org.br\/site\/wp-json\/wp\/v2\/posts"}],"about":[{"href":"https:\/\/abrelivros.org.br\/site\/wp-json\/wp\/v2\/types\/post"}],"author":[{"embeddable":true,"href":"https:\/\/abrelivros.org.br\/site\/wp-json\/wp\/v2\/users\/1"}],"replies":[{"embeddable":true,"href":"https:\/\/abrelivros.org.br\/site\/wp-json\/wp\/v2\/comments?post=2430"}],"version-history":[{"count":0,"href":"https:\/\/abrelivros.org.br\/site\/wp-json\/wp\/v2\/posts\/2430\/revisions"}],"wp:attachment":[{"href":"https:\/\/abrelivros.org.br\/site\/wp-json\/wp\/v2\/media?parent=2430"}],"wp:term":[{"taxonomy":"category","embeddable":true,"href":"https:\/\/abrelivros.org.br\/site\/wp-json\/wp\/v2\/categories?post=2430"},{"taxonomy":"post_tag","embeddable":true,"href":"https:\/\/abrelivros.org.br\/site\/wp-json\/wp\/v2\/tags?post=2430"}],"curies":[{"name":"wp","href":"https:\/\/api.w.org\/{rel}","templated":true}]}}