{"id":2427,"date":"2008-09-22T17:17:00","date_gmt":"2008-09-22T20:17:00","guid":{"rendered":"https:\/\/abrelivros.org.br\/site\/2008\/09\/22\/brasil-alfabetizado-amplia-prazo\/"},"modified":"2008-09-22T17:17:00","modified_gmt":"2008-09-22T20:17:00","slug":"brasil-alfabetizado-amplia-prazo","status":"publish","type":"post","link":"https:\/\/abrelivros.org.br\/site\/brasil-alfabetizado-amplia-prazo\/","title":{"rendered":"Brasil Alfabetizado amplia prazo"},"content":{"rendered":"<p>Foi prorrogado para 4 de outubro o prazo para ades\u00e3o dos estados, Distrito Federal e munic\u00edpios ao Programa Brasil Alfabetizado. A Resolu\u00e7\u00e3o de n\u00ba 40 do Fundo Nacional do Desenvolvimento da Educa\u00e7\u00e3o (FNDE), que define esse novo prazo, foi publicada no Di\u00e1rio Oficial da Uni\u00e3o no dia 8 deste m\u00eas. Para se inscreverem, os interessados devem acessar o endere\u00e7o eletr\u00f4nico do programa.&nbsp;<br \/> &nbsp;<br \/> Em 2007, o Brasil Alfabetizado alcan\u00e7ou 1.076 dos 1.103 munic\u00edpios priorit\u00e1rios cujos \u00edndices de analfabetismo eram de 35% ou mais. Naquele ano, foram cadastrados 90 mil alfabetizadores e 1,3 milh\u00e3o de jovens e adultos que n\u00e3o sabiam ler e escrever. Para 2008, o foco priorit\u00e1rio do programa s\u00e3o 1.900 munic\u00edpios com \u00edndice de analfabetismo superior a 25%. A a\u00e7\u00e3o \u00e9 realizada em todo o Nordeste e nos estados do Par\u00e1, Minas Gerais, Acre e Tocantins. A meta \u00e9 atender, pelo menos, 1,3 milh\u00e3o de pessoas em salas de aulas e cadastrar 86 mil alfabetizadores.&nbsp;<br \/> &nbsp;<br \/> Indicadores da Pesquisa Nacional por Amostra de Domic\u00edlios (Pnad) de 2006 mostram que a taxa de analfabetismo de jovens e adultos no Brasil tem a maior velocidade de queda dos \u00faltimos vinte anos. A taxa de analfabetismo absoluto no pa\u00eds est\u00e1 em 10,2%. H\u00e1 dez anos, era de 13,8%.&nbsp;<br \/> &nbsp;<br \/> O foco do programa s\u00e3o pessoas com 15 anos ou mais que n\u00e3o conseguiram se alfabetizar. O programa cria oportunidades de atendimento a essa popula\u00e7\u00e3o e, em seguida, de ingresso em turmas de educa\u00e7\u00e3o de jovens e adultos, dando continuidade aos estudos. Outro destaque vai para o Fundeb, fundo da educa\u00e7\u00e3o b\u00e1sica, que tamb\u00e9m financia a educa\u00e7\u00e3o de jovens e adultos, o que n\u00e3o ocorria at\u00e9 2006. &nbsp;<br \/> &nbsp;<br \/> Com o atual desenho do programa, o MEC ampliou o tempo de inscri\u00e7\u00e3o dos alfabetizandos, alfabetizadores e para ativa\u00e7\u00e3o das turmas. A raz\u00e3o \u00e9 a necessidade de mobilizar mais analfabetos. De acordo com especialistas, \u00e9 preciso criar um ambiente acolhedor e motivador para aqueles que desejam ser alfabetizados. &nbsp;<br \/> &nbsp;<br \/> A partir do PDE, o Brasil Alfabetizado conta com refor\u00e7os, como o Programa Nacional do Livro Did\u00e1tico para a Alfabetiza\u00e7\u00e3o de Jovens e Adultos (PNLA), o Olhar Brasil \u2013 parceria entre os minist\u00e9rios da Educa\u00e7\u00e3o e da Sa\u00fade para identificar problemas de vis\u00e3o \u2013 e o concurso Literatura para Todos, que seleciona obras originais destinadas ao p\u00fablico rec\u00e9m-alfabetizado. &nbsp;<br \/> &nbsp;<br \/> &nbsp;<br \/> &nbsp;<\/p>\n","protected":false},"excerpt":{"rendered":"<p>Foi prorrogado para 4 de outubro o prazo para ades\u00e3o dos estados, Distrito Federal e munic\u00edpios ao Programa Brasil Alfabetizado. A Resolu\u00e7\u00e3o de n\u00ba 40 do Fundo Nacional do Desenvolvimento da Educa\u00e7\u00e3o (FNDE), que define esse novo prazo, foi publicada no Di\u00e1rio Oficial da Uni\u00e3o no dia 8 deste m\u00eas. Para se inscreverem, os interessados [&hellip;]<\/p>\n","protected":false},"author":1,"featured_media":0,"comment_status":"closed","ping_status":"closed","sticky":false,"template":"","format":"standard","meta":{"footnotes":"","_links_to":"","_links_to_target":""},"categories":[9],"tags":[],"class_list":["post-2427","post","type-post","status-publish","format-standard","hentry","category-noticias-da-imprensa"],"yoast_head":"<!-- This site is optimized with the Yoast SEO plugin v15.1 - https:\/\/yoast.com\/wordpress\/plugins\/seo\/ -->\n<title>Brasil Alfabetizado amplia prazo &raquo; Abrelivros<\/title>\n<meta name=\"robots\" content=\"index, follow, max-snippet:-1, max-image-preview:large, max-video-preview:-1\" \/>\n<link rel=\"canonical\" href=\"https:\/\/abrelivros.org.br\/site\/brasil-alfabetizado-amplia-prazo\/\" \/>\n<meta property=\"og:locale\" content=\"pt_BR\" \/>\n<meta property=\"og:type\" content=\"article\" \/>\n<meta property=\"og:title\" content=\"Brasil Alfabetizado amplia prazo &raquo; Abrelivros\" \/>\n<meta property=\"og:description\" content=\"Foi prorrogado para 4 de outubro o prazo para ades\u00e3o dos estados, Distrito Federal e munic\u00edpios ao Programa Brasil Alfabetizado. A Resolu\u00e7\u00e3o de n\u00ba 40 do Fundo Nacional do Desenvolvimento da Educa\u00e7\u00e3o (FNDE), que define esse novo prazo, foi publicada no Di\u00e1rio Oficial da Uni\u00e3o no dia 8 deste m\u00eas. Para se inscreverem, os interessados [&hellip;]\" \/>\n<meta property=\"og:url\" content=\"https:\/\/abrelivros.org.br\/site\/brasil-alfabetizado-amplia-prazo\/\" \/>\n<meta property=\"og:site_name\" content=\"Abrelivros\" \/>\n<meta property=\"article:published_time\" content=\"2008-09-22T20:17:00+00:00\" \/>\n<meta name=\"twitter:card\" content=\"summary_large_image\" \/>\n<script type=\"application\/ld+json\" class=\"yoast-schema-graph\">{\"@context\":\"https:\/\/schema.org\",\"@graph\":[{\"@type\":\"WebSite\",\"@id\":\"https:\/\/abrelivros.org.br\/site\/#website\",\"url\":\"https:\/\/abrelivros.org.br\/site\/\",\"name\":\"Abrelivros\",\"description\":\"\",\"potentialAction\":[{\"@type\":\"SearchAction\",\"target\":\"https:\/\/abrelivros.org.br\/site\/?s={search_term_string}\",\"query-input\":\"required name=search_term_string\"}],\"inLanguage\":\"pt-BR\"},{\"@type\":\"WebPage\",\"@id\":\"https:\/\/abrelivros.org.br\/site\/brasil-alfabetizado-amplia-prazo\/#webpage\",\"url\":\"https:\/\/abrelivros.org.br\/site\/brasil-alfabetizado-amplia-prazo\/\",\"name\":\"Brasil Alfabetizado amplia prazo &raquo; Abrelivros\",\"isPartOf\":{\"@id\":\"https:\/\/abrelivros.org.br\/site\/#website\"},\"datePublished\":\"2008-09-22T20:17:00+00:00\",\"dateModified\":\"2008-09-22T20:17:00+00:00\",\"author\":{\"@id\":\"https:\/\/abrelivros.org.br\/site\/#\/schema\/person\/2b867f13a717bb230f1a3555505f5593\"},\"breadcrumb\":{\"@id\":\"https:\/\/abrelivros.org.br\/site\/brasil-alfabetizado-amplia-prazo\/#breadcrumb\"},\"inLanguage\":\"pt-BR\",\"potentialAction\":[{\"@type\":\"ReadAction\",\"target\":[\"https:\/\/abrelivros.org.br\/site\/brasil-alfabetizado-amplia-prazo\/\"]}]},{\"@type\":\"BreadcrumbList\",\"@id\":\"https:\/\/abrelivros.org.br\/site\/brasil-alfabetizado-amplia-prazo\/#breadcrumb\",\"itemListElement\":[{\"@type\":\"ListItem\",\"position\":1,\"item\":{\"@type\":\"WebPage\",\"@id\":\"https:\/\/abrelivros.org.br\/site\/\",\"url\":\"https:\/\/abrelivros.org.br\/site\/\",\"name\":\"In\\u00edcio\"}},{\"@type\":\"ListItem\",\"position\":2,\"item\":{\"@type\":\"WebPage\",\"@id\":\"https:\/\/abrelivros.org.br\/site\/category\/noticias\/\",\"url\":\"https:\/\/abrelivros.org.br\/site\/category\/noticias\/\",\"name\":\"Not\\u00edcias\"}},{\"@type\":\"ListItem\",\"position\":3,\"item\":{\"@type\":\"WebPage\",\"@id\":\"https:\/\/abrelivros.org.br\/site\/category\/noticias\/noticias-da-imprensa\/\",\"url\":\"https:\/\/abrelivros.org.br\/site\/category\/noticias\/noticias-da-imprensa\/\",\"name\":\"Not\\u00edcias da imprensa\"}},{\"@type\":\"ListItem\",\"position\":4,\"item\":{\"@type\":\"WebPage\",\"@id\":\"https:\/\/abrelivros.org.br\/site\/brasil-alfabetizado-amplia-prazo\/\",\"url\":\"https:\/\/abrelivros.org.br\/site\/brasil-alfabetizado-amplia-prazo\/\",\"name\":\"Brasil Alfabetizado amplia prazo\"}}]},{\"@type\":\"Person\",\"@id\":\"https:\/\/abrelivros.org.br\/site\/#\/schema\/person\/2b867f13a717bb230f1a3555505f5593\",\"name\":\"\\u00a0\",\"image\":{\"@type\":\"ImageObject\",\"@id\":\"https:\/\/abrelivros.org.br\/site\/#personlogo\",\"inLanguage\":\"pt-BR\",\"url\":\"https:\/\/secure.gravatar.com\/avatar\/e80b7f5231be2fff5040a8023da424898002831c5439420df182ae62676d2a6f?s=96&d=mm&r=g\",\"caption\":\"\\u00a0\"}}]}<\/script>\n<!-- \/ Yoast SEO plugin. -->","_links":{"self":[{"href":"https:\/\/abrelivros.org.br\/site\/wp-json\/wp\/v2\/posts\/2427","targetHints":{"allow":["GET"]}}],"collection":[{"href":"https:\/\/abrelivros.org.br\/site\/wp-json\/wp\/v2\/posts"}],"about":[{"href":"https:\/\/abrelivros.org.br\/site\/wp-json\/wp\/v2\/types\/post"}],"author":[{"embeddable":true,"href":"https:\/\/abrelivros.org.br\/site\/wp-json\/wp\/v2\/users\/1"}],"replies":[{"embeddable":true,"href":"https:\/\/abrelivros.org.br\/site\/wp-json\/wp\/v2\/comments?post=2427"}],"version-history":[{"count":0,"href":"https:\/\/abrelivros.org.br\/site\/wp-json\/wp\/v2\/posts\/2427\/revisions"}],"wp:attachment":[{"href":"https:\/\/abrelivros.org.br\/site\/wp-json\/wp\/v2\/media?parent=2427"}],"wp:term":[{"taxonomy":"category","embeddable":true,"href":"https:\/\/abrelivros.org.br\/site\/wp-json\/wp\/v2\/categories?post=2427"},{"taxonomy":"post_tag","embeddable":true,"href":"https:\/\/abrelivros.org.br\/site\/wp-json\/wp\/v2\/tags?post=2427"}],"curies":[{"name":"wp","href":"https:\/\/api.w.org\/{rel}","templated":true}]}}