{"id":2426,"date":"2008-09-23T15:46:00","date_gmt":"2008-09-23T18:46:00","guid":{"rendered":"https:\/\/abrelivros.org.br\/site\/2008\/09\/23\/mec-quer-educacao-obrigatoria-de-14-anos\/"},"modified":"2008-09-23T15:46:00","modified_gmt":"2008-09-23T18:46:00","slug":"mec-quer-educacao-obrigatoria-de-14-anos","status":"publish","type":"post","link":"https:\/\/abrelivros.org.br\/site\/mec-quer-educacao-obrigatoria-de-14-anos\/","title":{"rendered":"MEC quer educa\u00e7\u00e3o obrigat\u00f3ria de 14 anos"},"content":{"rendered":"<p>Ap\u00f3s o presidente Luiz In\u00e1cio Lula da Silva anunciar que pretende investir em educa\u00e7\u00e3o parte do dinheiro a ser arrecadado com a futura explora\u00e7\u00e3o dos campos de petr\u00f3leo na camada pr\u00e9-sal, o minist\u00e9rio est\u00e1 preparando um estudo com cinco eixos que definem as \u00e1reas beneficiadas na partilha. \u00a0<br \/> \u00a0<br \/> Uma das propostas \u00e9 tornar obrigat\u00f3ria a educa\u00e7\u00e3o de crian\u00e7as de 4 at\u00e9 17 anos, incluindo toda a educa\u00e7\u00e3o b\u00e1sica. Atualmente, apenas o ensino fundamental \u00e9 obrigat\u00f3rio. Com a proposta, seriam obrigat\u00f3rios tamb\u00e9m a educa\u00e7\u00e3o infantil (para crian\u00e7as com 4 e 5 anos) e o m\u00e9dio. Para universalizar o atendimento, pelo menos mais 3,87 milh\u00f5es de crian\u00e7as e jovens ter\u00e3o de entrar na escola nos pr\u00f3ximos anos. Ampliar a obrigatoriedade dos anos de estudo \u00e9 uma das tarefas que o Pa\u00eds vem adiando. \u00a0<br \/> \u00a0<br \/> Enquanto boa parte do mundo &#8211; incluindo os vizinhos Argentina e Chile &#8211; j\u00e1 tem 12 anos obrigat\u00f3rios, o Brasil apenas recentemente incluiu o 9\u00ba ano no ensino fundamental. Se a medida for adotada, o Pa\u00eds passar\u00e1 a ter 14 anos de ensino obrigat\u00f3rio: 2 de pr\u00e9-escola, 9 no ensino fundamental e mais 3 no m\u00e9dio. Para isso, ter\u00e1 de ser feita uma emenda \u00e0 Constitui\u00e7\u00e3o, que hoje trata apenas do fundamental. \u00a0<br \/> \u00a0<br \/> Um dos motivos para o adiamento da medida at\u00e9 hoje \u00e9 o custo para Estados e munic\u00edpios. No ano passado, de acordo com a Pesquisa Nacional por Amostra de Domic\u00edlios (Pnad) apresentada nesta semana, chegou-se a 70% de crian\u00e7as atendidas na pr\u00e9-escola. Isso ainda n\u00e3o atende 1,87 milh\u00e3o de crian\u00e7as. J\u00e1 o n\u00famero de adolescentes de 15 a 17 anos matriculados est\u00e1 estacionado em pouco mais de 80% desde 2000. \u00a0<br \/> \u00a0<br \/> Hoje, o valor m\u00ednimo aplicado por estudante do ensino m\u00e9dio urbano pelo Fundo de Desenvolvimento da Educa\u00e7\u00e3o B\u00e1sica (Fundeb) \u00e9 R$ 1.364,76. Para um aluno da pr\u00e9-escola em turno parcial, R$ 1.023,57. Para incluir apenas as crian\u00e7as dessas faixas et\u00e1rias que est\u00e3o fora da escola, Estados, munic\u00edpios e governo federal teriam de aplicar, pelo menos, mais R$ 4,6 bilh\u00f5es &#8211; valor que a Uni\u00e3o investe em todos os n\u00edveis do Fundeb. Parte da amplia\u00e7\u00e3o desse atendimento dever\u00e1 ser financiada pelo pr\u00f3prio governo federal por meio da amplia\u00e7\u00e3o do ensino t\u00e9cnico de n\u00edvel m\u00e9dio. Das vagas totais do ensino m\u00e9dio, 10% seriam oferecidas pelas escolas t\u00e9cnicas federais, algo pr\u00f3ximo a 900 mil alunos. \u00a0<br \/> \u00a0<br \/> O \u00faltimo Censo Escolar j\u00e1 finalizado, referente a 2006, mostra que os alunos do ensino profissionalizante na rede federal eram apenas cerca de 80 mil, menos de 1% dos alunos de ensino m\u00e9dio. No total, considerando-se tamb\u00e9m as escolas estaduais e o Sistema S, eram 245 mil estudantes de escolas t\u00e9cnicas. Desde ent\u00e3o, o governo federal construiu 45 novas escolas e tem 19 em obras. A meta \u00e9 chegar a 2010 com 354 escolas t\u00e9cnicas novas e ter 500 mil vagas abertas. \u201cSou pessoalmente favor\u00e1vel a que a Uni\u00e3o tenha como meta atingir alguma coisa entre 5% e 10% da matr\u00edcula de ensino m\u00e9dio\u201d, disse o ministro da Educa\u00e7\u00e3o, Fernando Haddad, ao Estado. \u201cVai depender da dimens\u00e3o do programa e do volume de recursos que os royalties ir\u00e3o representar.\u201d \u00a0<br \/>  \u00a0<\/p>\n<p><\/p>\n","protected":false},"excerpt":{"rendered":"<p>Ap\u00f3s o presidente Luiz In\u00e1cio Lula da Silva anunciar que pretende investir em educa\u00e7\u00e3o parte do dinheiro a ser arrecadado com a futura explora\u00e7\u00e3o dos campos de petr\u00f3leo na camada pr\u00e9-sal, o minist\u00e9rio est\u00e1 preparando um estudo com cinco eixos que definem as \u00e1reas beneficiadas na partilha. \u00a0 \u00a0 Uma das propostas \u00e9 tornar obrigat\u00f3ria [&hellip;]<\/p>\n","protected":false},"author":1,"featured_media":0,"comment_status":"closed","ping_status":"closed","sticky":false,"template":"","format":"standard","meta":{"footnotes":"","_links_to":"","_links_to_target":""},"categories":[9],"tags":[],"class_list":["post-2426","post","type-post","status-publish","format-standard","hentry","category-noticias-da-imprensa"],"yoast_head":"<!-- This site is optimized with the Yoast SEO plugin v15.1 - https:\/\/yoast.com\/wordpress\/plugins\/seo\/ -->\n<title>MEC quer educa\u00e7\u00e3o obrigat\u00f3ria de 14 anos &raquo; Abrelivros<\/title>\n<meta name=\"robots\" content=\"index, follow, max-snippet:-1, max-image-preview:large, max-video-preview:-1\" \/>\n<link rel=\"canonical\" href=\"https:\/\/abrelivros.org.br\/site\/mec-quer-educacao-obrigatoria-de-14-anos\/\" \/>\n<meta property=\"og:locale\" content=\"pt_BR\" \/>\n<meta property=\"og:type\" content=\"article\" \/>\n<meta property=\"og:title\" content=\"MEC quer educa\u00e7\u00e3o obrigat\u00f3ria de 14 anos &raquo; Abrelivros\" \/>\n<meta property=\"og:description\" content=\"Ap\u00f3s o presidente Luiz In\u00e1cio Lula da Silva anunciar que pretende investir em educa\u00e7\u00e3o parte do dinheiro a ser arrecadado com a futura explora\u00e7\u00e3o dos campos de petr\u00f3leo na camada pr\u00e9-sal, o minist\u00e9rio est\u00e1 preparando um estudo com cinco eixos que definem as \u00e1reas beneficiadas na partilha. \u00a0 \u00a0 Uma das propostas \u00e9 tornar obrigat\u00f3ria [&hellip;]\" \/>\n<meta property=\"og:url\" content=\"https:\/\/abrelivros.org.br\/site\/mec-quer-educacao-obrigatoria-de-14-anos\/\" \/>\n<meta property=\"og:site_name\" content=\"Abrelivros\" \/>\n<meta property=\"article:published_time\" content=\"2008-09-23T18:46:00+00:00\" \/>\n<meta name=\"twitter:card\" content=\"summary_large_image\" \/>\n<script type=\"application\/ld+json\" class=\"yoast-schema-graph\">{\"@context\":\"https:\/\/schema.org\",\"@graph\":[{\"@type\":\"WebSite\",\"@id\":\"https:\/\/abrelivros.org.br\/site\/#website\",\"url\":\"https:\/\/abrelivros.org.br\/site\/\",\"name\":\"Abrelivros\",\"description\":\"\",\"potentialAction\":[{\"@type\":\"SearchAction\",\"target\":\"https:\/\/abrelivros.org.br\/site\/?s={search_term_string}\",\"query-input\":\"required name=search_term_string\"}],\"inLanguage\":\"pt-BR\"},{\"@type\":\"WebPage\",\"@id\":\"https:\/\/abrelivros.org.br\/site\/mec-quer-educacao-obrigatoria-de-14-anos\/#webpage\",\"url\":\"https:\/\/abrelivros.org.br\/site\/mec-quer-educacao-obrigatoria-de-14-anos\/\",\"name\":\"MEC quer educa\\u00e7\\u00e3o obrigat\\u00f3ria de 14 anos &raquo; Abrelivros\",\"isPartOf\":{\"@id\":\"https:\/\/abrelivros.org.br\/site\/#website\"},\"datePublished\":\"2008-09-23T18:46:00+00:00\",\"dateModified\":\"2008-09-23T18:46:00+00:00\",\"author\":{\"@id\":\"https:\/\/abrelivros.org.br\/site\/#\/schema\/person\/2b867f13a717bb230f1a3555505f5593\"},\"breadcrumb\":{\"@id\":\"https:\/\/abrelivros.org.br\/site\/mec-quer-educacao-obrigatoria-de-14-anos\/#breadcrumb\"},\"inLanguage\":\"pt-BR\",\"potentialAction\":[{\"@type\":\"ReadAction\",\"target\":[\"https:\/\/abrelivros.org.br\/site\/mec-quer-educacao-obrigatoria-de-14-anos\/\"]}]},{\"@type\":\"BreadcrumbList\",\"@id\":\"https:\/\/abrelivros.org.br\/site\/mec-quer-educacao-obrigatoria-de-14-anos\/#breadcrumb\",\"itemListElement\":[{\"@type\":\"ListItem\",\"position\":1,\"item\":{\"@type\":\"WebPage\",\"@id\":\"https:\/\/abrelivros.org.br\/site\/\",\"url\":\"https:\/\/abrelivros.org.br\/site\/\",\"name\":\"In\\u00edcio\"}},{\"@type\":\"ListItem\",\"position\":2,\"item\":{\"@type\":\"WebPage\",\"@id\":\"https:\/\/abrelivros.org.br\/site\/category\/noticias\/\",\"url\":\"https:\/\/abrelivros.org.br\/site\/category\/noticias\/\",\"name\":\"Not\\u00edcias\"}},{\"@type\":\"ListItem\",\"position\":3,\"item\":{\"@type\":\"WebPage\",\"@id\":\"https:\/\/abrelivros.org.br\/site\/category\/noticias\/noticias-da-imprensa\/\",\"url\":\"https:\/\/abrelivros.org.br\/site\/category\/noticias\/noticias-da-imprensa\/\",\"name\":\"Not\\u00edcias da imprensa\"}},{\"@type\":\"ListItem\",\"position\":4,\"item\":{\"@type\":\"WebPage\",\"@id\":\"https:\/\/abrelivros.org.br\/site\/mec-quer-educacao-obrigatoria-de-14-anos\/\",\"url\":\"https:\/\/abrelivros.org.br\/site\/mec-quer-educacao-obrigatoria-de-14-anos\/\",\"name\":\"MEC quer educa\\u00e7\\u00e3o obrigat\\u00f3ria de 14 anos\"}}]},{\"@type\":\"Person\",\"@id\":\"https:\/\/abrelivros.org.br\/site\/#\/schema\/person\/2b867f13a717bb230f1a3555505f5593\",\"name\":\"\\u00a0\",\"image\":{\"@type\":\"ImageObject\",\"@id\":\"https:\/\/abrelivros.org.br\/site\/#personlogo\",\"inLanguage\":\"pt-BR\",\"url\":\"https:\/\/secure.gravatar.com\/avatar\/e80b7f5231be2fff5040a8023da424898002831c5439420df182ae62676d2a6f?s=96&d=mm&r=g\",\"caption\":\"\\u00a0\"}}]}<\/script>\n<!-- \/ Yoast SEO plugin. -->","_links":{"self":[{"href":"https:\/\/abrelivros.org.br\/site\/wp-json\/wp\/v2\/posts\/2426","targetHints":{"allow":["GET"]}}],"collection":[{"href":"https:\/\/abrelivros.org.br\/site\/wp-json\/wp\/v2\/posts"}],"about":[{"href":"https:\/\/abrelivros.org.br\/site\/wp-json\/wp\/v2\/types\/post"}],"author":[{"embeddable":true,"href":"https:\/\/abrelivros.org.br\/site\/wp-json\/wp\/v2\/users\/1"}],"replies":[{"embeddable":true,"href":"https:\/\/abrelivros.org.br\/site\/wp-json\/wp\/v2\/comments?post=2426"}],"version-history":[{"count":0,"href":"https:\/\/abrelivros.org.br\/site\/wp-json\/wp\/v2\/posts\/2426\/revisions"}],"wp:attachment":[{"href":"https:\/\/abrelivros.org.br\/site\/wp-json\/wp\/v2\/media?parent=2426"}],"wp:term":[{"taxonomy":"category","embeddable":true,"href":"https:\/\/abrelivros.org.br\/site\/wp-json\/wp\/v2\/categories?post=2426"},{"taxonomy":"post_tag","embeddable":true,"href":"https:\/\/abrelivros.org.br\/site\/wp-json\/wp\/v2\/tags?post=2426"}],"curies":[{"name":"wp","href":"https:\/\/api.w.org\/{rel}","templated":true}]}}