{"id":2425,"date":"2008-09-23T16:09:00","date_gmt":"2008-09-23T19:09:00","guid":{"rendered":"https:\/\/abrelivros.org.br\/site\/2008\/09\/23\/pais-pede-revisao-em-direito-autoral\/"},"modified":"2008-09-23T16:09:00","modified_gmt":"2008-09-23T19:09:00","slug":"pais-pede-revisao-em-direito-autoral","status":"publish","type":"post","link":"https:\/\/abrelivros.org.br\/site\/pais-pede-revisao-em-direito-autoral\/","title":{"rendered":"Pa\u00eds pede revis\u00e3o em direito autoral"},"content":{"rendered":"<p>O Brasil defende a cria\u00e7\u00e3o de um novo tratado internacional de direitos autorais. Entre outras altera\u00e7\u00f5es, ele possibilitaria o uso para fins educativos de c\u00f3pias de livros e evitaria que novas tecnologias, como o iPod, violem leis de divulga\u00e7\u00e3o de obras. \u201cO tema precisa ser debatido de novo\u201c, afirmou Marcos Alves de Souza, coordenador-geral de Direito Autoral do Minist\u00e9rio da Cultura, que est\u00e1 em Genebra para reuni\u00f5es na Organiza\u00e7\u00e3o Mundial de Propriedade Intelectual (OMPI). &nbsp;<br \/> &nbsp;<br \/> O novo diretor da entidade, o australiano Francis Gurry, deixou claro, por\u00e9m, que a nova negocia\u00e7\u00e3o depender\u00e1 da \u201cvontade comum dos demais pa\u00edses\u201c. Os desenvolvidos v\u00eaem com hesita\u00e7\u00e3o a possibilidade de reabrir o acordo de direitos autorais. Hoje, s\u00f3 podem ser feitas c\u00f3pias de trechos de obras, o que coloca os servi\u00e7os de xerox em universidades brasileiras na ilegalidade.&nbsp;<br \/> &nbsp;<br \/> Gurry tem outras preocupa\u00e7\u00f5es, como a lentid\u00e3o das ag\u00eancias para registrar inven\u00e7\u00f5es. Segundo ele, 3,5 milh\u00f5es de patentes esperam pela avalia\u00e7\u00e3o de escrit\u00f3rios de propriedade industrial em todo o mundo. \u201cO sistema de patentes est\u00e1 engasgado.\u201c&nbsp;<br \/> &nbsp;<br \/> Outra prioridade \u00e9 aumentar o papel da organiza\u00e7\u00e3o na luta contra a pirataria, que custa ao mundo US$ 200 bilh\u00f5es (cerca de R$ 358 bilh\u00f5es) ao ano, e reavaliar o impacto das novas tecnologias. Esses temas s\u00e3o vistos como de interesse dos pa\u00edses ricos.&nbsp;<br \/> &nbsp;<br \/> Europa e EUA preferem manter apenas crit\u00e9rios econ\u00f4micos como base para a decis\u00e3o sobre direitos autorais. Para o Brasil, deve haver flexibiliza\u00e7\u00e3o em benef\u00edcio de demandas educacionais.&nbsp;<br \/> &nbsp;<br \/> Para o diretor do projeto Pasta do Professor, Bruno de Carli, liberar a c\u00f3pia de livros sob o argumento de fins educacionais pode inviabilizar o trabalho das editoras especializadas. \u201c\u00c9 um retrocesso. Isso pode tirar a motiva\u00e7\u00e3o de autores e restringir a circula\u00e7\u00e3o de conhecimentos\u201c, diz. O projeto Pasta do Professor foi lan\u00e7ado no ano passado pela Associa\u00e7\u00e3o Brasileira de Direitos Reprogr\u00e1ficos (ABDR) em parceria com as maiores editoras do Pa\u00eds. \u00c9 uma ferramenta virtual que permite aos alunos comprar cap\u00edtulos de livros. O pre\u00e7o cobrado inclui o direito autoral. &nbsp;<br \/> &nbsp;<\/p>\n","protected":false},"excerpt":{"rendered":"<p>O Brasil defende a cria\u00e7\u00e3o de um novo tratado internacional de direitos autorais. Entre outras altera\u00e7\u00f5es, ele possibilitaria o uso para fins educativos de c\u00f3pias de livros e evitaria que novas tecnologias, como o iPod, violem leis de divulga\u00e7\u00e3o de obras. \u201cO tema precisa ser debatido de novo\u201c, afirmou Marcos Alves de Souza, coordenador-geral de [&hellip;]<\/p>\n","protected":false},"author":1,"featured_media":0,"comment_status":"closed","ping_status":"closed","sticky":false,"template":"","format":"standard","meta":{"footnotes":"","_links_to":"","_links_to_target":""},"categories":[9],"tags":[],"class_list":["post-2425","post","type-post","status-publish","format-standard","hentry","category-noticias-da-imprensa"],"yoast_head":"<!-- This site is optimized with the Yoast SEO plugin v15.1 - https:\/\/yoast.com\/wordpress\/plugins\/seo\/ -->\n<title>Pa\u00eds pede revis\u00e3o em direito autoral &raquo; Abrelivros<\/title>\n<meta name=\"robots\" content=\"index, follow, max-snippet:-1, max-image-preview:large, max-video-preview:-1\" \/>\n<link rel=\"canonical\" href=\"https:\/\/abrelivros.org.br\/site\/pais-pede-revisao-em-direito-autoral\/\" \/>\n<meta property=\"og:locale\" content=\"pt_BR\" \/>\n<meta property=\"og:type\" content=\"article\" \/>\n<meta property=\"og:title\" content=\"Pa\u00eds pede revis\u00e3o em direito autoral &raquo; Abrelivros\" \/>\n<meta property=\"og:description\" content=\"O Brasil defende a cria\u00e7\u00e3o de um novo tratado internacional de direitos autorais. Entre outras altera\u00e7\u00f5es, ele possibilitaria o uso para fins educativos de c\u00f3pias de livros e evitaria que novas tecnologias, como o iPod, violem leis de divulga\u00e7\u00e3o de obras. \u201cO tema precisa ser debatido de novo\u201c, afirmou Marcos Alves de Souza, coordenador-geral de [&hellip;]\" \/>\n<meta property=\"og:url\" content=\"https:\/\/abrelivros.org.br\/site\/pais-pede-revisao-em-direito-autoral\/\" \/>\n<meta property=\"og:site_name\" content=\"Abrelivros\" \/>\n<meta property=\"article:published_time\" content=\"2008-09-23T19:09:00+00:00\" \/>\n<meta name=\"twitter:card\" content=\"summary_large_image\" \/>\n<script type=\"application\/ld+json\" class=\"yoast-schema-graph\">{\"@context\":\"https:\/\/schema.org\",\"@graph\":[{\"@type\":\"WebSite\",\"@id\":\"https:\/\/abrelivros.org.br\/site\/#website\",\"url\":\"https:\/\/abrelivros.org.br\/site\/\",\"name\":\"Abrelivros\",\"description\":\"\",\"potentialAction\":[{\"@type\":\"SearchAction\",\"target\":\"https:\/\/abrelivros.org.br\/site\/?s={search_term_string}\",\"query-input\":\"required name=search_term_string\"}],\"inLanguage\":\"pt-BR\"},{\"@type\":\"WebPage\",\"@id\":\"https:\/\/abrelivros.org.br\/site\/pais-pede-revisao-em-direito-autoral\/#webpage\",\"url\":\"https:\/\/abrelivros.org.br\/site\/pais-pede-revisao-em-direito-autoral\/\",\"name\":\"Pa\\u00eds pede revis\\u00e3o em direito autoral &raquo; Abrelivros\",\"isPartOf\":{\"@id\":\"https:\/\/abrelivros.org.br\/site\/#website\"},\"datePublished\":\"2008-09-23T19:09:00+00:00\",\"dateModified\":\"2008-09-23T19:09:00+00:00\",\"author\":{\"@id\":\"https:\/\/abrelivros.org.br\/site\/#\/schema\/person\/2b867f13a717bb230f1a3555505f5593\"},\"breadcrumb\":{\"@id\":\"https:\/\/abrelivros.org.br\/site\/pais-pede-revisao-em-direito-autoral\/#breadcrumb\"},\"inLanguage\":\"pt-BR\",\"potentialAction\":[{\"@type\":\"ReadAction\",\"target\":[\"https:\/\/abrelivros.org.br\/site\/pais-pede-revisao-em-direito-autoral\/\"]}]},{\"@type\":\"BreadcrumbList\",\"@id\":\"https:\/\/abrelivros.org.br\/site\/pais-pede-revisao-em-direito-autoral\/#breadcrumb\",\"itemListElement\":[{\"@type\":\"ListItem\",\"position\":1,\"item\":{\"@type\":\"WebPage\",\"@id\":\"https:\/\/abrelivros.org.br\/site\/\",\"url\":\"https:\/\/abrelivros.org.br\/site\/\",\"name\":\"In\\u00edcio\"}},{\"@type\":\"ListItem\",\"position\":2,\"item\":{\"@type\":\"WebPage\",\"@id\":\"https:\/\/abrelivros.org.br\/site\/category\/noticias\/\",\"url\":\"https:\/\/abrelivros.org.br\/site\/category\/noticias\/\",\"name\":\"Not\\u00edcias\"}},{\"@type\":\"ListItem\",\"position\":3,\"item\":{\"@type\":\"WebPage\",\"@id\":\"https:\/\/abrelivros.org.br\/site\/category\/noticias\/noticias-da-imprensa\/\",\"url\":\"https:\/\/abrelivros.org.br\/site\/category\/noticias\/noticias-da-imprensa\/\",\"name\":\"Not\\u00edcias da imprensa\"}},{\"@type\":\"ListItem\",\"position\":4,\"item\":{\"@type\":\"WebPage\",\"@id\":\"https:\/\/abrelivros.org.br\/site\/pais-pede-revisao-em-direito-autoral\/\",\"url\":\"https:\/\/abrelivros.org.br\/site\/pais-pede-revisao-em-direito-autoral\/\",\"name\":\"Pa\\u00eds pede revis\\u00e3o em direito autoral\"}}]},{\"@type\":\"Person\",\"@id\":\"https:\/\/abrelivros.org.br\/site\/#\/schema\/person\/2b867f13a717bb230f1a3555505f5593\",\"name\":\"\\u00a0\",\"image\":{\"@type\":\"ImageObject\",\"@id\":\"https:\/\/abrelivros.org.br\/site\/#personlogo\",\"inLanguage\":\"pt-BR\",\"url\":\"https:\/\/secure.gravatar.com\/avatar\/e80b7f5231be2fff5040a8023da424898002831c5439420df182ae62676d2a6f?s=96&d=mm&r=g\",\"caption\":\"\\u00a0\"}}]}<\/script>\n<!-- \/ Yoast SEO plugin. -->","_links":{"self":[{"href":"https:\/\/abrelivros.org.br\/site\/wp-json\/wp\/v2\/posts\/2425","targetHints":{"allow":["GET"]}}],"collection":[{"href":"https:\/\/abrelivros.org.br\/site\/wp-json\/wp\/v2\/posts"}],"about":[{"href":"https:\/\/abrelivros.org.br\/site\/wp-json\/wp\/v2\/types\/post"}],"author":[{"embeddable":true,"href":"https:\/\/abrelivros.org.br\/site\/wp-json\/wp\/v2\/users\/1"}],"replies":[{"embeddable":true,"href":"https:\/\/abrelivros.org.br\/site\/wp-json\/wp\/v2\/comments?post=2425"}],"version-history":[{"count":0,"href":"https:\/\/abrelivros.org.br\/site\/wp-json\/wp\/v2\/posts\/2425\/revisions"}],"wp:attachment":[{"href":"https:\/\/abrelivros.org.br\/site\/wp-json\/wp\/v2\/media?parent=2425"}],"wp:term":[{"taxonomy":"category","embeddable":true,"href":"https:\/\/abrelivros.org.br\/site\/wp-json\/wp\/v2\/categories?post=2425"},{"taxonomy":"post_tag","embeddable":true,"href":"https:\/\/abrelivros.org.br\/site\/wp-json\/wp\/v2\/tags?post=2425"}],"curies":[{"name":"wp","href":"https:\/\/api.w.org\/{rel}","templated":true}]}}