{"id":2424,"date":"2008-09-23T16:14:00","date_gmt":"2008-09-23T19:14:00","guid":{"rendered":"https:\/\/abrelivros.org.br\/site\/2008\/09\/23\/paises-do-mercosul-debatem-educacao\/"},"modified":"2008-09-23T16:14:00","modified_gmt":"2008-09-23T19:14:00","slug":"paises-do-mercosul-debatem-educacao","status":"publish","type":"post","link":"https:\/\/abrelivros.org.br\/site\/paises-do-mercosul-debatem-educacao\/","title":{"rendered":"Pa\u00edses do Mercosul debatem educa\u00e7\u00e3o"},"content":{"rendered":"<p>Teve in\u00edcio nesta segunda-feira, 22, a 66\u00aa Reuni\u00e3o do Comit\u00ea Coordenador Regional do Setor Educacional do Mercosul, em Foz do Igua\u00e7u (PR). A reuni\u00e3o t\u00e9cnica, que vai at\u00e9 a pr\u00f3xima quinta-feira, 25, \u00e9 uma das previstas nas atividades do comit\u00ea e tem a participa\u00e7\u00e3o de representantes e autoridades em educa\u00e7\u00e3o dos pa\u00edses membros do Mercosul (Brasil, Argentina, Paraguai, Uruguai) e pa\u00edses associados (Bol\u00edvia, Chile e Venezuela). \u00a0<br \/> \u00a0<br \/> O Brasil sedia o encontro por ter assumido em julho a presid\u00eancia pro-tempore do Mercosul por seis meses. Durante a reuni\u00e3o, ser\u00e3o apresentados informes sobre as a\u00e7\u00f5es desenvolvidas em cada pa\u00eds no \u00e2mbito da educa\u00e7\u00e3o. A pauta tamb\u00e9m inclui a viabilidade de implementar essas a\u00e7\u00f5es em outros pa\u00edses e a coopera\u00e7\u00e3o entre eles.\u00a0<br \/> \u00a0<br \/> A novidade desta edi\u00e7\u00e3o \u00e9 a inclus\u00e3o da Secretaria de Educa\u00e7\u00e3o Continuada, Alfabetiza\u00e7\u00e3o e Diversidade (Secad) nas apresenta\u00e7\u00f5es do Minist\u00e9rio da Educa\u00e7\u00e3o. J\u00e1 na abertura do encontro, ser\u00e3o abordados temas como educa\u00e7\u00e3o ambiental, educa\u00e7\u00e3o integral e educa\u00e7\u00e3o do campo. As a\u00e7\u00f5es dos n\u00edveis b\u00e1sico e superior tamb\u00e9m ser\u00e3o inclu\u00eddas na agenda, no decorrer da semana.\u00a0<br \/> \u00a0<br \/> A pr\u00f3xima reuni\u00e3o t\u00e9cnica \u2013 o encontro Mercosul de educa\u00e7\u00e3o ambiental \u2013 est\u00e1 prevista para os dias 5, 6 e 7 de novembro. At\u00e9 o fim do ano, ocorrer\u00e3o mais 15 reuni\u00f5es, incluindo a de ministros da educa\u00e7\u00e3o e a I Jornada Cient\u00edfica de Educa\u00e7\u00e3o Tecnol\u00f3gica do Mercosul, em Caracas, na Venezuela, encerrando as atividades do per\u00edodo.\u00a0<br \/> \u00a0<br \/> \u00a0<\/p>\n","protected":false},"excerpt":{"rendered":"<p>Teve in\u00edcio nesta segunda-feira, 22, a 66\u00aa Reuni\u00e3o do Comit\u00ea Coordenador Regional do Setor Educacional do Mercosul, em Foz do Igua\u00e7u (PR). A reuni\u00e3o t\u00e9cnica, que vai at\u00e9 a pr\u00f3xima quinta-feira, 25, \u00e9 uma das previstas nas atividades do comit\u00ea e tem a participa\u00e7\u00e3o de representantes e autoridades em educa\u00e7\u00e3o dos pa\u00edses membros do Mercosul [&hellip;]<\/p>\n","protected":false},"author":1,"featured_media":0,"comment_status":"closed","ping_status":"closed","sticky":false,"template":"","format":"standard","meta":{"footnotes":"","_links_to":"","_links_to_target":""},"categories":[9],"tags":[],"class_list":["post-2424","post","type-post","status-publish","format-standard","hentry","category-noticias-da-imprensa"],"yoast_head":"<!-- This site is optimized with the Yoast SEO plugin v15.1 - https:\/\/yoast.com\/wordpress\/plugins\/seo\/ -->\n<title>Pa\u00edses do Mercosul debatem educa\u00e7\u00e3o &raquo; Abrelivros<\/title>\n<meta name=\"robots\" content=\"index, follow, max-snippet:-1, max-image-preview:large, max-video-preview:-1\" \/>\n<link rel=\"canonical\" href=\"https:\/\/abrelivros.org.br\/site\/paises-do-mercosul-debatem-educacao\/\" \/>\n<meta property=\"og:locale\" content=\"pt_BR\" \/>\n<meta property=\"og:type\" content=\"article\" \/>\n<meta property=\"og:title\" content=\"Pa\u00edses do Mercosul debatem educa\u00e7\u00e3o &raquo; Abrelivros\" \/>\n<meta property=\"og:description\" content=\"Teve in\u00edcio nesta segunda-feira, 22, a 66\u00aa Reuni\u00e3o do Comit\u00ea Coordenador Regional do Setor Educacional do Mercosul, em Foz do Igua\u00e7u (PR). A reuni\u00e3o t\u00e9cnica, que vai at\u00e9 a pr\u00f3xima quinta-feira, 25, \u00e9 uma das previstas nas atividades do comit\u00ea e tem a participa\u00e7\u00e3o de representantes e autoridades em educa\u00e7\u00e3o dos pa\u00edses membros do Mercosul [&hellip;]\" \/>\n<meta property=\"og:url\" content=\"https:\/\/abrelivros.org.br\/site\/paises-do-mercosul-debatem-educacao\/\" \/>\n<meta property=\"og:site_name\" content=\"Abrelivros\" \/>\n<meta property=\"article:published_time\" content=\"2008-09-23T19:14:00+00:00\" \/>\n<meta name=\"twitter:card\" content=\"summary_large_image\" \/>\n<script type=\"application\/ld+json\" class=\"yoast-schema-graph\">{\"@context\":\"https:\/\/schema.org\",\"@graph\":[{\"@type\":\"WebSite\",\"@id\":\"https:\/\/abrelivros.org.br\/site\/#website\",\"url\":\"https:\/\/abrelivros.org.br\/site\/\",\"name\":\"Abrelivros\",\"description\":\"\",\"potentialAction\":[{\"@type\":\"SearchAction\",\"target\":\"https:\/\/abrelivros.org.br\/site\/?s={search_term_string}\",\"query-input\":\"required name=search_term_string\"}],\"inLanguage\":\"pt-BR\"},{\"@type\":\"WebPage\",\"@id\":\"https:\/\/abrelivros.org.br\/site\/paises-do-mercosul-debatem-educacao\/#webpage\",\"url\":\"https:\/\/abrelivros.org.br\/site\/paises-do-mercosul-debatem-educacao\/\",\"name\":\"Pa\\u00edses do Mercosul debatem educa\\u00e7\\u00e3o &raquo; Abrelivros\",\"isPartOf\":{\"@id\":\"https:\/\/abrelivros.org.br\/site\/#website\"},\"datePublished\":\"2008-09-23T19:14:00+00:00\",\"dateModified\":\"2008-09-23T19:14:00+00:00\",\"author\":{\"@id\":\"https:\/\/abrelivros.org.br\/site\/#\/schema\/person\/2b867f13a717bb230f1a3555505f5593\"},\"breadcrumb\":{\"@id\":\"https:\/\/abrelivros.org.br\/site\/paises-do-mercosul-debatem-educacao\/#breadcrumb\"},\"inLanguage\":\"pt-BR\",\"potentialAction\":[{\"@type\":\"ReadAction\",\"target\":[\"https:\/\/abrelivros.org.br\/site\/paises-do-mercosul-debatem-educacao\/\"]}]},{\"@type\":\"BreadcrumbList\",\"@id\":\"https:\/\/abrelivros.org.br\/site\/paises-do-mercosul-debatem-educacao\/#breadcrumb\",\"itemListElement\":[{\"@type\":\"ListItem\",\"position\":1,\"item\":{\"@type\":\"WebPage\",\"@id\":\"https:\/\/abrelivros.org.br\/site\/\",\"url\":\"https:\/\/abrelivros.org.br\/site\/\",\"name\":\"In\\u00edcio\"}},{\"@type\":\"ListItem\",\"position\":2,\"item\":{\"@type\":\"WebPage\",\"@id\":\"https:\/\/abrelivros.org.br\/site\/category\/noticias\/\",\"url\":\"https:\/\/abrelivros.org.br\/site\/category\/noticias\/\",\"name\":\"Not\\u00edcias\"}},{\"@type\":\"ListItem\",\"position\":3,\"item\":{\"@type\":\"WebPage\",\"@id\":\"https:\/\/abrelivros.org.br\/site\/category\/noticias\/noticias-da-imprensa\/\",\"url\":\"https:\/\/abrelivros.org.br\/site\/category\/noticias\/noticias-da-imprensa\/\",\"name\":\"Not\\u00edcias da imprensa\"}},{\"@type\":\"ListItem\",\"position\":4,\"item\":{\"@type\":\"WebPage\",\"@id\":\"https:\/\/abrelivros.org.br\/site\/paises-do-mercosul-debatem-educacao\/\",\"url\":\"https:\/\/abrelivros.org.br\/site\/paises-do-mercosul-debatem-educacao\/\",\"name\":\"Pa\\u00edses do Mercosul debatem educa\\u00e7\\u00e3o\"}}]},{\"@type\":\"Person\",\"@id\":\"https:\/\/abrelivros.org.br\/site\/#\/schema\/person\/2b867f13a717bb230f1a3555505f5593\",\"name\":\"\\u00a0\",\"image\":{\"@type\":\"ImageObject\",\"@id\":\"https:\/\/abrelivros.org.br\/site\/#personlogo\",\"inLanguage\":\"pt-BR\",\"url\":\"https:\/\/secure.gravatar.com\/avatar\/e80b7f5231be2fff5040a8023da424898002831c5439420df182ae62676d2a6f?s=96&d=mm&r=g\",\"caption\":\"\\u00a0\"}}]}<\/script>\n<!-- \/ Yoast SEO plugin. -->","_links":{"self":[{"href":"https:\/\/abrelivros.org.br\/site\/wp-json\/wp\/v2\/posts\/2424","targetHints":{"allow":["GET"]}}],"collection":[{"href":"https:\/\/abrelivros.org.br\/site\/wp-json\/wp\/v2\/posts"}],"about":[{"href":"https:\/\/abrelivros.org.br\/site\/wp-json\/wp\/v2\/types\/post"}],"author":[{"embeddable":true,"href":"https:\/\/abrelivros.org.br\/site\/wp-json\/wp\/v2\/users\/1"}],"replies":[{"embeddable":true,"href":"https:\/\/abrelivros.org.br\/site\/wp-json\/wp\/v2\/comments?post=2424"}],"version-history":[{"count":0,"href":"https:\/\/abrelivros.org.br\/site\/wp-json\/wp\/v2\/posts\/2424\/revisions"}],"wp:attachment":[{"href":"https:\/\/abrelivros.org.br\/site\/wp-json\/wp\/v2\/media?parent=2424"}],"wp:term":[{"taxonomy":"category","embeddable":true,"href":"https:\/\/abrelivros.org.br\/site\/wp-json\/wp\/v2\/categories?post=2424"},{"taxonomy":"post_tag","embeddable":true,"href":"https:\/\/abrelivros.org.br\/site\/wp-json\/wp\/v2\/tags?post=2424"}],"curies":[{"name":"wp","href":"https:\/\/api.w.org\/{rel}","templated":true}]}}