{"id":2421,"date":"2008-09-24T16:09:00","date_gmt":"2008-09-24T19:09:00","guid":{"rendered":"https:\/\/abrelivros.org.br\/site\/2008\/09\/24\/proposta-de-lei-de-responsabilidade-educacional-deve-sair-depois-das-eleicoes\/"},"modified":"2008-09-24T16:09:00","modified_gmt":"2008-09-24T19:09:00","slug":"proposta-de-lei-de-responsabilidade-educacional-deve-sair-depois-das-eleicoes","status":"publish","type":"post","link":"https:\/\/abrelivros.org.br\/site\/proposta-de-lei-de-responsabilidade-educacional-deve-sair-depois-das-eleicoes\/","title":{"rendered":"Proposta de Lei de Responsabilidade Educacional deve sair depois das elei\u00e7\u00f5es"},"content":{"rendered":"<p>O ministro da Educa\u00e7\u00e3o, Fernando Haddad, afirmou, na noite desta segunda-feira, que os t\u00e9cnicos dos dois grupos de trabalho interministerial criados para apresentar sugest\u00f5es de mudan\u00e7as no ensino m\u00e9dio e para a cria\u00e7\u00e3o de uma Lei de Responsabilidade Educacional devem apresentar suas propostas logo ap\u00f3s as elei\u00e7\u00f5es municipais, que ocorrer\u00e3o no pr\u00f3ximo dia 5. \u00a0<br \/> \u00a0<br \/> \u201cEu penso que, provavelmente, depois das elei\u00e7\u00f5es n\u00f3s teremos novidades nessas duas \u00e1reas\u201c, comentou Haddad \u00e0 Ag\u00eancia Brasil, logo depois de se reunir com o ministro de Assuntos Estrat\u00e9gicos, Mangabeira Unger. De acordo com Haddad, os dois j\u00e1 haviam estendido os prazos para que os grupos apresentassem os resultados finais de seu trabalho. \u00a0<br \/> \u00a0<br \/> As mudan\u00e7as no ensino m\u00e9dio prev\u00eaem, entre outras iniciativas, a constru\u00e7\u00e3o de uma rede de escolas federais que, quando conclu\u00edda, poder\u00e1 absorver at\u00e9 cerca de 10% das matr\u00edculas do n\u00edvel m\u00e9dio. Haddad e Mangabeira t\u00eam defendido que a rede federal aprofunde e amplie a atual concep\u00e7\u00e3o de ensino profissionalizante, oferecendo mais que a aprendizagem de of\u00edcios especializados. Para isso, apontam a necessidade de que o magist\u00e9rio, com a ajuda do governo federal, seja organizado como uma carreira nacional. \u00a0<br \/> \u00a0<br \/> J\u00e1 a Lei de Responsabilidade Educacional, a exemplo da Lei de Responsabilidade Fiscal, estabeleceria metas de conduta para os gestores dos sistemas p\u00fablicos de ensino. Agentes p\u00fablicos que deixassem de aplicar o percentual m\u00ednimo das receitas tribut\u00e1rias na manuten\u00e7\u00e3o e desenvolvimento da educa\u00e7\u00e3o poderiam ter que responder por improbidade administrativa. \u00a0<br \/> \u00a0<br \/> Em outras ocasi\u00f5es, Haddad defendeu que a Lei de Responsabilidade Educacional seria uma importante forma de garantir a continuidade das pol\u00edticas p\u00fablicas de educa\u00e7\u00e3o, independentemente das mudan\u00e7as de governos. Ontem, no entanto, ele n\u00e3o explicou se o projeto que est\u00e1 discutindo com Mangabeira ser\u00e1 apensado ou se substituiria o projeto de lei (PL 600\/07) do deputado Carlos Abicalil (PT-MT), que j\u00e1 tramita na C\u00e2mara dos Deputados. \u00a0<br \/> \u00a0<br \/> Al\u00e9m de voltar a defender a reforma do Sistema S (que inclui Sesi, Senai, Sesc, Senac, Sebrae, Sest, Senat e Senar), Haddad tamb\u00e9m adiantou que, \u201cprovavelmente\u201c, o Artigo 23 da Constitui\u00e7\u00e3o Federal ser\u00e1 regulamentado. Entre outras coisas, o artigo trata do regime de coopera\u00e7\u00e3o entre Uni\u00e3o, estados e munic\u00edpios para a educa\u00e7\u00e3o. \u00a0<br \/> \u00a0<br \/> As mudan\u00e7as no regime de colabora\u00e7\u00e3o entre os governos federal, estaduais e municipais proporcionariam o que Haddad e Mangabeira t\u00eam classificado como um novo pacto federativo em torno da educa\u00e7\u00e3o. Ambos defendem que \u00e9 necess\u00e1rio reconciliar as gest\u00f5es municipais e estaduais das escolas com padr\u00f5es nacionais de qualidade do ensino. \u00a0<br \/> \u00a0<br \/> \u201cA qualidade da educa\u00e7\u00e3o que uma crian\u00e7a recebe n\u00e3o pode depender do acaso, do lugar onde ela nasceu\u201c, defendeu Mangabeira em entrevista exclusiva \u00e0 Ag\u00eancia Brasil na \u00faltima quinta-feira (18). \u00a0<br \/> \u00a0<br \/> Mangabeira prop\u00f5e que Uni\u00e3o, estados e munic\u00edpios se associem em um \u00f3rg\u00e3o conjunto que possa socorrer sistemas escolares com problemas, inclusive assumindo as responsabilidades por recuper\u00e1-los caso seja necess\u00e1rio. O ministro nega que esse socorro seja uma interven\u00e7\u00e3o nas redes de ensino locais. \u00a0<br \/> \u00a0<br \/> Haddad diz n\u00e3o ter discutido com Mangabeira a cria\u00e7\u00e3o de qualquer \u00f3rg\u00e3o, mas reconhece a necessidade de encontrar uma maneira de auxiliar as localidades que n\u00e3o cumprirem as metas estabelecidas no Plano de Desenvolvimento da Educa\u00e7\u00e3o (PDE). \u201cTemos que, institucionalmente, ter uma maneira de socorrer esses munic\u00edpios de forma que as crian\u00e7as matriculadas nas escolas dessas cidades n\u00e3o fiquem defasadas\u201c. \u00a0<br \/> \u00a0<\/p>\n","protected":false},"excerpt":{"rendered":"<p>O ministro da Educa\u00e7\u00e3o, Fernando Haddad, afirmou, na noite desta segunda-feira, que os t\u00e9cnicos dos dois grupos de trabalho interministerial criados para apresentar sugest\u00f5es de mudan\u00e7as no ensino m\u00e9dio e para a cria\u00e7\u00e3o de uma Lei de Responsabilidade Educacional devem apresentar suas propostas logo ap\u00f3s as elei\u00e7\u00f5es municipais, que ocorrer\u00e3o no pr\u00f3ximo dia 5. \u00a0 [&hellip;]<\/p>\n","protected":false},"author":1,"featured_media":0,"comment_status":"closed","ping_status":"closed","sticky":false,"template":"","format":"standard","meta":{"footnotes":"","_links_to":"","_links_to_target":""},"categories":[9],"tags":[],"class_list":["post-2421","post","type-post","status-publish","format-standard","hentry","category-noticias-da-imprensa"],"yoast_head":"<!-- This site is optimized with the Yoast SEO plugin v15.1 - https:\/\/yoast.com\/wordpress\/plugins\/seo\/ -->\n<title>Proposta de Lei de Responsabilidade Educacional deve sair depois das elei\u00e7\u00f5es &raquo; Abrelivros<\/title>\n<meta name=\"robots\" content=\"index, follow, max-snippet:-1, max-image-preview:large, max-video-preview:-1\" \/>\n<link rel=\"canonical\" href=\"https:\/\/abrelivros.org.br\/site\/proposta-de-lei-de-responsabilidade-educacional-deve-sair-depois-das-eleicoes\/\" \/>\n<meta property=\"og:locale\" content=\"pt_BR\" \/>\n<meta property=\"og:type\" content=\"article\" \/>\n<meta property=\"og:title\" content=\"Proposta de Lei de Responsabilidade Educacional deve sair depois das elei\u00e7\u00f5es &raquo; Abrelivros\" \/>\n<meta property=\"og:description\" content=\"O ministro da Educa\u00e7\u00e3o, Fernando Haddad, afirmou, na noite desta segunda-feira, que os t\u00e9cnicos dos dois grupos de trabalho interministerial criados para apresentar sugest\u00f5es de mudan\u00e7as no ensino m\u00e9dio e para a cria\u00e7\u00e3o de uma Lei de Responsabilidade Educacional devem apresentar suas propostas logo ap\u00f3s as elei\u00e7\u00f5es municipais, que ocorrer\u00e3o no pr\u00f3ximo dia 5. \u00a0 [&hellip;]\" \/>\n<meta property=\"og:url\" content=\"https:\/\/abrelivros.org.br\/site\/proposta-de-lei-de-responsabilidade-educacional-deve-sair-depois-das-eleicoes\/\" \/>\n<meta property=\"og:site_name\" content=\"Abrelivros\" \/>\n<meta property=\"article:published_time\" content=\"2008-09-24T19:09:00+00:00\" \/>\n<meta name=\"twitter:card\" content=\"summary_large_image\" \/>\n<script type=\"application\/ld+json\" class=\"yoast-schema-graph\">{\"@context\":\"https:\/\/schema.org\",\"@graph\":[{\"@type\":\"WebSite\",\"@id\":\"https:\/\/abrelivros.org.br\/site\/#website\",\"url\":\"https:\/\/abrelivros.org.br\/site\/\",\"name\":\"Abrelivros\",\"description\":\"\",\"potentialAction\":[{\"@type\":\"SearchAction\",\"target\":\"https:\/\/abrelivros.org.br\/site\/?s={search_term_string}\",\"query-input\":\"required name=search_term_string\"}],\"inLanguage\":\"pt-BR\"},{\"@type\":\"WebPage\",\"@id\":\"https:\/\/abrelivros.org.br\/site\/proposta-de-lei-de-responsabilidade-educacional-deve-sair-depois-das-eleicoes\/#webpage\",\"url\":\"https:\/\/abrelivros.org.br\/site\/proposta-de-lei-de-responsabilidade-educacional-deve-sair-depois-das-eleicoes\/\",\"name\":\"Proposta de Lei de Responsabilidade Educacional deve sair depois das elei\\u00e7\\u00f5es &raquo; Abrelivros\",\"isPartOf\":{\"@id\":\"https:\/\/abrelivros.org.br\/site\/#website\"},\"datePublished\":\"2008-09-24T19:09:00+00:00\",\"dateModified\":\"2008-09-24T19:09:00+00:00\",\"author\":{\"@id\":\"https:\/\/abrelivros.org.br\/site\/#\/schema\/person\/2b867f13a717bb230f1a3555505f5593\"},\"breadcrumb\":{\"@id\":\"https:\/\/abrelivros.org.br\/site\/proposta-de-lei-de-responsabilidade-educacional-deve-sair-depois-das-eleicoes\/#breadcrumb\"},\"inLanguage\":\"pt-BR\",\"potentialAction\":[{\"@type\":\"ReadAction\",\"target\":[\"https:\/\/abrelivros.org.br\/site\/proposta-de-lei-de-responsabilidade-educacional-deve-sair-depois-das-eleicoes\/\"]}]},{\"@type\":\"BreadcrumbList\",\"@id\":\"https:\/\/abrelivros.org.br\/site\/proposta-de-lei-de-responsabilidade-educacional-deve-sair-depois-das-eleicoes\/#breadcrumb\",\"itemListElement\":[{\"@type\":\"ListItem\",\"position\":1,\"item\":{\"@type\":\"WebPage\",\"@id\":\"https:\/\/abrelivros.org.br\/site\/\",\"url\":\"https:\/\/abrelivros.org.br\/site\/\",\"name\":\"In\\u00edcio\"}},{\"@type\":\"ListItem\",\"position\":2,\"item\":{\"@type\":\"WebPage\",\"@id\":\"https:\/\/abrelivros.org.br\/site\/category\/noticias\/\",\"url\":\"https:\/\/abrelivros.org.br\/site\/category\/noticias\/\",\"name\":\"Not\\u00edcias\"}},{\"@type\":\"ListItem\",\"position\":3,\"item\":{\"@type\":\"WebPage\",\"@id\":\"https:\/\/abrelivros.org.br\/site\/category\/noticias\/noticias-da-imprensa\/\",\"url\":\"https:\/\/abrelivros.org.br\/site\/category\/noticias\/noticias-da-imprensa\/\",\"name\":\"Not\\u00edcias da imprensa\"}},{\"@type\":\"ListItem\",\"position\":4,\"item\":{\"@type\":\"WebPage\",\"@id\":\"https:\/\/abrelivros.org.br\/site\/proposta-de-lei-de-responsabilidade-educacional-deve-sair-depois-das-eleicoes\/\",\"url\":\"https:\/\/abrelivros.org.br\/site\/proposta-de-lei-de-responsabilidade-educacional-deve-sair-depois-das-eleicoes\/\",\"name\":\"Proposta de Lei de Responsabilidade Educacional deve sair depois das elei\\u00e7\\u00f5es\"}}]},{\"@type\":\"Person\",\"@id\":\"https:\/\/abrelivros.org.br\/site\/#\/schema\/person\/2b867f13a717bb230f1a3555505f5593\",\"name\":\"\\u00a0\",\"image\":{\"@type\":\"ImageObject\",\"@id\":\"https:\/\/abrelivros.org.br\/site\/#personlogo\",\"inLanguage\":\"pt-BR\",\"url\":\"https:\/\/secure.gravatar.com\/avatar\/e80b7f5231be2fff5040a8023da424898002831c5439420df182ae62676d2a6f?s=96&d=mm&r=g\",\"caption\":\"\\u00a0\"}}]}<\/script>\n<!-- \/ Yoast SEO plugin. -->","_links":{"self":[{"href":"https:\/\/abrelivros.org.br\/site\/wp-json\/wp\/v2\/posts\/2421","targetHints":{"allow":["GET"]}}],"collection":[{"href":"https:\/\/abrelivros.org.br\/site\/wp-json\/wp\/v2\/posts"}],"about":[{"href":"https:\/\/abrelivros.org.br\/site\/wp-json\/wp\/v2\/types\/post"}],"author":[{"embeddable":true,"href":"https:\/\/abrelivros.org.br\/site\/wp-json\/wp\/v2\/users\/1"}],"replies":[{"embeddable":true,"href":"https:\/\/abrelivros.org.br\/site\/wp-json\/wp\/v2\/comments?post=2421"}],"version-history":[{"count":0,"href":"https:\/\/abrelivros.org.br\/site\/wp-json\/wp\/v2\/posts\/2421\/revisions"}],"wp:attachment":[{"href":"https:\/\/abrelivros.org.br\/site\/wp-json\/wp\/v2\/media?parent=2421"}],"wp:term":[{"taxonomy":"category","embeddable":true,"href":"https:\/\/abrelivros.org.br\/site\/wp-json\/wp\/v2\/categories?post=2421"},{"taxonomy":"post_tag","embeddable":true,"href":"https:\/\/abrelivros.org.br\/site\/wp-json\/wp\/v2\/tags?post=2421"}],"curies":[{"name":"wp","href":"https:\/\/api.w.org\/{rel}","templated":true}]}}