{"id":2420,"date":"2008-09-25T16:07:00","date_gmt":"2008-09-25T19:07:00","guid":{"rendered":"https:\/\/abrelivros.org.br\/site\/2008\/09\/25\/evento-literario-comeca-nesta-quinta-feira\/"},"modified":"2008-09-25T16:07:00","modified_gmt":"2008-09-25T19:07:00","slug":"evento-literario-comeca-nesta-quinta-feira","status":"publish","type":"post","link":"https:\/\/abrelivros.org.br\/site\/evento-literario-comeca-nesta-quinta-feira\/","title":{"rendered":"Evento liter\u00e1rio come\u00e7a nesta quinta-feira"},"content":{"rendered":"<p>Contato do p\u00fablico-leitor com autores, editores, intelectuais e outros representantes da cadeia produtiva do livro e o fortalecimento dos empreendedores culturais como profissionais e gestores de seus neg\u00f3cios \u00e9 o que prop\u00f5e a Primavera dos Livros, que come\u00e7a nesta quinta-feira, dia 25, em S\u00e3o Paulo. &nbsp;<br \/> &nbsp;<br \/> At\u00e9 o pr\u00f3ximo domingo, 28 de setembro, a festa espera receber 30 mil visitantes no Centro Cultural S\u00e3o Paulo que poder\u00e3o participar de uma extensa programa\u00e7\u00e3o sobre diversidade \u00e9tnico-racial e cultural, atividades infantis com mais de 30 oficinas, lan\u00e7amentos de livros, saraus de poesia e palestras, al\u00e9m da cabine experimental para a grava\u00e7\u00e3o de poemas. &nbsp;<br \/> &nbsp;<br \/> Esta edi\u00e7\u00e3o de 2008 chega com o tema \u201cA cidade de todos os povos \u2013 S\u00e3o Paulo, viagens e migra\u00e7\u00f5es\u201d, tem entrada gratuita e receber\u00e1 o p\u00fablico entre \u00e0s 10h e 22h. A organiza\u00e7\u00e3o do evento fica por conta da Libre (Liga Brasileira de Editoras) e a programa\u00e7\u00e3o completa pode ser conferida no site da institui\u00e7\u00e3o.&nbsp;<br \/> &nbsp;<\/p>\n","protected":false},"excerpt":{"rendered":"<p>Contato do p\u00fablico-leitor com autores, editores, intelectuais e outros representantes da cadeia produtiva do livro e o fortalecimento dos empreendedores culturais como profissionais e gestores de seus neg\u00f3cios \u00e9 o que prop\u00f5e a Primavera dos Livros, que come\u00e7a nesta quinta-feira, dia 25, em S\u00e3o Paulo. &nbsp; &nbsp; At\u00e9 o pr\u00f3ximo domingo, 28 de setembro, a [&hellip;]<\/p>\n","protected":false},"author":1,"featured_media":0,"comment_status":"closed","ping_status":"closed","sticky":false,"template":"","format":"standard","meta":{"footnotes":"","_links_to":"","_links_to_target":""},"categories":[9],"tags":[],"class_list":["post-2420","post","type-post","status-publish","format-standard","hentry","category-noticias-da-imprensa"],"yoast_head":"<!-- This site is optimized with the Yoast SEO plugin v15.1 - https:\/\/yoast.com\/wordpress\/plugins\/seo\/ -->\n<title>Evento liter\u00e1rio come\u00e7a nesta quinta-feira &raquo; Abrelivros<\/title>\n<meta name=\"robots\" content=\"index, follow, max-snippet:-1, max-image-preview:large, max-video-preview:-1\" \/>\n<link rel=\"canonical\" href=\"https:\/\/abrelivros.org.br\/site\/evento-literario-comeca-nesta-quinta-feira\/\" \/>\n<meta property=\"og:locale\" content=\"pt_BR\" \/>\n<meta property=\"og:type\" content=\"article\" \/>\n<meta property=\"og:title\" content=\"Evento liter\u00e1rio come\u00e7a nesta quinta-feira &raquo; Abrelivros\" \/>\n<meta property=\"og:description\" content=\"Contato do p\u00fablico-leitor com autores, editores, intelectuais e outros representantes da cadeia produtiva do livro e o fortalecimento dos empreendedores culturais como profissionais e gestores de seus neg\u00f3cios \u00e9 o que prop\u00f5e a Primavera dos Livros, que come\u00e7a nesta quinta-feira, dia 25, em S\u00e3o Paulo. &nbsp; &nbsp; At\u00e9 o pr\u00f3ximo domingo, 28 de setembro, a [&hellip;]\" \/>\n<meta property=\"og:url\" content=\"https:\/\/abrelivros.org.br\/site\/evento-literario-comeca-nesta-quinta-feira\/\" \/>\n<meta property=\"og:site_name\" content=\"Abrelivros\" \/>\n<meta property=\"article:published_time\" content=\"2008-09-25T19:07:00+00:00\" \/>\n<meta name=\"twitter:card\" content=\"summary_large_image\" \/>\n<script type=\"application\/ld+json\" class=\"yoast-schema-graph\">{\"@context\":\"https:\/\/schema.org\",\"@graph\":[{\"@type\":\"WebSite\",\"@id\":\"https:\/\/abrelivros.org.br\/site\/#website\",\"url\":\"https:\/\/abrelivros.org.br\/site\/\",\"name\":\"Abrelivros\",\"description\":\"\",\"potentialAction\":[{\"@type\":\"SearchAction\",\"target\":\"https:\/\/abrelivros.org.br\/site\/?s={search_term_string}\",\"query-input\":\"required name=search_term_string\"}],\"inLanguage\":\"pt-BR\"},{\"@type\":\"WebPage\",\"@id\":\"https:\/\/abrelivros.org.br\/site\/evento-literario-comeca-nesta-quinta-feira\/#webpage\",\"url\":\"https:\/\/abrelivros.org.br\/site\/evento-literario-comeca-nesta-quinta-feira\/\",\"name\":\"Evento liter\\u00e1rio come\\u00e7a nesta quinta-feira &raquo; Abrelivros\",\"isPartOf\":{\"@id\":\"https:\/\/abrelivros.org.br\/site\/#website\"},\"datePublished\":\"2008-09-25T19:07:00+00:00\",\"dateModified\":\"2008-09-25T19:07:00+00:00\",\"author\":{\"@id\":\"https:\/\/abrelivros.org.br\/site\/#\/schema\/person\/2b867f13a717bb230f1a3555505f5593\"},\"breadcrumb\":{\"@id\":\"https:\/\/abrelivros.org.br\/site\/evento-literario-comeca-nesta-quinta-feira\/#breadcrumb\"},\"inLanguage\":\"pt-BR\",\"potentialAction\":[{\"@type\":\"ReadAction\",\"target\":[\"https:\/\/abrelivros.org.br\/site\/evento-literario-comeca-nesta-quinta-feira\/\"]}]},{\"@type\":\"BreadcrumbList\",\"@id\":\"https:\/\/abrelivros.org.br\/site\/evento-literario-comeca-nesta-quinta-feira\/#breadcrumb\",\"itemListElement\":[{\"@type\":\"ListItem\",\"position\":1,\"item\":{\"@type\":\"WebPage\",\"@id\":\"https:\/\/abrelivros.org.br\/site\/\",\"url\":\"https:\/\/abrelivros.org.br\/site\/\",\"name\":\"In\\u00edcio\"}},{\"@type\":\"ListItem\",\"position\":2,\"item\":{\"@type\":\"WebPage\",\"@id\":\"https:\/\/abrelivros.org.br\/site\/category\/noticias\/\",\"url\":\"https:\/\/abrelivros.org.br\/site\/category\/noticias\/\",\"name\":\"Not\\u00edcias\"}},{\"@type\":\"ListItem\",\"position\":3,\"item\":{\"@type\":\"WebPage\",\"@id\":\"https:\/\/abrelivros.org.br\/site\/category\/noticias\/noticias-da-imprensa\/\",\"url\":\"https:\/\/abrelivros.org.br\/site\/category\/noticias\/noticias-da-imprensa\/\",\"name\":\"Not\\u00edcias da imprensa\"}},{\"@type\":\"ListItem\",\"position\":4,\"item\":{\"@type\":\"WebPage\",\"@id\":\"https:\/\/abrelivros.org.br\/site\/evento-literario-comeca-nesta-quinta-feira\/\",\"url\":\"https:\/\/abrelivros.org.br\/site\/evento-literario-comeca-nesta-quinta-feira\/\",\"name\":\"Evento liter\\u00e1rio come\\u00e7a nesta quinta-feira\"}}]},{\"@type\":\"Person\",\"@id\":\"https:\/\/abrelivros.org.br\/site\/#\/schema\/person\/2b867f13a717bb230f1a3555505f5593\",\"name\":\"\\u00a0\",\"image\":{\"@type\":\"ImageObject\",\"@id\":\"https:\/\/abrelivros.org.br\/site\/#personlogo\",\"inLanguage\":\"pt-BR\",\"url\":\"https:\/\/secure.gravatar.com\/avatar\/e80b7f5231be2fff5040a8023da424898002831c5439420df182ae62676d2a6f?s=96&d=mm&r=g\",\"caption\":\"\\u00a0\"}}]}<\/script>\n<!-- \/ Yoast SEO plugin. -->","_links":{"self":[{"href":"https:\/\/abrelivros.org.br\/site\/wp-json\/wp\/v2\/posts\/2420","targetHints":{"allow":["GET"]}}],"collection":[{"href":"https:\/\/abrelivros.org.br\/site\/wp-json\/wp\/v2\/posts"}],"about":[{"href":"https:\/\/abrelivros.org.br\/site\/wp-json\/wp\/v2\/types\/post"}],"author":[{"embeddable":true,"href":"https:\/\/abrelivros.org.br\/site\/wp-json\/wp\/v2\/users\/1"}],"replies":[{"embeddable":true,"href":"https:\/\/abrelivros.org.br\/site\/wp-json\/wp\/v2\/comments?post=2420"}],"version-history":[{"count":0,"href":"https:\/\/abrelivros.org.br\/site\/wp-json\/wp\/v2\/posts\/2420\/revisions"}],"wp:attachment":[{"href":"https:\/\/abrelivros.org.br\/site\/wp-json\/wp\/v2\/media?parent=2420"}],"wp:term":[{"taxonomy":"category","embeddable":true,"href":"https:\/\/abrelivros.org.br\/site\/wp-json\/wp\/v2\/categories?post=2420"},{"taxonomy":"post_tag","embeddable":true,"href":"https:\/\/abrelivros.org.br\/site\/wp-json\/wp\/v2\/tags?post=2420"}],"curies":[{"name":"wp","href":"https:\/\/api.w.org\/{rel}","templated":true}]}}