{"id":2418,"date":"2008-09-25T17:25:00","date_gmt":"2008-09-25T20:25:00","guid":{"rendered":"https:\/\/abrelivros.org.br\/site\/2008\/09\/25\/na-zona-rural-23-da-populacao-com-mais-de-15-anos-e-analfabeta\/"},"modified":"2008-09-25T17:25:00","modified_gmt":"2008-09-25T20:25:00","slug":"na-zona-rural-23-da-populacao-com-mais-de-15-anos-e-analfabeta","status":"publish","type":"post","link":"https:\/\/abrelivros.org.br\/site\/na-zona-rural-23-da-populacao-com-mais-de-15-anos-e-analfabeta\/","title":{"rendered":"Na zona rural, 23% da popula\u00e7\u00e3o com mais de 15 anos \u00e9 analfabeta"},"content":{"rendered":"<p>Em tempos de adapta\u00e7\u00e3o de uma nova reforma ortogr\u00e1fica no pa\u00eds, o desafio de 23,3% da popula\u00e7\u00e3o da zona rural ainda est\u00e1 alguns passos atr\u00e1s: se familiarizar com as letras, em qualquer que seja sua gram\u00e1tica. &nbsp;<br \/> &nbsp;<br \/> Esse \u00e9 o contingente de pessoas do campo que t\u00eam mais de 15 anos de idade e s\u00e3o analfabetas, segundo os crit\u00e9rios do IBGE (Instituto Brasileiro de Geografia e Estat\u00edstica): n\u00e3o sabem ler nem escrever. Dados da Pnad 2007 (Pesquisa Nacional por Amostra de Domic\u00edlios), divulgada nesta quarta-feira (24), mostram que a educa\u00e7\u00e3o continua atolada nas estradas rurais. &nbsp;<br \/> &nbsp;<br \/> Apesar de o n\u00famero de desletrados ter reduzido expressivamente ao longo do tempo, um dado est\u00e1 estagnado h\u00e1 pelo menos dez anos: a taxa de analfabetismo no campo \u00e9 tr\u00eas vezes maior que na cidade. Se um em cada dez brasileiros com mais de 15 anos de idade ainda n\u00e3o sabe ler nem escrever, \u00e9 na zona rural que residem quase 65% desse p\u00fablico. &nbsp;<br \/> &nbsp;<br \/> Atualmente, o \u00edndice de analfabetismo urbano \u00e9 de 7,6%, enquanto 23,3% das pessoas da zona rural n\u00e3o t\u00eam instru\u00e7\u00e3o. Em  1997, a taxa era de 10,7% na cidade e de 32% no campo. &nbsp;<br \/> &nbsp;<br \/> Os recorrentes problemas de falta de professores, de transporte e de material did\u00e1tico adequado, al\u00e9m da infra-estrutura prec\u00e1ria, limitam o acesso dos jovens do campo \u00e0 educa\u00e7\u00e3o e ajudam a aumentar o \u00edndice dos analfabetos funcionais, aqueles que t\u00eam menos de quatro anos de estudos. S\u00e3o cerca de 30 milh\u00f5es de pessoas no pa\u00eds, o que representa 21,7% da popula\u00e7\u00e3o. &nbsp;<br \/> &nbsp;<br \/> A taxa para o setor rural, 42,9%, \u00e9 mais do que o dobro da mesma apurada para o setor urbano, 17,8%. O Nordeste se sobressai com o maior \u00edndice, 33,5% (53,2% no meio rural), resultado ainda hoje maior do que as taxas das regi\u00f5es Sul e Sudeste, em 1997, com cerca de 24%. Para balizar a qualidade de aprendizagem dos alunos em todo o sistema educacional brasileiro, o MEC (Minist\u00e9rio da Educa\u00e7\u00e3o) aposta no Ideb (\u00cdndice de Desenvolvimento da Educa\u00e7\u00e3o B\u00e1sica), indicador   criado para orientar o direcionamento de verbas da \u00e1rea. No entanto, a avalia\u00e7\u00e3o deixa de fora turmas de 4\u00aa e 8\u00aa s\u00e9ries de 88 mil escolas rurais (45% do total). &nbsp;<br \/> &nbsp;<br \/> Em entrevista \u00e0 revista Nova Escola, na edi\u00e7\u00e3o de agosto, a diretora de Estat\u00edsticas da Educa\u00e7\u00e3o B\u00e1sica do Inep (Instituto Nacional de Estudos e Pesquisas Educacionais), Maria In\u00eas Pestana, admitiu que essa exclus\u00e3o do c\u00e1lculo pode gerar uma distor\u00e7\u00e3o nos munic\u00edpios que possuem mais matr\u00edculas e escolas na zona rural que na urbana. &nbsp;<br \/> &nbsp;<br \/> \u201cO Ideb n\u00e3o \u00e9 um indicador completo. Ele tem uma boa cobertura m\u00e9dia, mas pode ter distor\u00e7\u00f5es nas \u00e1reas com grande concentra\u00e7\u00e3o rural, sobretudo para as s\u00e9ries iniciais do fundamental\u201c, disse \u00e0 revista. &nbsp;<br \/> &nbsp;<br \/> Segundo dados do Panorama da Educa\u00e7\u00e3o do Campo, mais de 70% dos alunos do campo est\u00e3o nas s\u00e9ries iniciais do fundamental. Apesar de admitir o problema, de afirmar que ele precisa ser corrigido e que j\u00e1 h\u00e1 solu\u00e7\u00f5es em estudo, o MEC n\u00e3o tem data definida para incluir as escolas rurais na Prova Brasil. &nbsp;<br \/> &nbsp;<\/p>\n","protected":false},"excerpt":{"rendered":"<p>Em tempos de adapta\u00e7\u00e3o de uma nova reforma ortogr\u00e1fica no pa\u00eds, o desafio de 23,3% da popula\u00e7\u00e3o da zona rural ainda est\u00e1 alguns passos atr\u00e1s: se familiarizar com as letras, em qualquer que seja sua gram\u00e1tica. &nbsp; &nbsp; Esse \u00e9 o contingente de pessoas do campo que t\u00eam mais de 15 anos de idade e [&hellip;]<\/p>\n","protected":false},"author":1,"featured_media":0,"comment_status":"closed","ping_status":"closed","sticky":false,"template":"","format":"standard","meta":{"footnotes":"","_links_to":"","_links_to_target":""},"categories":[9],"tags":[],"class_list":["post-2418","post","type-post","status-publish","format-standard","hentry","category-noticias-da-imprensa"],"yoast_head":"<!-- This site is optimized with the Yoast SEO plugin v15.1 - https:\/\/yoast.com\/wordpress\/plugins\/seo\/ -->\n<title>Na zona rural, 23% da popula\u00e7\u00e3o com mais de 15 anos \u00e9 analfabeta &raquo; Abrelivros<\/title>\n<meta name=\"robots\" content=\"index, follow, max-snippet:-1, max-image-preview:large, max-video-preview:-1\" \/>\n<link rel=\"canonical\" href=\"https:\/\/abrelivros.org.br\/site\/na-zona-rural-23-da-populacao-com-mais-de-15-anos-e-analfabeta\/\" \/>\n<meta property=\"og:locale\" content=\"pt_BR\" \/>\n<meta property=\"og:type\" content=\"article\" \/>\n<meta property=\"og:title\" content=\"Na zona rural, 23% da popula\u00e7\u00e3o com mais de 15 anos \u00e9 analfabeta &raquo; Abrelivros\" \/>\n<meta property=\"og:description\" content=\"Em tempos de adapta\u00e7\u00e3o de uma nova reforma ortogr\u00e1fica no pa\u00eds, o desafio de 23,3% da popula\u00e7\u00e3o da zona rural ainda est\u00e1 alguns passos atr\u00e1s: se familiarizar com as letras, em qualquer que seja sua gram\u00e1tica. &nbsp; &nbsp; Esse \u00e9 o contingente de pessoas do campo que t\u00eam mais de 15 anos de idade e [&hellip;]\" \/>\n<meta property=\"og:url\" content=\"https:\/\/abrelivros.org.br\/site\/na-zona-rural-23-da-populacao-com-mais-de-15-anos-e-analfabeta\/\" \/>\n<meta property=\"og:site_name\" content=\"Abrelivros\" \/>\n<meta property=\"article:published_time\" content=\"2008-09-25T20:25:00+00:00\" \/>\n<meta name=\"twitter:card\" content=\"summary_large_image\" \/>\n<script type=\"application\/ld+json\" class=\"yoast-schema-graph\">{\"@context\":\"https:\/\/schema.org\",\"@graph\":[{\"@type\":\"WebSite\",\"@id\":\"https:\/\/abrelivros.org.br\/site\/#website\",\"url\":\"https:\/\/abrelivros.org.br\/site\/\",\"name\":\"Abrelivros\",\"description\":\"\",\"potentialAction\":[{\"@type\":\"SearchAction\",\"target\":\"https:\/\/abrelivros.org.br\/site\/?s={search_term_string}\",\"query-input\":\"required name=search_term_string\"}],\"inLanguage\":\"pt-BR\"},{\"@type\":\"WebPage\",\"@id\":\"https:\/\/abrelivros.org.br\/site\/na-zona-rural-23-da-populacao-com-mais-de-15-anos-e-analfabeta\/#webpage\",\"url\":\"https:\/\/abrelivros.org.br\/site\/na-zona-rural-23-da-populacao-com-mais-de-15-anos-e-analfabeta\/\",\"name\":\"Na zona rural, 23% da popula\\u00e7\\u00e3o com mais de 15 anos \\u00e9 analfabeta &raquo; Abrelivros\",\"isPartOf\":{\"@id\":\"https:\/\/abrelivros.org.br\/site\/#website\"},\"datePublished\":\"2008-09-25T20:25:00+00:00\",\"dateModified\":\"2008-09-25T20:25:00+00:00\",\"author\":{\"@id\":\"https:\/\/abrelivros.org.br\/site\/#\/schema\/person\/2b867f13a717bb230f1a3555505f5593\"},\"breadcrumb\":{\"@id\":\"https:\/\/abrelivros.org.br\/site\/na-zona-rural-23-da-populacao-com-mais-de-15-anos-e-analfabeta\/#breadcrumb\"},\"inLanguage\":\"pt-BR\",\"potentialAction\":[{\"@type\":\"ReadAction\",\"target\":[\"https:\/\/abrelivros.org.br\/site\/na-zona-rural-23-da-populacao-com-mais-de-15-anos-e-analfabeta\/\"]}]},{\"@type\":\"BreadcrumbList\",\"@id\":\"https:\/\/abrelivros.org.br\/site\/na-zona-rural-23-da-populacao-com-mais-de-15-anos-e-analfabeta\/#breadcrumb\",\"itemListElement\":[{\"@type\":\"ListItem\",\"position\":1,\"item\":{\"@type\":\"WebPage\",\"@id\":\"https:\/\/abrelivros.org.br\/site\/\",\"url\":\"https:\/\/abrelivros.org.br\/site\/\",\"name\":\"In\\u00edcio\"}},{\"@type\":\"ListItem\",\"position\":2,\"item\":{\"@type\":\"WebPage\",\"@id\":\"https:\/\/abrelivros.org.br\/site\/category\/noticias\/\",\"url\":\"https:\/\/abrelivros.org.br\/site\/category\/noticias\/\",\"name\":\"Not\\u00edcias\"}},{\"@type\":\"ListItem\",\"position\":3,\"item\":{\"@type\":\"WebPage\",\"@id\":\"https:\/\/abrelivros.org.br\/site\/category\/noticias\/noticias-da-imprensa\/\",\"url\":\"https:\/\/abrelivros.org.br\/site\/category\/noticias\/noticias-da-imprensa\/\",\"name\":\"Not\\u00edcias da imprensa\"}},{\"@type\":\"ListItem\",\"position\":4,\"item\":{\"@type\":\"WebPage\",\"@id\":\"https:\/\/abrelivros.org.br\/site\/na-zona-rural-23-da-populacao-com-mais-de-15-anos-e-analfabeta\/\",\"url\":\"https:\/\/abrelivros.org.br\/site\/na-zona-rural-23-da-populacao-com-mais-de-15-anos-e-analfabeta\/\",\"name\":\"Na zona rural, 23% da popula\\u00e7\\u00e3o com mais de 15 anos \\u00e9 analfabeta\"}}]},{\"@type\":\"Person\",\"@id\":\"https:\/\/abrelivros.org.br\/site\/#\/schema\/person\/2b867f13a717bb230f1a3555505f5593\",\"name\":\"\\u00a0\",\"image\":{\"@type\":\"ImageObject\",\"@id\":\"https:\/\/abrelivros.org.br\/site\/#personlogo\",\"inLanguage\":\"pt-BR\",\"url\":\"https:\/\/secure.gravatar.com\/avatar\/e80b7f5231be2fff5040a8023da424898002831c5439420df182ae62676d2a6f?s=96&d=mm&r=g\",\"caption\":\"\\u00a0\"}}]}<\/script>\n<!-- \/ Yoast SEO plugin. -->","_links":{"self":[{"href":"https:\/\/abrelivros.org.br\/site\/wp-json\/wp\/v2\/posts\/2418","targetHints":{"allow":["GET"]}}],"collection":[{"href":"https:\/\/abrelivros.org.br\/site\/wp-json\/wp\/v2\/posts"}],"about":[{"href":"https:\/\/abrelivros.org.br\/site\/wp-json\/wp\/v2\/types\/post"}],"author":[{"embeddable":true,"href":"https:\/\/abrelivros.org.br\/site\/wp-json\/wp\/v2\/users\/1"}],"replies":[{"embeddable":true,"href":"https:\/\/abrelivros.org.br\/site\/wp-json\/wp\/v2\/comments?post=2418"}],"version-history":[{"count":0,"href":"https:\/\/abrelivros.org.br\/site\/wp-json\/wp\/v2\/posts\/2418\/revisions"}],"wp:attachment":[{"href":"https:\/\/abrelivros.org.br\/site\/wp-json\/wp\/v2\/media?parent=2418"}],"wp:term":[{"taxonomy":"category","embeddable":true,"href":"https:\/\/abrelivros.org.br\/site\/wp-json\/wp\/v2\/categories?post=2418"},{"taxonomy":"post_tag","embeddable":true,"href":"https:\/\/abrelivros.org.br\/site\/wp-json\/wp\/v2\/tags?post=2418"}],"curies":[{"name":"wp","href":"https:\/\/api.w.org\/{rel}","templated":true}]}}