{"id":2417,"date":"2008-09-26T13:51:00","date_gmt":"2008-09-26T16:51:00","guid":{"rendered":"https:\/\/abrelivros.org.br\/site\/2008\/09\/26\/usp-lanca-programa-de-pre-iniciacao-cientifica\/"},"modified":"2008-09-26T13:51:00","modified_gmt":"2008-09-26T16:51:00","slug":"usp-lanca-programa-de-pre-iniciacao-cientifica","status":"publish","type":"post","link":"https:\/\/abrelivros.org.br\/site\/usp-lanca-programa-de-pre-iniciacao-cientifica\/","title":{"rendered":"USP lan\u00e7a Programa de Pr\u00e9-Inicia\u00e7\u00e3o Cient\u00edfica"},"content":{"rendered":"<p>O Programa de Pr\u00e9-Inicia\u00e7\u00e3o Cient\u00edfica da Universidade de S\u00e3o Paulo (USP), uma iniciativa da Pr\u00f3-Reitoria de Pesquisa da universidade que conta com apoio da Secretaria Estadual de Educa\u00e7\u00e3o, ser\u00e1 lan\u00e7ado nesta sexta-feira (26\/9), \u00e0s 14 horas, em cerim\u00f4nia no audit\u00f3rio da Faculdade de Economia, Administra\u00e7\u00e3o e Contabilidade da universidade.\u00a0<br \/> \u00a0<br \/> A proposta do programa \u00e9 oferecer a alunos de escolas p\u00fablicas do primeiro e do segundo ano do ensino m\u00e9dio, com idade entre 15 e 18 anos, a oportunidade de entrar em contato, nos laborat\u00f3rios e junto a grupos de pesquisa da USP, com procedimentos e metodologias adotadas em estudos cient\u00edficos de diversas \u00e1reas do conhecimento.\u00a0<br \/> \u00a0<br \/> O programa ter\u00e1 in\u00edcio no dia 6 de outubro, quando 380 alunos dedicar\u00e3o oito horas semanais, durante o per\u00edodo letivo, para o desenvolvimento de atividades cient\u00edficas. Nas f\u00e9rias e em per\u00edodos de recesso escolar os trabalhos ter\u00e3o continuidade com 16 horas por semana.\u00a0<br \/> \u00a0<br \/> A sele\u00e7\u00e3o dos alunos foi realizada pela Secretaria Estadual de Educa\u00e7\u00e3o, que teve como crit\u00e9rio o desempenho escolar dos estudantes. Eles receber\u00e3o uma bolsa de estudo de R$ 150 mensais durante um ano e dever\u00e3o atuar em 160 projetos de pesquisa de 35 unidades da USP, nas cidades de S\u00e3o Paulo, Lorena, Bauru, Piracicaba, Pirassununga, Ribeir\u00e3o Preto e S\u00e3o Carlos.\u00a0<br \/> \u00a0<br \/> Os trabalhos ser\u00e3o supervisionados por mais de 260 pesquisadores da USP e mais de 60 professores de suas escolas de origem, sendo que estes \u00faltimos tamb\u00e9m receber\u00e3o uma bolsa no valor de R$ 150 mensais.\u00a0<br \/> \u00a0<br \/> Mais informa\u00e7\u00f5es sobre o programa: <a href=mailto:bombonat@usp.br>bombonat@usp.br<\/a><\/p>\n<p><\/p>\n","protected":false},"excerpt":{"rendered":"<p>O Programa de Pr\u00e9-Inicia\u00e7\u00e3o Cient\u00edfica da Universidade de S\u00e3o Paulo (USP), uma iniciativa da Pr\u00f3-Reitoria de Pesquisa da universidade que conta com apoio da Secretaria Estadual de Educa\u00e7\u00e3o, ser\u00e1 lan\u00e7ado nesta sexta-feira (26\/9), \u00e0s 14 horas, em cerim\u00f4nia no audit\u00f3rio da Faculdade de Economia, Administra\u00e7\u00e3o e Contabilidade da universidade.\u00a0 \u00a0 A proposta do programa \u00e9 [&hellip;]<\/p>\n","protected":false},"author":1,"featured_media":0,"comment_status":"closed","ping_status":"closed","sticky":false,"template":"","format":"standard","meta":{"footnotes":"","_links_to":"","_links_to_target":""},"categories":[9],"tags":[],"class_list":["post-2417","post","type-post","status-publish","format-standard","hentry","category-noticias-da-imprensa"],"yoast_head":"<!-- This site is optimized with the Yoast SEO plugin v15.1 - https:\/\/yoast.com\/wordpress\/plugins\/seo\/ -->\n<title>USP lan\u00e7a Programa de Pr\u00e9-Inicia\u00e7\u00e3o Cient\u00edfica &raquo; Abrelivros<\/title>\n<meta name=\"robots\" content=\"index, follow, max-snippet:-1, max-image-preview:large, max-video-preview:-1\" \/>\n<link rel=\"canonical\" href=\"https:\/\/abrelivros.org.br\/site\/usp-lanca-programa-de-pre-iniciacao-cientifica\/\" \/>\n<meta property=\"og:locale\" content=\"pt_BR\" \/>\n<meta property=\"og:type\" content=\"article\" \/>\n<meta property=\"og:title\" content=\"USP lan\u00e7a Programa de Pr\u00e9-Inicia\u00e7\u00e3o Cient\u00edfica &raquo; Abrelivros\" \/>\n<meta property=\"og:description\" content=\"O Programa de Pr\u00e9-Inicia\u00e7\u00e3o Cient\u00edfica da Universidade de S\u00e3o Paulo (USP), uma iniciativa da Pr\u00f3-Reitoria de Pesquisa da universidade que conta com apoio da Secretaria Estadual de Educa\u00e7\u00e3o, ser\u00e1 lan\u00e7ado nesta sexta-feira (26\/9), \u00e0s 14 horas, em cerim\u00f4nia no audit\u00f3rio da Faculdade de Economia, Administra\u00e7\u00e3o e Contabilidade da universidade.\u00a0 \u00a0 A proposta do programa \u00e9 [&hellip;]\" \/>\n<meta property=\"og:url\" content=\"https:\/\/abrelivros.org.br\/site\/usp-lanca-programa-de-pre-iniciacao-cientifica\/\" \/>\n<meta property=\"og:site_name\" content=\"Abrelivros\" \/>\n<meta property=\"article:published_time\" content=\"2008-09-26T16:51:00+00:00\" \/>\n<meta name=\"twitter:card\" content=\"summary_large_image\" \/>\n<script type=\"application\/ld+json\" class=\"yoast-schema-graph\">{\"@context\":\"https:\/\/schema.org\",\"@graph\":[{\"@type\":\"WebSite\",\"@id\":\"https:\/\/abrelivros.org.br\/site\/#website\",\"url\":\"https:\/\/abrelivros.org.br\/site\/\",\"name\":\"Abrelivros\",\"description\":\"\",\"potentialAction\":[{\"@type\":\"SearchAction\",\"target\":\"https:\/\/abrelivros.org.br\/site\/?s={search_term_string}\",\"query-input\":\"required name=search_term_string\"}],\"inLanguage\":\"pt-BR\"},{\"@type\":\"WebPage\",\"@id\":\"https:\/\/abrelivros.org.br\/site\/usp-lanca-programa-de-pre-iniciacao-cientifica\/#webpage\",\"url\":\"https:\/\/abrelivros.org.br\/site\/usp-lanca-programa-de-pre-iniciacao-cientifica\/\",\"name\":\"USP lan\\u00e7a Programa de Pr\\u00e9-Inicia\\u00e7\\u00e3o Cient\\u00edfica &raquo; Abrelivros\",\"isPartOf\":{\"@id\":\"https:\/\/abrelivros.org.br\/site\/#website\"},\"datePublished\":\"2008-09-26T16:51:00+00:00\",\"dateModified\":\"2008-09-26T16:51:00+00:00\",\"author\":{\"@id\":\"https:\/\/abrelivros.org.br\/site\/#\/schema\/person\/2b867f13a717bb230f1a3555505f5593\"},\"breadcrumb\":{\"@id\":\"https:\/\/abrelivros.org.br\/site\/usp-lanca-programa-de-pre-iniciacao-cientifica\/#breadcrumb\"},\"inLanguage\":\"pt-BR\",\"potentialAction\":[{\"@type\":\"ReadAction\",\"target\":[\"https:\/\/abrelivros.org.br\/site\/usp-lanca-programa-de-pre-iniciacao-cientifica\/\"]}]},{\"@type\":\"BreadcrumbList\",\"@id\":\"https:\/\/abrelivros.org.br\/site\/usp-lanca-programa-de-pre-iniciacao-cientifica\/#breadcrumb\",\"itemListElement\":[{\"@type\":\"ListItem\",\"position\":1,\"item\":{\"@type\":\"WebPage\",\"@id\":\"https:\/\/abrelivros.org.br\/site\/\",\"url\":\"https:\/\/abrelivros.org.br\/site\/\",\"name\":\"In\\u00edcio\"}},{\"@type\":\"ListItem\",\"position\":2,\"item\":{\"@type\":\"WebPage\",\"@id\":\"https:\/\/abrelivros.org.br\/site\/category\/noticias\/\",\"url\":\"https:\/\/abrelivros.org.br\/site\/category\/noticias\/\",\"name\":\"Not\\u00edcias\"}},{\"@type\":\"ListItem\",\"position\":3,\"item\":{\"@type\":\"WebPage\",\"@id\":\"https:\/\/abrelivros.org.br\/site\/category\/noticias\/noticias-da-imprensa\/\",\"url\":\"https:\/\/abrelivros.org.br\/site\/category\/noticias\/noticias-da-imprensa\/\",\"name\":\"Not\\u00edcias da imprensa\"}},{\"@type\":\"ListItem\",\"position\":4,\"item\":{\"@type\":\"WebPage\",\"@id\":\"https:\/\/abrelivros.org.br\/site\/usp-lanca-programa-de-pre-iniciacao-cientifica\/\",\"url\":\"https:\/\/abrelivros.org.br\/site\/usp-lanca-programa-de-pre-iniciacao-cientifica\/\",\"name\":\"USP lan\\u00e7a Programa de Pr\\u00e9-Inicia\\u00e7\\u00e3o Cient\\u00edfica\"}}]},{\"@type\":\"Person\",\"@id\":\"https:\/\/abrelivros.org.br\/site\/#\/schema\/person\/2b867f13a717bb230f1a3555505f5593\",\"name\":\"\\u00a0\",\"image\":{\"@type\":\"ImageObject\",\"@id\":\"https:\/\/abrelivros.org.br\/site\/#personlogo\",\"inLanguage\":\"pt-BR\",\"url\":\"https:\/\/secure.gravatar.com\/avatar\/e80b7f5231be2fff5040a8023da424898002831c5439420df182ae62676d2a6f?s=96&d=mm&r=g\",\"caption\":\"\\u00a0\"}}]}<\/script>\n<!-- \/ Yoast SEO plugin. -->","_links":{"self":[{"href":"https:\/\/abrelivros.org.br\/site\/wp-json\/wp\/v2\/posts\/2417","targetHints":{"allow":["GET"]}}],"collection":[{"href":"https:\/\/abrelivros.org.br\/site\/wp-json\/wp\/v2\/posts"}],"about":[{"href":"https:\/\/abrelivros.org.br\/site\/wp-json\/wp\/v2\/types\/post"}],"author":[{"embeddable":true,"href":"https:\/\/abrelivros.org.br\/site\/wp-json\/wp\/v2\/users\/1"}],"replies":[{"embeddable":true,"href":"https:\/\/abrelivros.org.br\/site\/wp-json\/wp\/v2\/comments?post=2417"}],"version-history":[{"count":0,"href":"https:\/\/abrelivros.org.br\/site\/wp-json\/wp\/v2\/posts\/2417\/revisions"}],"wp:attachment":[{"href":"https:\/\/abrelivros.org.br\/site\/wp-json\/wp\/v2\/media?parent=2417"}],"wp:term":[{"taxonomy":"category","embeddable":true,"href":"https:\/\/abrelivros.org.br\/site\/wp-json\/wp\/v2\/categories?post=2417"},{"taxonomy":"post_tag","embeddable":true,"href":"https:\/\/abrelivros.org.br\/site\/wp-json\/wp\/v2\/tags?post=2417"}],"curies":[{"name":"wp","href":"https:\/\/api.w.org\/{rel}","templated":true}]}}