{"id":2414,"date":"2008-09-30T11:05:00","date_gmt":"2008-09-30T14:05:00","guid":{"rendered":"https:\/\/abrelivros.org.br\/site\/2008\/09\/30\/lula-sanciona-o-novo-acordo-ortografico\/"},"modified":"2008-09-30T11:05:00","modified_gmt":"2008-09-30T14:05:00","slug":"lula-sanciona-o-novo-acordo-ortografico","status":"publish","type":"post","link":"https:\/\/abrelivros.org.br\/site\/lula-sanciona-o-novo-acordo-ortografico\/","title":{"rendered":"Lula sanciona o novo acordo ortogr\u00e1fico"},"content":{"rendered":"<p>O presidente Luiz In\u00e1cio Lula da Silva sancionou ontem, na ABL (Academia Brasileira de Letras), no Rio, o Acordo Ortogr\u00e1fico da L\u00edngua Portuguesa, que mudar\u00e1 a grafia de cerca de 0,5% das nossas palavras. O fim do trema, do acento agudo em ditongos abertos (\u201cid\u00e9ia\u201c ser\u00e1 \u201cideia\u201c) e do acento circunflexo com duplos \u201ce\u201c e \u201co\u201c (\u201cv\u00f4o\u201c ser\u00e1 \u201cvoo\u201c), entre outras mudan\u00e7as, ocorrer\u00e1 gradativamente de 1\u00ba de janeiro do pr\u00f3ximo ano at\u00e9 2012.  <\/p>\n<p> Previsto desde 1990, mas n\u00e3o-ratificado pelos Congressos de todos os pa\u00edses, o acordo ganhou um protocolo modificativo nessa d\u00e9cada. Ele foi aprovado por Cabo Verde, S\u00e3o Tom\u00e9 e Pr\u00edncipe, Timor Leste e, em 2002, pelo Brasil. Em maio de 2008, Portugal concordou com as bases do acordo. Lula classificou o acordo como um \u201creencontro do Brasil consigo mesmo\u201c e disse que a import\u00e2ncia da medida \u201c\u00e9 maior do que pode parecer \u00e0 primeira vista\u201c, pois tem \u201cpertin\u00eancia e, sobretudo, significado estrat\u00e9gico no que diz respeito \u00e0 coopera\u00e7\u00e3o entre os pa\u00edses lus\u00f3fonos\u201c.  <\/p>\n<p> Para o presidente, o acordo propicia \u201cum novo impulso\u201c ao \u201cinterc\u00e2mbio Brasil-Portugal\u201c e \u201co imprescind\u00edvel resgate\u201c dos \u201cla\u00e7os substantivos com a \u00c1frica, em particular a \u00c1frica de l\u00edngua portuguesa\u201c. \u201cPara n\u00f3s, representa mais, muito mais que uma prioridade geopol\u00edtica. Diz respeito \u00e0 nossa alma, diz respeito \u00e0 nossa identidade como na\u00e7\u00e3o multi-\u00e9tnica e multicultural, ao pr\u00f3prio destino da civiliza\u00e7\u00e3o brasileira\u201c, discursou Lula, sem dar espa\u00e7o aos improvisos que costumam caracterizar seus pronunciamentos p\u00fablicos.  <\/p>\n<p> Colunista da Folha e escritor, o acad\u00eamico Carlos Heitor Cony, presente \u00e0 solenidade, \u00e9 um dos poucos integrantes da Academia a discordar de Lula quanto \u00e0 import\u00e2ncia do novo acordo. \u201cPara mim, realmente, acho absolutamente in\u00fatil e improdutivo. (&#8230;) Portugal jamais vai se submeter, a Portugal metr\u00f3pole, a certas coisas.\u201c <\/p>\n<p><B> Machado <\/p>\n<p><\/B> No encerramento de seu discurso, Lula citou trecho de texto em que o escritor Machado de Assis (1839-1908), cujo centen\u00e1rio de morte ocorreu ontem, afirma que \u201cum governo\u201c e \u201cuma revolu\u00e7\u00e3o\u201c se fazem com palavras e id\u00e9ias. \u201cDisse Machado de Assis: \u201cPalavra puxa palavra, uma id\u00e9ia traz outra. E assim se faz um livro, um governo ou uma revolu\u00e7\u00e3o\u201c. Fa\u00e7amos juntos a revolu\u00e7\u00e3o do livro e da leitura em nosso pa\u00eds\u201c, disse Lula na cerim\u00f4nia, em que tamb\u00e9m foram homenageados os cem anos da morte do escritor, fundador e primeiro presidente da ABL e, para Lula, \u201cinsuper\u00e1vel\u201c na literatura brasileira.  <\/p>\n<p> Para uma plat\u00e9ia de acad\u00eamicos e intelectuais, Lula prometeu inaugurar at\u00e9 o fim de 2009 ao menos uma biblioteca p\u00fablica em todos as cidades do pa\u00eds.  <\/p>\n<p> Ao falar sobre Machado, a quem se referiu como o \u201cgenial bruxo do Cosme Velho [bairro na zona sul do Rio, onde o escritor morou]\u201c, Lula destacou a origem do escritor, \u201cmulato\u201c, \u201cfilho de lavadeira\u201c, \u201cneto de escravos alforriados\u201c e que \u201ccome\u00e7ou muito cedo a trabalhar\u201c. \u201cMachado venceu pelo seu pr\u00f3prio talento individual. Mas quantos outros g\u00eanios da ra\u00e7a foram impedidos de surgir e de se desenvolver?\u201c, perguntou o presidente.  <\/p>\n<p> Na chegada de Lula, cerca de cem servidores da Justi\u00e7a do Estado do Rio protestaram contra o governador S\u00e9rgio Cabral (PMDB), cobrando reajuste salarial de 7,3%. A categoria est\u00e1 em greve h\u00e1 sete dias.  <\/p>\n<p><B> Consulta p\u00fablica sobre nova ortografia recebeu s\u00f3 12 e-mails<br \/><\/B> Folha de S\u00e3o Paulo &#8211; Ricardo Westin <\/p>\n<p> Antes de elaborar o decreto que foi assinado ontem pelo presidente Luiz In\u00e1cio Lula da Silva, o MEC (Minist\u00e9rio da Educa\u00e7\u00e3o) realizou uma consulta p\u00fablica para que os brasileiros fizessem sugest\u00f5es de como a nova ortografia deveria ser posta em pr\u00e1tica. Ao longo das tr\u00eas semanas da consulta, chegaram ao governo apenas 12 mensagens. Nenhuma delas foi aproveitada. <\/p>\n<p> O MEC recebeu as contribui\u00e7\u00f5es no m\u00eas passado, pelo e-mail acordoortografico@ mec.gov.br. A consulta p\u00fablica havia sido noticiada em todo o pa\u00eds por sites e jornais. <br \/> A n\u00e3o ser por F.G. (o MEC forneceu \u00e0 Folha apenas as iniciais dos nomes), que sugeriu que o \u201csenhor ministro da Educa\u00e7\u00e3o\u201c fizesse um \u201cpronunciamento \u00e0 na\u00e7\u00e3o sobre as mudan\u00e7as\u201c, as mensagens simplesmente n\u00e3o trataram da implementa\u00e7\u00e3o das novas regras. <\/p>\n<p> V.R. questionou sobre a exist\u00eancia do h\u00edfen em \u201cafrodescendente\u201c e \u201cafro-brasileiro\u201c. E.B. solicitou uma c\u00f3pia das novas regras \u201cem PowerPoint\u201c. <br \/> A maioria dos participantes pediu mudan\u00e7as no acordo. L.K. se queixou do \u201cabuso na elimina\u00e7\u00e3o dos acentos\u201c. Para ele, \u201cdar um ar ingl\u00eas ao portugu\u00eas n\u00e3o ajuda a difundir\u201c o idioma. R.M. n\u00e3o gostou de saber que ainda haver\u00e1 grafias diferentes em Portugal e no Brasil -isso, na opini\u00e3o dele, \u201cgera transtornos\u201c. <\/p>\n<p> D.T. foi ainda mais longe e sugeriu que o portugu\u00eas seja escrito tal como \u00e9 pronunciado. Ele deu exemplos: \u201ccaza\u201c em vez de \u201ccasa\u201c, \u201cxave\u201c no lugar de \u201cchave\u201c e \u201cteliado\u201c em vez de \u201ctelhado\u201c. \u201cAs regras da l\u00edngua portuguesa s\u00e3o exageradas. Se escrev\u00eassemos como falamos, facilitaria a vida de todo mundo\u201c, argumentou. <\/p>\n<p> As sugest\u00f5es n\u00e3o foram acatadas. \u201cO conte\u00fado vem de um acordo internacional, que j\u00e1 havia sido aprovado na C\u00e2mara dos Deputados e no Senado [o decreto legislativo \u00e9 de 1995]. N\u00e3o d\u00e1 para mudar\u201c, explica Godofredo de Oliveira Neto, presidente, no MEC, da Comiss\u00e3o de L\u00edngua Portuguesa. <\/p>\n<p> O envolvimento dos brasileiros contrasta com as rea\u00e7\u00f5es que pipocaram em Portugal, onde calorosos debates nos meios de comunica\u00e7\u00e3o e abaixo-assinados contra as mudan\u00e7as mantiveram o tema sempre em evid\u00eancia. <\/p>\n<p> \u201cOs portugueses reagiram t\u00e3o fortemente por entender que o acordo seria uma concess\u00e3o ao Brasil, uma perda pol\u00edtica e cultural. Aqui, n\u00e3o houve esse sentimento. Al\u00e9m disso, convenhamos, o acordo altera t\u00e3o pouca coisa para n\u00f3s&#8230;\u201c, diz o professor de l\u00edngua portuguesa Carlos Alberto Faraco, da UFPR (Universidade Federal do Paran\u00e1). <\/p>\n<p><B> Ado\u00e7\u00e3o total da regra ter\u00e1 4 anos de transi\u00e7\u00e3o<br \/><\/B> Folha de S\u00e3o Paulo <\/p>\n<p> O Novo Acordo Ortogr\u00e1fico da L\u00edngua Portuguesa entrar\u00e1 em vigor em 1\u00ba de janeiro, mas n\u00e3o de forma obrigat\u00f3ria, ao menos nos primeiros quatro anos. <br \/> De acordo com o decreto assinado pelo presidente Lula, at\u00e9 31 de dezembro de 2012 o modo com que se escreve hoje ser\u00e1 considerado correto e admitido em vestibulares, concursos p\u00fablicos, provas escolares, livros e \u00f3rg\u00e3os de imprensa, por exemplo. <\/p>\n<p> H\u00e1, por\u00e9m, uma exce\u00e7\u00e3o. Para as editoras de livros usados em escolas p\u00fablicas, o prazo ser\u00e1 menor. Em 2010, todos os livros adquiridos pelo governo ter\u00e3o de ser escritos com a nova grafia. <\/p>\n<p> As novas regras -que foram firmadas em 1990- ser\u00e3o aceitas em todos os pa\u00edses da CPLP (Comunidade dos Pa\u00edses de L\u00edngua Portuguesa): Angola, Brasil, Cabo Verde, Guin\u00e9-Bissau, Mo\u00e7ambique, Portugal, S\u00e3o Tom\u00e9 e Pr\u00edncipe e Timor Leste. <\/p>\n<p> O Brasil ser\u00e1 o primeiro a implement\u00e1-las oficialmente. Com o acordo, o alfabeto passa a ter 26 letras, com a inclus\u00e3o de \u201ck\u201c, \u201cy\u201c e \u201cw\u201c, cujo uso fica restrito a palavras de origem estrangeira e seus derivados, como \u201ckafkiano\u201c. <\/p>\n<p><B> A FAVOR: Medidas s\u00e3o boas e v\u00e3o facilitar a escrita, afirma co-autor do dicion\u00e1rio \u201cHouaiss\u201c <br \/><\/B> Folha de S\u00e3o Paulo <\/p>\n<p> Co-autor do renomado \u201cDicion\u00e1rio Houaiss da L\u00edngua Portuguesa\u201c, o lexic\u00f3grafo (autor de dicion\u00e1rio) Mauro Villar diz que as mudan\u00e7as previstas no acordo ortogr\u00e1fico s\u00e3o \u201cboas para a l\u00edngua\u201c portuguesa. \u201c\u00c9 preciso que [Brasil e Portugal] nos aproximemos na escrita e funcionemos como um bloco. A l\u00edngua s\u00f3 \u00e9 forte quando \u00e9 unit\u00e1ria\u201c, diz ele. A seguir, trechos da entrevista concedida ontem \u00e0 Folha. (RICARDO WESTIN) <\/p>\n<p> FOLHA &#8211; As mudan\u00e7as trazidas pelo acordo s\u00e3o boas para os brasileiros? <br \/> MAURO VILLAR &#8211; S\u00e3o boas para a l\u00edngua. Somos a \u00fanica l\u00edngua ocidental com duas formas oficiais de escrita. E n\u00e3o h\u00e1 a menor raz\u00e3o para uma coisa como essa acontecer, porque as variantes do portugu\u00eas [de Portugal e do Brasil] s\u00e3o muito pr\u00f3ximas. \u00c9 preciso que nos aproximemos na escrita e funcionemos como um bloco. A l\u00edngua s\u00f3 \u00e9 forte quando \u00e9 unit\u00e1ria. <\/p>\n<p> FOLHA &#8211; No acordo, que mudan\u00e7a positiva o sr. destacaria? <br \/> VILLAR &#8211; Haver\u00e1 um corte consider\u00e1vel de hifens para facilitar a escrita. V\u00e3o ser retirados o trema, o acento circunflexo de palavras com \u201coo\u201c <\/p>\n<p> FOLHA &#8211; A assimila\u00e7\u00e3o na nova ortografia ser\u00e1 f\u00e1cil para o brasileiro? <br \/> VILLAR &#8211; Claro. A ortografia \u00e9 uma conven\u00e7\u00e3o. As pessoas v\u00e3o assimilar as mudan\u00e7as. Poder\u00e1 haver problema no momento da passagem de uma forma de grafar para a outra, principalmente para quem est\u00e1 acostumado [com a grafia atual]. As crian\u00e7as n\u00e3o ter\u00e3o dificuldade, porque v\u00e3o come\u00e7ar a aprender imediatamente dessa forma. <\/p>\n<p> FOLHA &#8211; Cr\u00edticos afirmam que o acordo n\u00e3o foi previamente discutido com a sociedade brasileira&#8230; <br \/> VILLAR &#8211; Foi discutido, sim. Esse tema tem sido desenvolvido desde a d\u00e9cada de 80. Naquela \u00e9poca, a proposta era mais revolucion\u00e1ria do que a que se conseguiu fazer agora. Em Portugal houve uma forte obje\u00e7\u00e3o. <\/p>\n<p> FOLHA &#8211; Os brasileiros est\u00e3o ap\u00e1ticos em rela\u00e7\u00e3o \u00e0s mudan\u00e7as? <br \/> VILLAR &#8211; Parece que n\u00e3o est\u00e3o dando muita import\u00e2ncia. Ou n\u00e3o fazem nenhuma grande obje\u00e7\u00e3o ou n\u00e3o conhecem bem como ser\u00e1 escrita a l\u00edngua. Isso diz respeito ao DNA de cada povo. Na Fran\u00e7a, isso [uma nova ortografia] seria um esc\u00e2ndalo ilimitado. Nunca no Brasil se discutiu o tema com paix\u00e3o. <\/p>\n<p><B> CONTRA: Novas regras v\u00e3o confundir; seria melhor ficar como est\u00e1, diz consultor de portugu\u00eas  <br \/><\/B> Folha de S\u00e3o Paulo <\/p>\n<p> Cr\u00edtico da reforma ortogr\u00e1fica, S\u00e9rgio Nogueira, professor de portugu\u00eas e consultor de l\u00edngua portuguesa no Rio, afirma que as novas regras s\u00f3 servir\u00e3o para confundir os brasileiros. \u201cVeja o h\u00edfen. Umas regras ser\u00e3o abolidas e outras n\u00e3o\u201c, diz. \u201cAs pessoas v\u00e3o ter for\u00e7osamente que ler a respeito e se inteirar do que mudou e do que n\u00e3o mudou. Vai levar um bom tempo para a adapta\u00e7\u00e3o. Seria melhor ficar como est\u00e1.\u201c Al\u00e9m disso, segundo o professor, apenas a ortografia n\u00e3o tornar\u00e1 o portugu\u00eas do Brasil igual ao de Portugal. \u201cContinuar\u00e1 havendo diferen\u00e7as sint\u00e1ticas, sem\u00e2nticas, de constru\u00e7\u00e3o de frases, de vocabul\u00e1rio&#8230;\u201c A seguir, trechos da entrevista \u00e0 Folha. (RW) <\/p>\n<p> FOLHA &#8211; As mudan\u00e7as trazidas pelo acordo s\u00e3o boas para os brasileiros? <br \/> S\u00c9RGIO NOGUEIRA &#8211; Na minha opini\u00e3o, o Brasil precisa de outras reformas, no Judici\u00e1rio, na economia e na pol\u00edtica, n\u00e3o de uma reforma ortogr\u00e1fica. <\/p>\n<p> FOLHA &#8211; O acordo n\u00e3o dar\u00e1 for\u00e7a internacional ao idioma? <br \/> NOGUEIRA &#8211; A reforma \u00e9 muito t\u00edmida. Aqui se prop\u00f5e unificar o portugu\u00eas do Brasil e o de Portugal, mas eu n\u00e3o vejo como isso venha a acontecer. Padronizar a ortografia n\u00e3o significa que o portugu\u00eas dos dois pa\u00edses venha a se tornar pr\u00f3ximo, j\u00e1 que continuar\u00e1 havendo diferen\u00e7as sint\u00e1ticas, sem\u00e2nticas, de constru\u00e7\u00e3o de frases, de vocabul\u00e1rio&#8230; L\u00e1, o ger\u00fandio \u00e9 com o verbo no infinitivo [\u201cest\u00e1 a fazer\u201c em vez de \u201cest\u00e1 fazendo\u201c], usam \u201cconsigo\u201c [em vez de \u201ccom voc\u00ea\u201c]&#8230; Esse tipo de coisa n\u00e3o se padroniza. <\/p>\n<p> FOLHA &#8211; As regras tamb\u00e9m simplificar\u00e3o a escrita&#8230; <br \/> NOGUEIRA &#8211; N\u00e3o vejo como simplifica\u00e7\u00e3o. Veja o h\u00edfen. Umas regras ser\u00e3o abolidas e outras n\u00e3o. Deveriam fazer como no espanhol [que n\u00e3o tem h\u00edfen]. No fundo, \u00e9 um sinal desnecess\u00e1rio. Na minha opini\u00e3o, vai haver uma grande confus\u00e3o, porque ortografia n\u00e3o se aprende por regra. As pessoas v\u00e3o ter for\u00e7osamente que ler a respeito e se inteirar do que mudou e do que n\u00e3o mudou. Vai levar um bom tempo para a adapta\u00e7\u00e3o. Seria melhor ficar como est\u00e1. Sendo honesto, ningu\u00e9m me perguntou a opini\u00e3o [antes de decidirem mudar]. Ningu\u00e9m foi ouvido. Foi uma decis\u00e3o sabe-se l\u00e1 Deus de quem. <\/p>\n<p><B> Lula assina decreto com novas regras de ortografia<br \/><\/B> O Estado de S\u00e3o Paulo &#8211; Alexandre Rodrigues <\/p>\n<p> O presidente Luiz In\u00e1cio Lula da Silva assinou hoje o decreto que normaliza a ades\u00e3o do Brasil ao Acordo Ortogr\u00e1fico da L\u00edngua Portuguesa, que entrar\u00e1 em vigor em janeiro, e prometeu que at\u00e9 2009 cada cidade do Pa\u00eds ter\u00e1 pelo menos uma biblioteca p\u00fablica. O decreto, assinado na Academia Brasileira de Letras (ABL), no Rio de Janeiro, estabelece o cronograma do acordo ortogr\u00e1fico que prev\u00ea mudan\u00e7as na escrita de palavras, al\u00e9m de decretar o fim do trema, suprimir consoantes mudas e v\u00e1rios acentos, simplificar o emprego do h\u00edfen e incluir no alfabeto as letras w, k e y.  <\/p>\n<p> As novas regras come\u00e7ar\u00e3o a valer a partir de janeiro, mas as antigas permanecer\u00e3o em vigor, como uso facultativo, at\u00e9 dezembro de 2012. At\u00e9 l\u00e1, as duas regras valer\u00e3o em concursos p\u00fablicos, vestibulares, provas escolares e demais exames. J\u00e1 os livros did\u00e1ticos ter\u00e3o at\u00e9 2010 para se enquadrar. <\/p>\n<p> Para Lula, o acordo ortogr\u00e1fico poder\u00e1 ampliar a coopera\u00e7\u00e3o comercial e social com os pa\u00edses da Comunidade dos Pa\u00edses de L\u00edngua Portuguesa (CPLP), em especial os da \u00c1frica e o Timor-Leste, onde educadores brasileiros ajudam a desenvolver o sistema educacional local. Ele tamb\u00e9m afirmou que as mudan\u00e7as ajudar\u00e3o os 8 milh\u00f5es de lus\u00f3fonos que vivem fora de seus pa\u00edses e querem ensinar o portugu\u00eas a seus filhos. <\/p>\n<p> Em pleno s\u00e9culo 21, Lula admitiu que 630 munic\u00edpios brasileiros n\u00e3o t\u00eam biblioteca p\u00fablica. Em 2003, afirmou, o n\u00famero era ainda maior: 1.170. Segundo ele, at\u00e9 o final do ano, mais 300 cidades ter\u00e3o a sua. \u201cNossa meta \u00e9 que, at\u00e9 2009, todos os 5.500 munic\u00edpios brasileiros tenham ao menos uma biblioteca.\u201c Ele tamb\u00e9m afirmou que as salas de leitura em \u00e1reas consideradas de risco social receber\u00e3o computadores, agentes de leitura e melhorias no acervo e mobili\u00e1rio, como parte do Plano Nacional do Livro e da Leitura.  <\/p>\n<p><B> Machado de Assis <\/p>\n<p><\/B> Durante a sess\u00e3o solene que marcou os cem anos da morte de Machado de Assis, Lula recebeu das m\u00e3os do acad\u00eamico e senador Jos\u00e9 Sarney (PMDB-AP) uma medalha alusiva ao centen\u00e1rio de morte do escritor, de quem se disse um admirador. \u201cN\u00e3o me cabe, naturalmente, discorrer sobre os m\u00e9ritos liter\u00e1rios do fundador desta Casa\u201c, disse. \u201cSou apenas um dos in\u00fameros brasileiros que n\u00e3o se cansam de admirar o genial bruxo do Cosme Velho.\u201c <\/p>\n<p> A cerim\u00f4nia teve a presen\u00e7a do embaixador de Portugal no Brasil, Francisco Manuel Seixas da Costa. Tamb\u00e9m participaram os ministros da Cultura, Juca Ferreira, e da Educa\u00e7\u00e3o, Fernando Haddad.  <\/p>\n<p><B> Presidente promulga acordo ortogr\u00e1fico <br \/><\/B> Portal MEC &#8211; Assessoria de Comunica\u00e7\u00e3o Social <\/p>\n<p> Ladeado pelo ministro da Educa\u00e7\u00e3o, Fernando Haddad, o presidente da Rep\u00fablica, Luiz In\u00e1cio Lula da Silva, promulgou o protocolo de modifica\u00e7\u00e3o e regula\u00e7\u00e3o do Acordo Ortogr\u00e1fico da L\u00edngua Portuguesa. A cerim\u00f4nia ocorreu nesta segunda-feira, 29, no Sal\u00e3o Nobre do Petit Trianon, na Academia Brasileira de Letras, no Rio de Janeiro. O evento celebrou os 100 anos da morte do escritor Machado de Assis, completados nesta data. Lula presidiu a cerim\u00f4nia. <\/p>\n<p> O acordo representa a simplifica\u00e7\u00e3o e o aprimoramento da l\u00edngua em todos os pa\u00edses da comunidade lusitana. A reforma ortogr\u00e1fica ser\u00e1 implementada a partir do dia 1\u00ba de janeiro de 2009. Durante um per\u00edodo de quatro anos, at\u00e9 2012, conviver\u00e3o as ortografias anterior e a prevista no acordo. Com a medida, a l\u00edngua portuguesa ser\u00e1 alterada em 0,8% dos voc\u00e1bulos no Brasil e 1,3% em Portugal. <\/p>\n<p> Em sua fala, o presidente da Rep\u00fablica reiterou a import\u00e2ncia dos acordos educacionais e culturais do Brasil com os pa\u00edses da \u00c1frica, notadamente os lus\u00f3fonos.  <\/p>\n<p> \u201c\u00c9 o reencontro do Brasil com suas ra\u00edzes mais profundas. Como avan\u00e7ar sem fortalecer a l\u00edngua, como produzir bens culturais e did\u00e1ticos sem uniformidade?\u201d, perguntou.  <\/p>\n<p> Da parte do Minist\u00e9rio da Educa\u00e7\u00e3o, inicia-se agora um processo de substitui\u00e7\u00e3o dos livros did\u00e1ticos, com as compras pelo Fundo Nacional de Desenvolvimento da Educa\u00e7\u00e3o (FNDE) a partir de 2009. \u00c0 medida que forem substitu\u00eddos os livros, os novos j\u00e1 ser\u00e3o redigidos com a nova ortografia, informou o ministro Haddad.  <\/p>\n<p><a href=\"https:\/\/abrelivros.org.br\/site\/images\/stories\/arquivos\/antigos\/3528.zip\" target=\"_blank\" rel=\"noopener noreferrer\">Acordo Ortogr\u00e1fico da L\u00edngua Portuguesa<\/a><br \/>(Requer programa <a href=\"http:\/\/www.winzip.com\" target=\"_blank\" rel=\"noopener noreferrer\">WinZip<\/a> para abrir .zip) <\/p>\n","protected":false},"excerpt":{"rendered":"<p>O presidente Luiz In\u00e1cio Lula da Silva sancionou ontem, na ABL (Academia Brasileira de Letras), no Rio, o Acordo Ortogr\u00e1fico da L\u00edngua Portuguesa, que mudar\u00e1 a grafia de cerca de 0,5% das nossas palavras. O fim do trema, do acento agudo em ditongos abertos (\u201cid\u00e9ia\u201c ser\u00e1 \u201cideia\u201c) e do acento circunflexo com duplos \u201ce\u201c e [&hellip;]<\/p>\n","protected":false},"author":1,"featured_media":0,"comment_status":"closed","ping_status":"closed","sticky":false,"template":"","format":"standard","meta":{"footnotes":"","_links_to":"","_links_to_target":""},"categories":[9],"tags":[],"class_list":["post-2414","post","type-post","status-publish","format-standard","hentry","category-noticias-da-imprensa"],"yoast_head":"<!-- This site is optimized with the Yoast SEO plugin v15.1 - https:\/\/yoast.com\/wordpress\/plugins\/seo\/ -->\n<title>Lula sanciona o novo acordo ortogr\u00e1fico &raquo; Abrelivros<\/title>\n<meta name=\"robots\" content=\"index, follow, max-snippet:-1, max-image-preview:large, max-video-preview:-1\" \/>\n<link rel=\"canonical\" href=\"https:\/\/abrelivros.org.br\/site\/lula-sanciona-o-novo-acordo-ortografico\/\" \/>\n<meta property=\"og:locale\" content=\"pt_BR\" \/>\n<meta property=\"og:type\" content=\"article\" \/>\n<meta property=\"og:title\" content=\"Lula sanciona o novo acordo ortogr\u00e1fico &raquo; Abrelivros\" \/>\n<meta property=\"og:description\" content=\"O presidente Luiz In\u00e1cio Lula da Silva sancionou ontem, na ABL (Academia Brasileira de Letras), no Rio, o Acordo Ortogr\u00e1fico da L\u00edngua Portuguesa, que mudar\u00e1 a grafia de cerca de 0,5% das nossas palavras. O fim do trema, do acento agudo em ditongos abertos (\u201cid\u00e9ia\u201c ser\u00e1 \u201cideia\u201c) e do acento circunflexo com duplos \u201ce\u201c e [&hellip;]\" \/>\n<meta property=\"og:url\" content=\"https:\/\/abrelivros.org.br\/site\/lula-sanciona-o-novo-acordo-ortografico\/\" \/>\n<meta property=\"og:site_name\" content=\"Abrelivros\" \/>\n<meta property=\"article:published_time\" content=\"2008-09-30T14:05:00+00:00\" \/>\n<meta name=\"twitter:card\" content=\"summary_large_image\" \/>\n<script type=\"application\/ld+json\" class=\"yoast-schema-graph\">{\"@context\":\"https:\/\/schema.org\",\"@graph\":[{\"@type\":\"WebSite\",\"@id\":\"https:\/\/abrelivros.org.br\/site\/#website\",\"url\":\"https:\/\/abrelivros.org.br\/site\/\",\"name\":\"Abrelivros\",\"description\":\"\",\"potentialAction\":[{\"@type\":\"SearchAction\",\"target\":\"https:\/\/abrelivros.org.br\/site\/?s={search_term_string}\",\"query-input\":\"required name=search_term_string\"}],\"inLanguage\":\"pt-BR\"},{\"@type\":\"WebPage\",\"@id\":\"https:\/\/abrelivros.org.br\/site\/lula-sanciona-o-novo-acordo-ortografico\/#webpage\",\"url\":\"https:\/\/abrelivros.org.br\/site\/lula-sanciona-o-novo-acordo-ortografico\/\",\"name\":\"Lula sanciona o novo acordo ortogr\\u00e1fico &raquo; Abrelivros\",\"isPartOf\":{\"@id\":\"https:\/\/abrelivros.org.br\/site\/#website\"},\"datePublished\":\"2008-09-30T14:05:00+00:00\",\"dateModified\":\"2008-09-30T14:05:00+00:00\",\"author\":{\"@id\":\"https:\/\/abrelivros.org.br\/site\/#\/schema\/person\/2b867f13a717bb230f1a3555505f5593\"},\"breadcrumb\":{\"@id\":\"https:\/\/abrelivros.org.br\/site\/lula-sanciona-o-novo-acordo-ortografico\/#breadcrumb\"},\"inLanguage\":\"pt-BR\",\"potentialAction\":[{\"@type\":\"ReadAction\",\"target\":[\"https:\/\/abrelivros.org.br\/site\/lula-sanciona-o-novo-acordo-ortografico\/\"]}]},{\"@type\":\"BreadcrumbList\",\"@id\":\"https:\/\/abrelivros.org.br\/site\/lula-sanciona-o-novo-acordo-ortografico\/#breadcrumb\",\"itemListElement\":[{\"@type\":\"ListItem\",\"position\":1,\"item\":{\"@type\":\"WebPage\",\"@id\":\"https:\/\/abrelivros.org.br\/site\/\",\"url\":\"https:\/\/abrelivros.org.br\/site\/\",\"name\":\"In\\u00edcio\"}},{\"@type\":\"ListItem\",\"position\":2,\"item\":{\"@type\":\"WebPage\",\"@id\":\"https:\/\/abrelivros.org.br\/site\/category\/noticias\/\",\"url\":\"https:\/\/abrelivros.org.br\/site\/category\/noticias\/\",\"name\":\"Not\\u00edcias\"}},{\"@type\":\"ListItem\",\"position\":3,\"item\":{\"@type\":\"WebPage\",\"@id\":\"https:\/\/abrelivros.org.br\/site\/category\/noticias\/noticias-da-imprensa\/\",\"url\":\"https:\/\/abrelivros.org.br\/site\/category\/noticias\/noticias-da-imprensa\/\",\"name\":\"Not\\u00edcias da imprensa\"}},{\"@type\":\"ListItem\",\"position\":4,\"item\":{\"@type\":\"WebPage\",\"@id\":\"https:\/\/abrelivros.org.br\/site\/lula-sanciona-o-novo-acordo-ortografico\/\",\"url\":\"https:\/\/abrelivros.org.br\/site\/lula-sanciona-o-novo-acordo-ortografico\/\",\"name\":\"Lula sanciona o novo acordo ortogr\\u00e1fico\"}}]},{\"@type\":\"Person\",\"@id\":\"https:\/\/abrelivros.org.br\/site\/#\/schema\/person\/2b867f13a717bb230f1a3555505f5593\",\"name\":\"\\u00a0\",\"image\":{\"@type\":\"ImageObject\",\"@id\":\"https:\/\/abrelivros.org.br\/site\/#personlogo\",\"inLanguage\":\"pt-BR\",\"url\":\"https:\/\/secure.gravatar.com\/avatar\/e80b7f5231be2fff5040a8023da424898002831c5439420df182ae62676d2a6f?s=96&d=mm&r=g\",\"caption\":\"\\u00a0\"}}]}<\/script>\n<!-- \/ Yoast SEO plugin. -->","_links":{"self":[{"href":"https:\/\/abrelivros.org.br\/site\/wp-json\/wp\/v2\/posts\/2414","targetHints":{"allow":["GET"]}}],"collection":[{"href":"https:\/\/abrelivros.org.br\/site\/wp-json\/wp\/v2\/posts"}],"about":[{"href":"https:\/\/abrelivros.org.br\/site\/wp-json\/wp\/v2\/types\/post"}],"author":[{"embeddable":true,"href":"https:\/\/abrelivros.org.br\/site\/wp-json\/wp\/v2\/users\/1"}],"replies":[{"embeddable":true,"href":"https:\/\/abrelivros.org.br\/site\/wp-json\/wp\/v2\/comments?post=2414"}],"version-history":[{"count":0,"href":"https:\/\/abrelivros.org.br\/site\/wp-json\/wp\/v2\/posts\/2414\/revisions"}],"wp:attachment":[{"href":"https:\/\/abrelivros.org.br\/site\/wp-json\/wp\/v2\/media?parent=2414"}],"wp:term":[{"taxonomy":"category","embeddable":true,"href":"https:\/\/abrelivros.org.br\/site\/wp-json\/wp\/v2\/categories?post=2414"},{"taxonomy":"post_tag","embeddable":true,"href":"https:\/\/abrelivros.org.br\/site\/wp-json\/wp\/v2\/tags?post=2414"}],"curies":[{"name":"wp","href":"https:\/\/api.w.org\/{rel}","templated":true}]}}