{"id":2410,"date":"2008-10-01T17:34:00","date_gmt":"2008-10-01T20:34:00","guid":{"rendered":"https:\/\/abrelivros.org.br\/site\/2008\/10\/01\/editoras-comecam-a-se-adaptar-a-reforma-ortografica\/"},"modified":"2008-10-01T17:34:00","modified_gmt":"2008-10-01T20:34:00","slug":"editoras-comecam-a-se-adaptar-a-reforma-ortografica","status":"publish","type":"post","link":"https:\/\/abrelivros.org.br\/site\/editoras-comecam-a-se-adaptar-a-reforma-ortografica\/","title":{"rendered":"Editoras come\u00e7am a se adaptar \u00e0 reforma ortogr\u00e1fica"},"content":{"rendered":"<p>As editoras j\u00e1 come\u00e7am a se adaptar \u00e0s novas regras de ortografia que come\u00e7am a valer a partir de 1\u00ba de janeiro de 2009. O Minist\u00e9rio da Educa\u00e7\u00e3o (MEC) deu prazo de at\u00e9 2010 para que os livros did\u00e1ticos estejam adaptados \u00e0s novas normas da l\u00edngua portuguesa.\u00a0<br \/> \u00a0<br \/> Entre as novidades, est\u00e3o a supress\u00e3o do trema, a queda de acentos diferenciais e as altera\u00e7\u00f5es na regra do h\u00edfen. Entenda as mudan\u00e7as aqui.\u00a0<br \/> \u00a0<br \/> A editora do dicion\u00e1rio Aur\u00e9lio j\u00e1 lan\u00e7ou edi\u00e7\u00f5es revisadas do dicion\u00e1rio e, para modificar todo o cat\u00e1logo de livros, contratou um time de 20 revisores que tamb\u00e9m est\u00e1 em fase de adapta\u00e7\u00e3o. \u201cAlgumas das novas regras s\u00e3o muito diferentes, ent\u00e3o demora um pouco para a gente se adaptar e fazer as altera\u00e7\u00f5es\u201d, explica a revisora Val\u00e9rica Zelik. \u00a0<br \/> \u00a0<br \/> Em outra editora, a preocupa\u00e7\u00e3o \u00e9 com os professores que v\u00e3o receber os novos livros. H\u00e1 300 t\u00edtulos em produ\u00e7\u00e3o e todos, j\u00e1 revisados, estar\u00e3o em breve nas escolas. Por isso, funcion\u00e1rios est\u00e3o sendo treinados pra dar cursos a 4 mil educadores de todo o pa\u00eds. \u00a0<br \/> \u00a0<br \/><B> Problemas na adapta\u00e7\u00e3o\u00a0<br \/> \u00a0<br \/><\/B> Para a Associa\u00e7\u00e3o Brasileira de Editores de Livros (Abrelivros), um dos problemas a serem enfrentados pelas editoras \u00e9 a administra\u00e7\u00e3o dos estoques. Dentro do per\u00edodo de transi\u00e7\u00e3o, cada editora dever\u00e1 decidir o ritmo da adapta\u00e7\u00e3o \u00e0s novas regras. Mas, de modo geral, os lan\u00e7amentos de 2009 e as reimpress\u00f5es, j\u00e1 devem estar de acordo com as mudan\u00e7as na ortografia.\u00a0<br \/> \u00a0<br \/> Em nota, a Abrelivros informou que ainda restam muitas d\u00favidas sobre a aplica\u00e7\u00e3o do acordo ortogr\u00e1fico. Segundo a associa\u00e7\u00e3o, as diverg\u00eancias s\u00f3 ser\u00e3o resolvidas com a publica\u00e7\u00e3o, pela Academia Brasileira de Letras (ABL), do Vocabul\u00e1rio Ortogr\u00e1fico Comum da L\u00edngua Portuguesa (Volp). Al\u00e9m do trabalho de adapta\u00e7\u00e3o e de revis\u00e3o realizado at\u00e9 agora, as pr\u00f3ximas revis\u00f5es dependem desse vocabul\u00e1rio. \u00a0<br \/> \u00a0<br \/><B> Mercado editorial\u00a0<br \/> \u00a0<br \/><\/B> Se por um lado o mercado v\u00ea a necessidade de investimentos altos nessa primeira fase do processo de adapta\u00e7\u00e3o, por outro a expectativa \u00e9 boa com rela\u00e7\u00e3o ao futuro da literatura brasileira.\u00a0<br \/> \u00a0<br \/> O otimismo das editoras est\u00e1 na possibilidade de uma maior integra\u00e7\u00e3o com outros pa\u00edses de l\u00edngua portuguesa. Esta reforma unifica a escrita em oito pa\u00edses que falam o portugu\u00eas: Angola, Brasil, Cabo Verde, Guin\u00e9-Bissau, Mo\u00e7ambique, Portugal, S\u00e3o Tom\u00e9 e Pr\u00edncipe e Timor Leste. \u00a0<br \/> \u00a0<\/p>\n","protected":false},"excerpt":{"rendered":"<p>As editoras j\u00e1 come\u00e7am a se adaptar \u00e0s novas regras de ortografia que come\u00e7am a valer a partir de 1\u00ba de janeiro de 2009. O Minist\u00e9rio da Educa\u00e7\u00e3o (MEC) deu prazo de at\u00e9 2010 para que os livros did\u00e1ticos estejam adaptados \u00e0s novas normas da l\u00edngua portuguesa.\u00a0 \u00a0 Entre as novidades, est\u00e3o a supress\u00e3o do [&hellip;]<\/p>\n","protected":false},"author":1,"featured_media":0,"comment_status":"closed","ping_status":"closed","sticky":false,"template":"","format":"standard","meta":{"footnotes":"","_links_to":"","_links_to_target":""},"categories":[9],"tags":[],"class_list":["post-2410","post","type-post","status-publish","format-standard","hentry","category-noticias-da-imprensa"],"yoast_head":"<!-- This site is optimized with the Yoast SEO plugin v15.1 - https:\/\/yoast.com\/wordpress\/plugins\/seo\/ -->\n<title>Editoras come\u00e7am a se adaptar \u00e0 reforma ortogr\u00e1fica &raquo; Abrelivros<\/title>\n<meta name=\"robots\" content=\"index, follow, max-snippet:-1, max-image-preview:large, max-video-preview:-1\" \/>\n<link rel=\"canonical\" href=\"https:\/\/abrelivros.org.br\/site\/editoras-comecam-a-se-adaptar-a-reforma-ortografica\/\" \/>\n<meta property=\"og:locale\" content=\"pt_BR\" \/>\n<meta property=\"og:type\" content=\"article\" \/>\n<meta property=\"og:title\" content=\"Editoras come\u00e7am a se adaptar \u00e0 reforma ortogr\u00e1fica &raquo; Abrelivros\" \/>\n<meta property=\"og:description\" content=\"As editoras j\u00e1 come\u00e7am a se adaptar \u00e0s novas regras de ortografia que come\u00e7am a valer a partir de 1\u00ba de janeiro de 2009. O Minist\u00e9rio da Educa\u00e7\u00e3o (MEC) deu prazo de at\u00e9 2010 para que os livros did\u00e1ticos estejam adaptados \u00e0s novas normas da l\u00edngua portuguesa.\u00a0 \u00a0 Entre as novidades, est\u00e3o a supress\u00e3o do [&hellip;]\" \/>\n<meta property=\"og:url\" content=\"https:\/\/abrelivros.org.br\/site\/editoras-comecam-a-se-adaptar-a-reforma-ortografica\/\" \/>\n<meta property=\"og:site_name\" content=\"Abrelivros\" \/>\n<meta property=\"article:published_time\" content=\"2008-10-01T20:34:00+00:00\" \/>\n<meta name=\"twitter:card\" content=\"summary_large_image\" \/>\n<script type=\"application\/ld+json\" class=\"yoast-schema-graph\">{\"@context\":\"https:\/\/schema.org\",\"@graph\":[{\"@type\":\"WebSite\",\"@id\":\"https:\/\/abrelivros.org.br\/site\/#website\",\"url\":\"https:\/\/abrelivros.org.br\/site\/\",\"name\":\"Abrelivros\",\"description\":\"\",\"potentialAction\":[{\"@type\":\"SearchAction\",\"target\":\"https:\/\/abrelivros.org.br\/site\/?s={search_term_string}\",\"query-input\":\"required name=search_term_string\"}],\"inLanguage\":\"pt-BR\"},{\"@type\":\"WebPage\",\"@id\":\"https:\/\/abrelivros.org.br\/site\/editoras-comecam-a-se-adaptar-a-reforma-ortografica\/#webpage\",\"url\":\"https:\/\/abrelivros.org.br\/site\/editoras-comecam-a-se-adaptar-a-reforma-ortografica\/\",\"name\":\"Editoras come\\u00e7am a se adaptar \\u00e0 reforma ortogr\\u00e1fica &raquo; Abrelivros\",\"isPartOf\":{\"@id\":\"https:\/\/abrelivros.org.br\/site\/#website\"},\"datePublished\":\"2008-10-01T20:34:00+00:00\",\"dateModified\":\"2008-10-01T20:34:00+00:00\",\"author\":{\"@id\":\"https:\/\/abrelivros.org.br\/site\/#\/schema\/person\/2b867f13a717bb230f1a3555505f5593\"},\"breadcrumb\":{\"@id\":\"https:\/\/abrelivros.org.br\/site\/editoras-comecam-a-se-adaptar-a-reforma-ortografica\/#breadcrumb\"},\"inLanguage\":\"pt-BR\",\"potentialAction\":[{\"@type\":\"ReadAction\",\"target\":[\"https:\/\/abrelivros.org.br\/site\/editoras-comecam-a-se-adaptar-a-reforma-ortografica\/\"]}]},{\"@type\":\"BreadcrumbList\",\"@id\":\"https:\/\/abrelivros.org.br\/site\/editoras-comecam-a-se-adaptar-a-reforma-ortografica\/#breadcrumb\",\"itemListElement\":[{\"@type\":\"ListItem\",\"position\":1,\"item\":{\"@type\":\"WebPage\",\"@id\":\"https:\/\/abrelivros.org.br\/site\/\",\"url\":\"https:\/\/abrelivros.org.br\/site\/\",\"name\":\"In\\u00edcio\"}},{\"@type\":\"ListItem\",\"position\":2,\"item\":{\"@type\":\"WebPage\",\"@id\":\"https:\/\/abrelivros.org.br\/site\/category\/noticias\/\",\"url\":\"https:\/\/abrelivros.org.br\/site\/category\/noticias\/\",\"name\":\"Not\\u00edcias\"}},{\"@type\":\"ListItem\",\"position\":3,\"item\":{\"@type\":\"WebPage\",\"@id\":\"https:\/\/abrelivros.org.br\/site\/category\/noticias\/noticias-da-imprensa\/\",\"url\":\"https:\/\/abrelivros.org.br\/site\/category\/noticias\/noticias-da-imprensa\/\",\"name\":\"Not\\u00edcias da imprensa\"}},{\"@type\":\"ListItem\",\"position\":4,\"item\":{\"@type\":\"WebPage\",\"@id\":\"https:\/\/abrelivros.org.br\/site\/editoras-comecam-a-se-adaptar-a-reforma-ortografica\/\",\"url\":\"https:\/\/abrelivros.org.br\/site\/editoras-comecam-a-se-adaptar-a-reforma-ortografica\/\",\"name\":\"Editoras come\\u00e7am a se adaptar \\u00e0 reforma ortogr\\u00e1fica\"}}]},{\"@type\":\"Person\",\"@id\":\"https:\/\/abrelivros.org.br\/site\/#\/schema\/person\/2b867f13a717bb230f1a3555505f5593\",\"name\":\"\\u00a0\",\"image\":{\"@type\":\"ImageObject\",\"@id\":\"https:\/\/abrelivros.org.br\/site\/#personlogo\",\"inLanguage\":\"pt-BR\",\"url\":\"https:\/\/secure.gravatar.com\/avatar\/e80b7f5231be2fff5040a8023da424898002831c5439420df182ae62676d2a6f?s=96&d=mm&r=g\",\"caption\":\"\\u00a0\"}}]}<\/script>\n<!-- \/ Yoast SEO plugin. -->","_links":{"self":[{"href":"https:\/\/abrelivros.org.br\/site\/wp-json\/wp\/v2\/posts\/2410","targetHints":{"allow":["GET"]}}],"collection":[{"href":"https:\/\/abrelivros.org.br\/site\/wp-json\/wp\/v2\/posts"}],"about":[{"href":"https:\/\/abrelivros.org.br\/site\/wp-json\/wp\/v2\/types\/post"}],"author":[{"embeddable":true,"href":"https:\/\/abrelivros.org.br\/site\/wp-json\/wp\/v2\/users\/1"}],"replies":[{"embeddable":true,"href":"https:\/\/abrelivros.org.br\/site\/wp-json\/wp\/v2\/comments?post=2410"}],"version-history":[{"count":0,"href":"https:\/\/abrelivros.org.br\/site\/wp-json\/wp\/v2\/posts\/2410\/revisions"}],"wp:attachment":[{"href":"https:\/\/abrelivros.org.br\/site\/wp-json\/wp\/v2\/media?parent=2410"}],"wp:term":[{"taxonomy":"category","embeddable":true,"href":"https:\/\/abrelivros.org.br\/site\/wp-json\/wp\/v2\/categories?post=2410"},{"taxonomy":"post_tag","embeddable":true,"href":"https:\/\/abrelivros.org.br\/site\/wp-json\/wp\/v2\/tags?post=2410"}],"curies":[{"name":"wp","href":"https:\/\/api.w.org\/{rel}","templated":true}]}}