{"id":2408,"date":"2008-10-03T15:42:00","date_gmt":"2008-10-03T18:42:00","guid":{"rendered":"https:\/\/abrelivros.org.br\/site\/2008\/10\/03\/minc-anuncia-600-bibliotecas-comunitarias\/"},"modified":"2008-10-03T15:42:00","modified_gmt":"2008-10-03T18:42:00","slug":"minc-anuncia-600-bibliotecas-comunitarias","status":"publish","type":"post","link":"https:\/\/abrelivros.org.br\/site\/minc-anuncia-600-bibliotecas-comunitarias\/","title":{"rendered":"MinC anuncia 600 bibliotecas comunit\u00e1rias"},"content":{"rendered":"<p>O Minist\u00e9rio da Cultura abriu edital para apoiar a instala\u00e7\u00e3o de 600 bibliotecas comunit\u00e1rias no Pa\u00eds. O governo dar\u00e1 prefer\u00eancia a institui\u00e7\u00f5es ou pessoas f\u00edsicas que j\u00e1 realizam projetos de leitura h\u00e1 pelo menos um ano e para os 410 munic\u00edpios considerados priorit\u00e1rios pelos programas Territ\u00f3rio da Cidadania, do Minist\u00e9rio da Justi\u00e7a, e Mais Cultura, do pr\u00f3prio MinC.\u00a0<br \/> \u00a0<br \/> Os escolhidos receber\u00e3o um kit com 500 livros, um computador e mobili\u00e1rio b\u00e1sico, composto por mesa, cadeira, estantes e almofadas. A Funda\u00e7\u00e3o Biblioteca Nacional far\u00e1 a compra e a distribui\u00e7\u00e3o dos acervos. O projeto, chamado de Pontos de Leitura, segue na linha do programa Cultura Viva, que instituiu os chamados Pontos de Cultura na gest\u00e3o do ex-ministro Gilberto Gil.\u00a0<br \/> \u00a0<br \/> O an\u00fancio do edital p\u00f5e fim a uma espera de um ano desde que o Minist\u00e9rio da Cultura anunciou, numa grande festa em Bras\u00edlia, o programa Mais Cultura. Na ocasi\u00e3o, foi anunciada, entre outras metas para a \u00e1rea, a cria\u00e7\u00e3o de 20 mil pontos de cultura, 4 mil dos quais como pontos de leitura.\u00a0<br \/> \u00a0<br \/> A portaria assinada pelo ministro da Cultura, Juca Ferreira, instituiu o Pontos de Leitura como concurso e aproveitou para fazer uma homenagem nesta edi\u00e7\u00e3o ao centen\u00e1rio de morte do escritor Machado de Assis. As inscri\u00e7\u00f5es v\u00e3o at\u00e9 10 de novembro. \u00a0<br \/> \u00a0<br \/>  \u00a0<br \/> \u00a0<br \/> <B>Biblioteca Viva &#8211; <\/B>A portaria que instituiu o projeto Pontos de Leitura tamb\u00e9m criou a rede Biblioteca Viva, da qual todos os 600 contemplados pelo edital ter\u00e3o que, obrigatoriamente, fazer parte e que abrigar\u00e1 os Pontos de Cultura que possu\u00edrem alguma atividade de fomento \u00e0 leitura.  A inten\u00e7\u00e3o \u00e9 criar uma rede de bibliotecas de acesso p\u00fablico (municipais, estaduais e comunit\u00e1rias) e tamb\u00e9m uma plataforma virtual de acompanhamento, interlocu\u00e7\u00e3o e intera\u00e7\u00e3o das a\u00e7\u00f5es do livro e leitura. As bibliotecas brasileiras comp\u00f5em o Sistema Nacional de Bibliotecas P\u00fablicas, vinculado \u00e0 Funda\u00e7\u00e3o Biblioteca Nacional. \u00a0<br \/>  \u00a0<br \/> \u00a0<br \/> <B>Servi\u00e7o<\/b> &#8211; As inscri\u00e7\u00f5es para o I Concurso Pontos de Leitura 2008: Homenagem a Machado de Assis s\u00e3o gratuitas e s\u00f3 poder\u00e3o ser feitas via Correios. A portaria est\u00e1 \u00e0 disposi\u00e7\u00e3o dos interessados nas p\u00e1ginas do Minist\u00e9rio da Cultura (www.cultura.gov.br), no link Editais e Premia\u00e7\u00f5es, e do Programa Territ\u00f3rios da Cidadania (www.territoriosdacidadania.gov.br). Maiores informa\u00e7\u00f5es podem ser obtidas pelos e-mails pontosdeleitura@minc.gov.br ou pontosdeleitura@cultura.gov.br, e tamb\u00e9m pelo telefone  (61) 3316-2014. \u00a0<br \/> \u00a0<br \/> Os envelopes com as inscri\u00e7\u00f5es dever\u00e3o ser enviados para: Concurso Pontos de Leitura 2008: Homenagem a Machado de Assis, Caixa Postal n\u00b0 8614, CEP 70312-970, Bras\u00edlia\/DF.\u00a0<br \/> \u00a0<br \/> \u00a0<br \/> \u00a0<br \/> \u00a0<br \/> \u00a0<\/p>\n","protected":false},"excerpt":{"rendered":"<p>O Minist\u00e9rio da Cultura abriu edital para apoiar a instala\u00e7\u00e3o de 600 bibliotecas comunit\u00e1rias no Pa\u00eds. O governo dar\u00e1 prefer\u00eancia a institui\u00e7\u00f5es ou pessoas f\u00edsicas que j\u00e1 realizam projetos de leitura h\u00e1 pelo menos um ano e para os 410 munic\u00edpios considerados priorit\u00e1rios pelos programas Territ\u00f3rio da Cidadania, do Minist\u00e9rio da Justi\u00e7a, e Mais Cultura, [&hellip;]<\/p>\n","protected":false},"author":1,"featured_media":0,"comment_status":"closed","ping_status":"closed","sticky":false,"template":"","format":"standard","meta":{"footnotes":"","_links_to":"","_links_to_target":""},"categories":[9],"tags":[],"class_list":["post-2408","post","type-post","status-publish","format-standard","hentry","category-noticias-da-imprensa"],"yoast_head":"<!-- This site is optimized with the Yoast SEO plugin v15.1 - https:\/\/yoast.com\/wordpress\/plugins\/seo\/ -->\n<title>MinC anuncia 600 bibliotecas comunit\u00e1rias &raquo; Abrelivros<\/title>\n<meta name=\"robots\" content=\"index, follow, max-snippet:-1, max-image-preview:large, max-video-preview:-1\" \/>\n<link rel=\"canonical\" href=\"https:\/\/abrelivros.org.br\/site\/minc-anuncia-600-bibliotecas-comunitarias\/\" \/>\n<meta property=\"og:locale\" content=\"pt_BR\" \/>\n<meta property=\"og:type\" content=\"article\" \/>\n<meta property=\"og:title\" content=\"MinC anuncia 600 bibliotecas comunit\u00e1rias &raquo; Abrelivros\" \/>\n<meta property=\"og:description\" content=\"O Minist\u00e9rio da Cultura abriu edital para apoiar a instala\u00e7\u00e3o de 600 bibliotecas comunit\u00e1rias no Pa\u00eds. O governo dar\u00e1 prefer\u00eancia a institui\u00e7\u00f5es ou pessoas f\u00edsicas que j\u00e1 realizam projetos de leitura h\u00e1 pelo menos um ano e para os 410 munic\u00edpios considerados priorit\u00e1rios pelos programas Territ\u00f3rio da Cidadania, do Minist\u00e9rio da Justi\u00e7a, e Mais Cultura, [&hellip;]\" \/>\n<meta property=\"og:url\" content=\"https:\/\/abrelivros.org.br\/site\/minc-anuncia-600-bibliotecas-comunitarias\/\" \/>\n<meta property=\"og:site_name\" content=\"Abrelivros\" \/>\n<meta property=\"article:published_time\" content=\"2008-10-03T18:42:00+00:00\" \/>\n<meta name=\"twitter:card\" content=\"summary_large_image\" \/>\n<script type=\"application\/ld+json\" class=\"yoast-schema-graph\">{\"@context\":\"https:\/\/schema.org\",\"@graph\":[{\"@type\":\"WebSite\",\"@id\":\"https:\/\/abrelivros.org.br\/site\/#website\",\"url\":\"https:\/\/abrelivros.org.br\/site\/\",\"name\":\"Abrelivros\",\"description\":\"\",\"potentialAction\":[{\"@type\":\"SearchAction\",\"target\":\"https:\/\/abrelivros.org.br\/site\/?s={search_term_string}\",\"query-input\":\"required name=search_term_string\"}],\"inLanguage\":\"pt-BR\"},{\"@type\":\"WebPage\",\"@id\":\"https:\/\/abrelivros.org.br\/site\/minc-anuncia-600-bibliotecas-comunitarias\/#webpage\",\"url\":\"https:\/\/abrelivros.org.br\/site\/minc-anuncia-600-bibliotecas-comunitarias\/\",\"name\":\"MinC anuncia 600 bibliotecas comunit\\u00e1rias &raquo; Abrelivros\",\"isPartOf\":{\"@id\":\"https:\/\/abrelivros.org.br\/site\/#website\"},\"datePublished\":\"2008-10-03T18:42:00+00:00\",\"dateModified\":\"2008-10-03T18:42:00+00:00\",\"author\":{\"@id\":\"https:\/\/abrelivros.org.br\/site\/#\/schema\/person\/2b867f13a717bb230f1a3555505f5593\"},\"breadcrumb\":{\"@id\":\"https:\/\/abrelivros.org.br\/site\/minc-anuncia-600-bibliotecas-comunitarias\/#breadcrumb\"},\"inLanguage\":\"pt-BR\",\"potentialAction\":[{\"@type\":\"ReadAction\",\"target\":[\"https:\/\/abrelivros.org.br\/site\/minc-anuncia-600-bibliotecas-comunitarias\/\"]}]},{\"@type\":\"BreadcrumbList\",\"@id\":\"https:\/\/abrelivros.org.br\/site\/minc-anuncia-600-bibliotecas-comunitarias\/#breadcrumb\",\"itemListElement\":[{\"@type\":\"ListItem\",\"position\":1,\"item\":{\"@type\":\"WebPage\",\"@id\":\"https:\/\/abrelivros.org.br\/site\/\",\"url\":\"https:\/\/abrelivros.org.br\/site\/\",\"name\":\"In\\u00edcio\"}},{\"@type\":\"ListItem\",\"position\":2,\"item\":{\"@type\":\"WebPage\",\"@id\":\"https:\/\/abrelivros.org.br\/site\/category\/noticias\/\",\"url\":\"https:\/\/abrelivros.org.br\/site\/category\/noticias\/\",\"name\":\"Not\\u00edcias\"}},{\"@type\":\"ListItem\",\"position\":3,\"item\":{\"@type\":\"WebPage\",\"@id\":\"https:\/\/abrelivros.org.br\/site\/category\/noticias\/noticias-da-imprensa\/\",\"url\":\"https:\/\/abrelivros.org.br\/site\/category\/noticias\/noticias-da-imprensa\/\",\"name\":\"Not\\u00edcias da imprensa\"}},{\"@type\":\"ListItem\",\"position\":4,\"item\":{\"@type\":\"WebPage\",\"@id\":\"https:\/\/abrelivros.org.br\/site\/minc-anuncia-600-bibliotecas-comunitarias\/\",\"url\":\"https:\/\/abrelivros.org.br\/site\/minc-anuncia-600-bibliotecas-comunitarias\/\",\"name\":\"MinC anuncia 600 bibliotecas comunit\\u00e1rias\"}}]},{\"@type\":\"Person\",\"@id\":\"https:\/\/abrelivros.org.br\/site\/#\/schema\/person\/2b867f13a717bb230f1a3555505f5593\",\"name\":\"\\u00a0\",\"image\":{\"@type\":\"ImageObject\",\"@id\":\"https:\/\/abrelivros.org.br\/site\/#personlogo\",\"inLanguage\":\"pt-BR\",\"url\":\"https:\/\/secure.gravatar.com\/avatar\/e80b7f5231be2fff5040a8023da424898002831c5439420df182ae62676d2a6f?s=96&d=mm&r=g\",\"caption\":\"\\u00a0\"}}]}<\/script>\n<!-- \/ Yoast SEO plugin. -->","_links":{"self":[{"href":"https:\/\/abrelivros.org.br\/site\/wp-json\/wp\/v2\/posts\/2408","targetHints":{"allow":["GET"]}}],"collection":[{"href":"https:\/\/abrelivros.org.br\/site\/wp-json\/wp\/v2\/posts"}],"about":[{"href":"https:\/\/abrelivros.org.br\/site\/wp-json\/wp\/v2\/types\/post"}],"author":[{"embeddable":true,"href":"https:\/\/abrelivros.org.br\/site\/wp-json\/wp\/v2\/users\/1"}],"replies":[{"embeddable":true,"href":"https:\/\/abrelivros.org.br\/site\/wp-json\/wp\/v2\/comments?post=2408"}],"version-history":[{"count":0,"href":"https:\/\/abrelivros.org.br\/site\/wp-json\/wp\/v2\/posts\/2408\/revisions"}],"wp:attachment":[{"href":"https:\/\/abrelivros.org.br\/site\/wp-json\/wp\/v2\/media?parent=2408"}],"wp:term":[{"taxonomy":"category","embeddable":true,"href":"https:\/\/abrelivros.org.br\/site\/wp-json\/wp\/v2\/categories?post=2408"},{"taxonomy":"post_tag","embeddable":true,"href":"https:\/\/abrelivros.org.br\/site\/wp-json\/wp\/v2\/tags?post=2408"}],"curies":[{"name":"wp","href":"https:\/\/api.w.org\/{rel}","templated":true}]}}