{"id":2405,"date":"2008-10-07T14:43:00","date_gmt":"2008-10-07T17:43:00","guid":{"rendered":"https:\/\/abrelivros.org.br\/site\/2008\/10\/07\/dia-estadual-da-leitura\/"},"modified":"2008-10-07T14:43:00","modified_gmt":"2008-10-07T17:43:00","slug":"dia-estadual-da-leitura","status":"publish","type":"post","link":"https:\/\/abrelivros.org.br\/site\/dia-estadual-da-leitura\/","title":{"rendered":"Dia Estadual da Leitura"},"content":{"rendered":"<p>No estado de S\u00e3o Paulo \u00e9 lei: 12 de outubro \u00e9 o Dia da Leitura. E a Secretaria Estadual da Cultura, atrav\u00e9s da Organiza\u00e7\u00e3o Social (OS) Poeisis, juntamente com o Instituto Ecofuturo, realizar\u00e1 um projeto em todo o estado. A a\u00e7\u00e3o tem o apoio da Suzano, Funda\u00e7\u00e3o Vitor Civita, Grupo Gerdau, FNLIJ, Livraria Martins Fontes e PublishNews, e consiste na amplia\u00e7\u00e3o de oportunidades para que o tema do dia seja atendido: \u201cLeia um livro com seu filho\u201d. <br \/> \u00a0<br \/> A Secretaria organizou oficinas para preparar bibliotec\u00e1rios, crecheiros, funcion\u00e1rios p\u00fablicos, professores, agentes de sa\u00fade e outros trabalhadores e volunt\u00e1rios que se disponham a trabalhar para que mais e mais crian\u00e7as tomem gosto pela leitura. As oficinas \u201cBrincar de ler\u201d est\u00e3o preparando pessoas que se comprometeram a realizar leituras, no dia 12, em institui\u00e7\u00e3o ou ambiente de trabalho, a partir das propostas apresentadas. \u00a0<br \/> \u00a0<br \/> No site <a href=\"http:\/\/www.diadaleitura.org.br\/\" target=\"_blank\" rel=\"noopener noreferrer\">www.diadaleitura.org.br<\/a> tamb\u00e9m ser\u00e1 disponibilizado um ambiente especial para os participantes da oficina. O Dia da Leitura \u00e9 uma realidade em S\u00e3o Paulo e h\u00e1 uma lei em tramita\u00e7\u00e3o em \u00e2mbito nacional, de autoria do Senador Crist\u00f3v\u00e3o Buarque, que prop\u00f5e a transforma\u00e7\u00e3o desta numa data nacional. Nesta quarta-feira voc\u00ea poder\u00e1 conferir no PublishNews a programa\u00e7\u00e3o especial da Casa das Rosas e do Centro Cultural S\u00e3o Paulo.  \u00a0<br \/> \u00a0<br \/> \u00a0<br \/> \u00a0<br \/><B> PublishNews no Dia da Leitura \u00a0<br \/><\/B> Publishnews &#8211; Ricardo Costa \u00a0<br \/> \u00a0<br \/> Em S\u00e3o Paulo, todas as bibliotecas estar\u00e3o abertas, os CEUs tamb\u00e9m. Haver\u00e1 conta\u00e7\u00e3o de hist\u00f3rias nas bibliotecas e atividades em livrarias e outras \u00e1reas da cidade. Ampliando um pouco mais o tema do Dia da Leitura \u2013 \u201cLeia um livro com seu filho\u201d \u2013, o PublishNews convida voc\u00ea: \u201cLeia um livro\u201d. \u00a0<br \/> \u00a0<br \/> Com patroc\u00ednio exclusivo da Livraria Martins Fontes da Avenida Paulista (Av. Paulista, 509 \u2013 S\u00e3o Paulo\/SP. Tel.: 11-2167-9900), na sexta-feira, dia 10, estar\u00e1 no ar uma hotpage no site do PublishNews e ser\u00e1 poss\u00edvel acompanhar not\u00edcias e novidades da data. Da zero hora de s\u00e1bado (11\/10) \u00e0s 24h de domingo (12\/10), estar\u00e3o dispon\u00edveis na hotpage alguns livros em PDF para download gratuito. As editoras Callis, WMF Martins Fontes, Saraiva e Plugme (com um audiolivro), em acordo com seus autores, est\u00e3o disponibilizando esses livros em uma a\u00e7\u00e3o especial de apoio ao Dia Estadual da Leitura. \u00a0<br \/> \u00a0<br \/> \u201cA Livraria Martins Fontes, conhecedora dos enormes desafios do Brasil na \u00e1rea da educa\u00e7\u00e3o, procura sempre estar ao lado de iniciativas inovadoras de incentivo e valoriza\u00e7\u00e3o da leitura\u201c, declarou Alexandre Martins Fontes. O leitor poder\u00e1 encontrar esses livros das editoras participantes em destaque na loja e no site da Livraria Martins Fontes da Avenida Paulista. No dia 12, domingo, voc\u00ea receber\u00e1 uma newsletter especial do Dia da Leitura. Leia um livro!\u00a0<br \/> \u00a0<\/p>\n<p><\/p>\n","protected":false},"excerpt":{"rendered":"<p>No estado de S\u00e3o Paulo \u00e9 lei: 12 de outubro \u00e9 o Dia da Leitura. E a Secretaria Estadual da Cultura, atrav\u00e9s da Organiza\u00e7\u00e3o Social (OS) Poeisis, juntamente com o Instituto Ecofuturo, realizar\u00e1 um projeto em todo o estado. A a\u00e7\u00e3o tem o apoio da Suzano, Funda\u00e7\u00e3o Vitor Civita, Grupo Gerdau, FNLIJ, Livraria Martins Fontes [&hellip;]<\/p>\n","protected":false},"author":1,"featured_media":0,"comment_status":"closed","ping_status":"closed","sticky":false,"template":"","format":"standard","meta":{"footnotes":"","_links_to":"","_links_to_target":""},"categories":[9],"tags":[],"class_list":["post-2405","post","type-post","status-publish","format-standard","hentry","category-noticias-da-imprensa"],"yoast_head":"<!-- This site is optimized with the Yoast SEO plugin v15.1 - https:\/\/yoast.com\/wordpress\/plugins\/seo\/ -->\n<title>Dia Estadual da Leitura &raquo; Abrelivros<\/title>\n<meta name=\"robots\" content=\"index, follow, max-snippet:-1, max-image-preview:large, max-video-preview:-1\" \/>\n<link rel=\"canonical\" href=\"https:\/\/abrelivros.org.br\/site\/dia-estadual-da-leitura\/\" \/>\n<meta property=\"og:locale\" content=\"pt_BR\" \/>\n<meta property=\"og:type\" content=\"article\" \/>\n<meta property=\"og:title\" content=\"Dia Estadual da Leitura &raquo; Abrelivros\" \/>\n<meta property=\"og:description\" content=\"No estado de S\u00e3o Paulo \u00e9 lei: 12 de outubro \u00e9 o Dia da Leitura. E a Secretaria Estadual da Cultura, atrav\u00e9s da Organiza\u00e7\u00e3o Social (OS) Poeisis, juntamente com o Instituto Ecofuturo, realizar\u00e1 um projeto em todo o estado. A a\u00e7\u00e3o tem o apoio da Suzano, Funda\u00e7\u00e3o Vitor Civita, Grupo Gerdau, FNLIJ, Livraria Martins Fontes [&hellip;]\" \/>\n<meta property=\"og:url\" content=\"https:\/\/abrelivros.org.br\/site\/dia-estadual-da-leitura\/\" \/>\n<meta property=\"og:site_name\" content=\"Abrelivros\" \/>\n<meta property=\"article:published_time\" content=\"2008-10-07T17:43:00+00:00\" \/>\n<meta name=\"twitter:card\" content=\"summary_large_image\" \/>\n<script type=\"application\/ld+json\" class=\"yoast-schema-graph\">{\"@context\":\"https:\/\/schema.org\",\"@graph\":[{\"@type\":\"WebSite\",\"@id\":\"https:\/\/abrelivros.org.br\/site\/#website\",\"url\":\"https:\/\/abrelivros.org.br\/site\/\",\"name\":\"Abrelivros\",\"description\":\"\",\"potentialAction\":[{\"@type\":\"SearchAction\",\"target\":\"https:\/\/abrelivros.org.br\/site\/?s={search_term_string}\",\"query-input\":\"required name=search_term_string\"}],\"inLanguage\":\"pt-BR\"},{\"@type\":\"WebPage\",\"@id\":\"https:\/\/abrelivros.org.br\/site\/dia-estadual-da-leitura\/#webpage\",\"url\":\"https:\/\/abrelivros.org.br\/site\/dia-estadual-da-leitura\/\",\"name\":\"Dia Estadual da Leitura &raquo; Abrelivros\",\"isPartOf\":{\"@id\":\"https:\/\/abrelivros.org.br\/site\/#website\"},\"datePublished\":\"2008-10-07T17:43:00+00:00\",\"dateModified\":\"2008-10-07T17:43:00+00:00\",\"author\":{\"@id\":\"https:\/\/abrelivros.org.br\/site\/#\/schema\/person\/2b867f13a717bb230f1a3555505f5593\"},\"breadcrumb\":{\"@id\":\"https:\/\/abrelivros.org.br\/site\/dia-estadual-da-leitura\/#breadcrumb\"},\"inLanguage\":\"pt-BR\",\"potentialAction\":[{\"@type\":\"ReadAction\",\"target\":[\"https:\/\/abrelivros.org.br\/site\/dia-estadual-da-leitura\/\"]}]},{\"@type\":\"BreadcrumbList\",\"@id\":\"https:\/\/abrelivros.org.br\/site\/dia-estadual-da-leitura\/#breadcrumb\",\"itemListElement\":[{\"@type\":\"ListItem\",\"position\":1,\"item\":{\"@type\":\"WebPage\",\"@id\":\"https:\/\/abrelivros.org.br\/site\/\",\"url\":\"https:\/\/abrelivros.org.br\/site\/\",\"name\":\"In\\u00edcio\"}},{\"@type\":\"ListItem\",\"position\":2,\"item\":{\"@type\":\"WebPage\",\"@id\":\"https:\/\/abrelivros.org.br\/site\/category\/noticias\/\",\"url\":\"https:\/\/abrelivros.org.br\/site\/category\/noticias\/\",\"name\":\"Not\\u00edcias\"}},{\"@type\":\"ListItem\",\"position\":3,\"item\":{\"@type\":\"WebPage\",\"@id\":\"https:\/\/abrelivros.org.br\/site\/category\/noticias\/noticias-da-imprensa\/\",\"url\":\"https:\/\/abrelivros.org.br\/site\/category\/noticias\/noticias-da-imprensa\/\",\"name\":\"Not\\u00edcias da imprensa\"}},{\"@type\":\"ListItem\",\"position\":4,\"item\":{\"@type\":\"WebPage\",\"@id\":\"https:\/\/abrelivros.org.br\/site\/dia-estadual-da-leitura\/\",\"url\":\"https:\/\/abrelivros.org.br\/site\/dia-estadual-da-leitura\/\",\"name\":\"Dia Estadual da Leitura\"}}]},{\"@type\":\"Person\",\"@id\":\"https:\/\/abrelivros.org.br\/site\/#\/schema\/person\/2b867f13a717bb230f1a3555505f5593\",\"name\":\"\\u00a0\",\"image\":{\"@type\":\"ImageObject\",\"@id\":\"https:\/\/abrelivros.org.br\/site\/#personlogo\",\"inLanguage\":\"pt-BR\",\"url\":\"https:\/\/secure.gravatar.com\/avatar\/e80b7f5231be2fff5040a8023da424898002831c5439420df182ae62676d2a6f?s=96&d=mm&r=g\",\"caption\":\"\\u00a0\"}}]}<\/script>\n<!-- \/ Yoast SEO plugin. -->","_links":{"self":[{"href":"https:\/\/abrelivros.org.br\/site\/wp-json\/wp\/v2\/posts\/2405","targetHints":{"allow":["GET"]}}],"collection":[{"href":"https:\/\/abrelivros.org.br\/site\/wp-json\/wp\/v2\/posts"}],"about":[{"href":"https:\/\/abrelivros.org.br\/site\/wp-json\/wp\/v2\/types\/post"}],"author":[{"embeddable":true,"href":"https:\/\/abrelivros.org.br\/site\/wp-json\/wp\/v2\/users\/1"}],"replies":[{"embeddable":true,"href":"https:\/\/abrelivros.org.br\/site\/wp-json\/wp\/v2\/comments?post=2405"}],"version-history":[{"count":0,"href":"https:\/\/abrelivros.org.br\/site\/wp-json\/wp\/v2\/posts\/2405\/revisions"}],"wp:attachment":[{"href":"https:\/\/abrelivros.org.br\/site\/wp-json\/wp\/v2\/media?parent=2405"}],"wp:term":[{"taxonomy":"category","embeddable":true,"href":"https:\/\/abrelivros.org.br\/site\/wp-json\/wp\/v2\/categories?post=2405"},{"taxonomy":"post_tag","embeddable":true,"href":"https:\/\/abrelivros.org.br\/site\/wp-json\/wp\/v2\/tags?post=2405"}],"curies":[{"name":"wp","href":"https:\/\/api.w.org\/{rel}","templated":true}]}}