{"id":2404,"date":"2008-10-08T14:52:00","date_gmt":"2008-10-08T17:52:00","guid":{"rendered":"https:\/\/abrelivros.org.br\/site\/2008\/10\/08\/mais-de-23-milhoes-de-alunos-receberao-obras-selecionadas\/"},"modified":"2008-10-08T14:52:00","modified_gmt":"2008-10-08T17:52:00","slug":"mais-de-23-milhoes-de-alunos-receberao-obras-selecionadas","status":"publish","type":"post","link":"https:\/\/abrelivros.org.br\/site\/mais-de-23-milhoes-de-alunos-receberao-obras-selecionadas\/","title":{"rendered":"Mais de 23 milh\u00f5es de alunos receber\u00e3o obras selecionadas"},"content":{"rendered":"<p>Cerca de 23,6 milh\u00f5es de estudantes das s\u00e9ries finais do ensino fundamental (6\u00ba ao 9\u00ba ano) e do ensino m\u00e9dio poder\u00e3o ler, consultar e pesquisar, nas bibliotecas das suas escolas, 300 novas obras liter\u00e1rias. Os acervos do Programa Nacional Biblioteca da Escola (PNBE) que chegar\u00e3o \u00e0s escolas das redes p\u00fablicas, estaduais e municipais, no primeiro semestre de 2009, compreendem 12 g\u00eaneros liter\u00e1rios.\u00a0<br \/> \u00a0<br \/> Das 2.088 obras avaliadas nesta etapa do PNBE, foram selecionadas 600, sendo 300 para o ensino fundamental (s\u00e9ries finais) e 300 para o ensino m\u00e9dio. A rela\u00e7\u00e3o dos 600 t\u00edtulos foi publicada no Di\u00e1rio Oficial da Uni\u00e3o nesta ter\u00e7a-feira, 7, se\u00e7\u00e3o 1, p\u00e1ginas 6 a 9.\u00a0<br \/> \u00a0<br \/> Dados do Fundo Nacional de Desenvolvimento da Educa\u00e7\u00e3o (FNDE) indicam que os acervos v\u00e3o atender 49.327 escolas que oferecem as s\u00e9ries finais do ensino fundamental, onde estudam 16,4 milh\u00f5es de alunos, e 17.471 escolas de ensino m\u00e9dio, com 7,2 milh\u00f5es de alunos. \u00a0<br \/> \u00a0<br \/> Os t\u00edtulos ser\u00e3o distribu\u00eddos \u00e0s bibliotecas escolares segundo o n\u00famero de matr\u00edculas registrado no Censo Escolar. Escolas com at\u00e9 250 alunos receber\u00e3o 100 t\u00edtulos; de 251 a 500 alunos, 200 obras; acima de 501 estudantes, 300 t\u00edtulos. Os acervos ser\u00e3o compostos por poema, conto, cr\u00f4nica, teatro, texto de tradi\u00e7\u00e3o popular, romance, mem\u00f3ria, di\u00e1rio, biografia, ensaio, hist\u00f3rias em quadrinhos e obras cl\u00e1ssicas. \u00a0<br \/> \u00a0<br \/> Aventura do conhecimento \u2013 A nova cole\u00e7\u00e3o do PNBE traz aos estudantes do ensino fundamental a oportunidade de viajar pelo mundo da literatura em obras como A volta da gra\u00fana, de Henfil (quadrinhos); Perdido no ciberespa\u00e7o, de Leonardo Cunha (literatura infanto-juvenil); A alma do urso, de Gustavo Bernardo; Viagem pelo Brasil em 52 hist\u00f3rias, de Silvana Saterno, entre outros.\u00a0<br \/> \u00a0<br \/> Os alunos do ensino m\u00e9dio ter\u00e3o acesso a livros de literatura brasileira e internacional. Est\u00e3o na cole\u00e7\u00e3o, Tia J\u00falia e o escrevinhador, de M\u00e1rio Vargas Llosa; Agosto, de Rubem Fonseca; Cem anos de solid\u00e3o, de Gabriel Garcia M\u00e1rquez (Pr\u00eamio Nobel de Literatura em 1982); Anarquistas, gra\u00e7as a Deus, de Z\u00e9lia Gattai; Dois amigos e um chato, de Stanislaw Ponte Preta; Crime e castigo, de Fiodor Dostoievski; Contos \u00e1rabes para jovens de todos os lugares, de Maria Luisa Sorano Martins; A casca da serpente, de Jos\u00e9 Veiga; Gianfranceso Guarnieri: cr\u00f4nicas 1964; Orlando Villas-Boas: hist\u00f3rias e causos, Orlando Villas-Boas (biografia, di\u00e1rio, mem\u00f3rias).\u00a0<br \/> \u00a0<br \/> A <a href=\"http:\/\/portal.mec.gov.br\/arquivos\/pdf\/pnbe.pdf\" target=\"_blank\" rel=\"noopener noreferrer\">rela\u00e7\u00e3o dos 600 livros<\/a> se divide em duas partes: s\u00e3o 300 t\u00edtulos para as s\u00e9ries finais do ensino fundamental e 300 para o ensino m\u00e9dio. \u00a0<br \/> \u00a0<\/p>\n<p><a href=\"https:\/\/abrelivros.org.br\/site\/images\/stories\/arquivos\/antigos\/3541.xls\" target=\"_blank\" rel=\"noopener noreferrer\">PNBE 2009 &#8211; Resultado Avalia\u00e7\u00e3o (Abrelivros)<\/a><br \/>(Requer programa Microsoft Excel para abrir .xls) <\/p>\n","protected":false},"excerpt":{"rendered":"<p>Cerca de 23,6 milh\u00f5es de estudantes das s\u00e9ries finais do ensino fundamental (6\u00ba ao 9\u00ba ano) e do ensino m\u00e9dio poder\u00e3o ler, consultar e pesquisar, nas bibliotecas das suas escolas, 300 novas obras liter\u00e1rias. Os acervos do Programa Nacional Biblioteca da Escola (PNBE) que chegar\u00e3o \u00e0s escolas das redes p\u00fablicas, estaduais e municipais, no primeiro [&hellip;]<\/p>\n","protected":false},"author":1,"featured_media":0,"comment_status":"closed","ping_status":"closed","sticky":false,"template":"","format":"standard","meta":{"footnotes":"","_links_to":"","_links_to_target":""},"categories":[9],"tags":[],"class_list":["post-2404","post","type-post","status-publish","format-standard","hentry","category-noticias-da-imprensa"],"yoast_head":"<!-- This site is optimized with the Yoast SEO plugin v15.1 - https:\/\/yoast.com\/wordpress\/plugins\/seo\/ -->\n<title>Mais de 23 milh\u00f5es de alunos receber\u00e3o obras selecionadas &raquo; Abrelivros<\/title>\n<meta name=\"robots\" content=\"index, follow, max-snippet:-1, max-image-preview:large, max-video-preview:-1\" \/>\n<link rel=\"canonical\" href=\"https:\/\/abrelivros.org.br\/site\/mais-de-23-milhoes-de-alunos-receberao-obras-selecionadas\/\" \/>\n<meta property=\"og:locale\" content=\"pt_BR\" \/>\n<meta property=\"og:type\" content=\"article\" \/>\n<meta property=\"og:title\" content=\"Mais de 23 milh\u00f5es de alunos receber\u00e3o obras selecionadas &raquo; Abrelivros\" \/>\n<meta property=\"og:description\" content=\"Cerca de 23,6 milh\u00f5es de estudantes das s\u00e9ries finais do ensino fundamental (6\u00ba ao 9\u00ba ano) e do ensino m\u00e9dio poder\u00e3o ler, consultar e pesquisar, nas bibliotecas das suas escolas, 300 novas obras liter\u00e1rias. Os acervos do Programa Nacional Biblioteca da Escola (PNBE) que chegar\u00e3o \u00e0s escolas das redes p\u00fablicas, estaduais e municipais, no primeiro [&hellip;]\" \/>\n<meta property=\"og:url\" content=\"https:\/\/abrelivros.org.br\/site\/mais-de-23-milhoes-de-alunos-receberao-obras-selecionadas\/\" \/>\n<meta property=\"og:site_name\" content=\"Abrelivros\" \/>\n<meta property=\"article:published_time\" content=\"2008-10-08T17:52:00+00:00\" \/>\n<meta name=\"twitter:card\" content=\"summary_large_image\" \/>\n<script type=\"application\/ld+json\" class=\"yoast-schema-graph\">{\"@context\":\"https:\/\/schema.org\",\"@graph\":[{\"@type\":\"WebSite\",\"@id\":\"https:\/\/abrelivros.org.br\/site\/#website\",\"url\":\"https:\/\/abrelivros.org.br\/site\/\",\"name\":\"Abrelivros\",\"description\":\"\",\"potentialAction\":[{\"@type\":\"SearchAction\",\"target\":\"https:\/\/abrelivros.org.br\/site\/?s={search_term_string}\",\"query-input\":\"required name=search_term_string\"}],\"inLanguage\":\"pt-BR\"},{\"@type\":\"WebPage\",\"@id\":\"https:\/\/abrelivros.org.br\/site\/mais-de-23-milhoes-de-alunos-receberao-obras-selecionadas\/#webpage\",\"url\":\"https:\/\/abrelivros.org.br\/site\/mais-de-23-milhoes-de-alunos-receberao-obras-selecionadas\/\",\"name\":\"Mais de 23 milh\\u00f5es de alunos receber\\u00e3o obras selecionadas &raquo; Abrelivros\",\"isPartOf\":{\"@id\":\"https:\/\/abrelivros.org.br\/site\/#website\"},\"datePublished\":\"2008-10-08T17:52:00+00:00\",\"dateModified\":\"2008-10-08T17:52:00+00:00\",\"author\":{\"@id\":\"https:\/\/abrelivros.org.br\/site\/#\/schema\/person\/2b867f13a717bb230f1a3555505f5593\"},\"breadcrumb\":{\"@id\":\"https:\/\/abrelivros.org.br\/site\/mais-de-23-milhoes-de-alunos-receberao-obras-selecionadas\/#breadcrumb\"},\"inLanguage\":\"pt-BR\",\"potentialAction\":[{\"@type\":\"ReadAction\",\"target\":[\"https:\/\/abrelivros.org.br\/site\/mais-de-23-milhoes-de-alunos-receberao-obras-selecionadas\/\"]}]},{\"@type\":\"BreadcrumbList\",\"@id\":\"https:\/\/abrelivros.org.br\/site\/mais-de-23-milhoes-de-alunos-receberao-obras-selecionadas\/#breadcrumb\",\"itemListElement\":[{\"@type\":\"ListItem\",\"position\":1,\"item\":{\"@type\":\"WebPage\",\"@id\":\"https:\/\/abrelivros.org.br\/site\/\",\"url\":\"https:\/\/abrelivros.org.br\/site\/\",\"name\":\"In\\u00edcio\"}},{\"@type\":\"ListItem\",\"position\":2,\"item\":{\"@type\":\"WebPage\",\"@id\":\"https:\/\/abrelivros.org.br\/site\/category\/noticias\/\",\"url\":\"https:\/\/abrelivros.org.br\/site\/category\/noticias\/\",\"name\":\"Not\\u00edcias\"}},{\"@type\":\"ListItem\",\"position\":3,\"item\":{\"@type\":\"WebPage\",\"@id\":\"https:\/\/abrelivros.org.br\/site\/category\/noticias\/noticias-da-imprensa\/\",\"url\":\"https:\/\/abrelivros.org.br\/site\/category\/noticias\/noticias-da-imprensa\/\",\"name\":\"Not\\u00edcias da imprensa\"}},{\"@type\":\"ListItem\",\"position\":4,\"item\":{\"@type\":\"WebPage\",\"@id\":\"https:\/\/abrelivros.org.br\/site\/mais-de-23-milhoes-de-alunos-receberao-obras-selecionadas\/\",\"url\":\"https:\/\/abrelivros.org.br\/site\/mais-de-23-milhoes-de-alunos-receberao-obras-selecionadas\/\",\"name\":\"Mais de 23 milh\\u00f5es de alunos receber\\u00e3o obras selecionadas\"}}]},{\"@type\":\"Person\",\"@id\":\"https:\/\/abrelivros.org.br\/site\/#\/schema\/person\/2b867f13a717bb230f1a3555505f5593\",\"name\":\"\\u00a0\",\"image\":{\"@type\":\"ImageObject\",\"@id\":\"https:\/\/abrelivros.org.br\/site\/#personlogo\",\"inLanguage\":\"pt-BR\",\"url\":\"https:\/\/secure.gravatar.com\/avatar\/e80b7f5231be2fff5040a8023da424898002831c5439420df182ae62676d2a6f?s=96&d=mm&r=g\",\"caption\":\"\\u00a0\"}}]}<\/script>\n<!-- \/ Yoast SEO plugin. -->","_links":{"self":[{"href":"https:\/\/abrelivros.org.br\/site\/wp-json\/wp\/v2\/posts\/2404","targetHints":{"allow":["GET"]}}],"collection":[{"href":"https:\/\/abrelivros.org.br\/site\/wp-json\/wp\/v2\/posts"}],"about":[{"href":"https:\/\/abrelivros.org.br\/site\/wp-json\/wp\/v2\/types\/post"}],"author":[{"embeddable":true,"href":"https:\/\/abrelivros.org.br\/site\/wp-json\/wp\/v2\/users\/1"}],"replies":[{"embeddable":true,"href":"https:\/\/abrelivros.org.br\/site\/wp-json\/wp\/v2\/comments?post=2404"}],"version-history":[{"count":0,"href":"https:\/\/abrelivros.org.br\/site\/wp-json\/wp\/v2\/posts\/2404\/revisions"}],"wp:attachment":[{"href":"https:\/\/abrelivros.org.br\/site\/wp-json\/wp\/v2\/media?parent=2404"}],"wp:term":[{"taxonomy":"category","embeddable":true,"href":"https:\/\/abrelivros.org.br\/site\/wp-json\/wp\/v2\/categories?post=2404"},{"taxonomy":"post_tag","embeddable":true,"href":"https:\/\/abrelivros.org.br\/site\/wp-json\/wp\/v2\/tags?post=2404"}],"curies":[{"name":"wp","href":"https:\/\/api.w.org\/{rel}","templated":true}]}}