{"id":2403,"date":"2008-10-08T15:39:00","date_gmt":"2008-10-08T18:39:00","guid":{"rendered":"https:\/\/abrelivros.org.br\/site\/2008\/10\/08\/softs-se-adaptam-ao-acordo-ortografico\/"},"modified":"2008-10-08T15:39:00","modified_gmt":"2008-10-08T18:39:00","slug":"softs-se-adaptam-ao-acordo-ortografico","status":"publish","type":"post","link":"https:\/\/abrelivros.org.br\/site\/softs-se-adaptam-ao-acordo-ortografico\/","title":{"rendered":"Softs se adaptam ao acordo ortogr\u00e1fico"},"content":{"rendered":"<p>Um dos impactos do Acordo Ortogr\u00e1fico, assinado na semana passada pelo presidente Luiz In\u00e1cio Lula da Silva, se dar\u00e1 sobre a inform\u00e1tica, a come\u00e7ar pelos verificadores ortogr\u00e1ficos dos editores de texto.\u00a0<br \/> \u00a0<br \/> Segundo a Microsoft, a atualiza\u00e7\u00e3o do corretor do pacote Office ser\u00e1 gratuita para todos os usu\u00e1rios.\u00a0<br \/> \u00a0<br \/> O Acordo Ortogr\u00e1fico mudar\u00e1 a grafia de aproximadamente 0,5% das palavras no Brasil. \u00a0<br \/> \u00a0<br \/> Mudan\u00e7as como o fim do trema, do acento agudo em ditongos abertos (\u201cid\u00e9ia\u201c ser\u00e1 \u201cideia\u201c) e do acento circunflexo com duplos \u201ce\u201c e \u201co\u201c (\u201cv\u00f4o\u201c ser\u00e1 \u201cvoo\u201c) ocorrer\u00e3o gradativamente de 1\u00ba de janeiro do pr\u00f3ximo ano at\u00e9 2012.\u00a0<br \/> \u00a0<br \/> Segundo Eduardo Campos, gerente-geral da divis\u00e3o de produtividade e colabora\u00e7\u00e3o da Microsoft, ainda n\u00e3o foi definida a data em que a atualiza\u00e7\u00e3o do Office estar\u00e1 dispon\u00edvel, \u201cmas h\u00e1 um comprometimento da Microsoft em colocar isso \u00e0 disposi\u00e7\u00e3o dentro do prazo estabelecido pelo governo\u201c.\u00a0<br \/> \u00a0<br \/> \u201cEssa atualiza\u00e7\u00e3o poder\u00e1 vir dentro de um service pack [pacote de atualiza\u00e7\u00f5es], que acontece de tempos em tempos nos produtos, ou, eventualmente, pode at\u00e9 haver uma atualiza\u00e7\u00e3o espec\u00edfica para o Office do Brasil\u201c, afirmou Campos.\u00a0<br \/> \u00a0<br \/> Assim como \u00e9 poss\u00edvel manter em uma mesma instala\u00e7\u00e3o do Office corretores ortogr\u00e1ficos de idiomas diferentes, voc\u00ea tamb\u00e9m poder\u00e1 deixar dicion\u00e1rios adaptados para a ortografia atual e para a nova, segundo Campos.\u00a0<br \/> \u00a0<br \/> O gerente-geral explicou ainda que as interfaces dos programas da Microsoft -os menus do Windows, por exemplo- ser\u00e3o adaptadas gradativamente at\u00e9 2012.\u00a0<br \/> \u00a0<br \/><B> BrOffice.org\u00a0<br \/> \u00a0<br \/><\/B> Um dos maiores concorrentes do Office, o pacote gratuito BrOffice.org saiu na frente: colocou para download, em julho deste ano, o verificador atualizado para a reforma.\u00a0<br \/> \u00a0<br \/> O corretor pode ser baixado gratuitamente em www.broffice.org\/verortografico. Depois, \u00e9 necess\u00e1rio descompactar os arquivos e, no Windows, copi\u00e1-los para a pasta C:Arquivos de programasBrOffice.org2.3sharedictooo.\u00a0<br \/> \u00a0<br \/> Nos testes da Folha, o verificador se saiu bem ao analisar frases como \u201cEles cr\u00eaem ter uma boa id\u00e9ia para tranq\u00fcilizar os passageiros do v\u00f4o\u201c (que se tornar\u00e1 \u201cEles creem ter uma boa ideia para tranquilizar os passageiros do voo\u201c).\u00a0<br \/> \u00a0<br \/> Coordenado por Raimundo Santos Moura, o processo de atualiza\u00e7\u00e3o do corretor ortogr\u00e1fico j\u00e1 envolveu 82 volunt\u00e1rios.\u00a0<br \/> \u00a0<br \/> \u201c\u00c9 f\u00e1cil colaborar. Voc\u00ea observa, ao digitar um determinado texto no BrOffice.org, que uma palavra correta ficou grifada em vermelho. A\u00ed voc\u00ea nos envia um e-mail relatando esta palavra\u201c, diz um texto no site.\u00a0<br \/> \u00a0<br \/><B> Google Docs\u00a0<br \/> \u00a0<br \/><\/B> At\u00e9 a conclus\u00e3o desta edi\u00e7\u00e3o, o Google ainda n\u00e3o havia respondido \u00e0s solicita\u00e7\u00f5es da reportagem para detalhar os planos de atualiza\u00e7\u00e3o do corretor ortogr\u00e1fico do pacote de escrit\u00f3rio on-line Google Docs &#038; Spreadsheets (docs.google.com).\u00a0<br \/> \u00a0<\/p>\n","protected":false},"excerpt":{"rendered":"<p>Um dos impactos do Acordo Ortogr\u00e1fico, assinado na semana passada pelo presidente Luiz In\u00e1cio Lula da Silva, se dar\u00e1 sobre a inform\u00e1tica, a come\u00e7ar pelos verificadores ortogr\u00e1ficos dos editores de texto.\u00a0 \u00a0 Segundo a Microsoft, a atualiza\u00e7\u00e3o do corretor do pacote Office ser\u00e1 gratuita para todos os usu\u00e1rios.\u00a0 \u00a0 O Acordo Ortogr\u00e1fico mudar\u00e1 a grafia [&hellip;]<\/p>\n","protected":false},"author":1,"featured_media":0,"comment_status":"closed","ping_status":"closed","sticky":false,"template":"","format":"standard","meta":{"footnotes":"","_links_to":"","_links_to_target":""},"categories":[9],"tags":[],"class_list":["post-2403","post","type-post","status-publish","format-standard","hentry","category-noticias-da-imprensa"],"yoast_head":"<!-- This site is optimized with the Yoast SEO plugin v15.1 - https:\/\/yoast.com\/wordpress\/plugins\/seo\/ -->\n<title>Softs se adaptam ao acordo ortogr\u00e1fico &raquo; Abrelivros<\/title>\n<meta name=\"robots\" content=\"index, follow, max-snippet:-1, max-image-preview:large, max-video-preview:-1\" \/>\n<link rel=\"canonical\" href=\"https:\/\/abrelivros.org.br\/site\/softs-se-adaptam-ao-acordo-ortografico\/\" \/>\n<meta property=\"og:locale\" content=\"pt_BR\" \/>\n<meta property=\"og:type\" content=\"article\" \/>\n<meta property=\"og:title\" content=\"Softs se adaptam ao acordo ortogr\u00e1fico &raquo; Abrelivros\" \/>\n<meta property=\"og:description\" content=\"Um dos impactos do Acordo Ortogr\u00e1fico, assinado na semana passada pelo presidente Luiz In\u00e1cio Lula da Silva, se dar\u00e1 sobre a inform\u00e1tica, a come\u00e7ar pelos verificadores ortogr\u00e1ficos dos editores de texto.\u00a0 \u00a0 Segundo a Microsoft, a atualiza\u00e7\u00e3o do corretor do pacote Office ser\u00e1 gratuita para todos os usu\u00e1rios.\u00a0 \u00a0 O Acordo Ortogr\u00e1fico mudar\u00e1 a grafia [&hellip;]\" \/>\n<meta property=\"og:url\" content=\"https:\/\/abrelivros.org.br\/site\/softs-se-adaptam-ao-acordo-ortografico\/\" \/>\n<meta property=\"og:site_name\" content=\"Abrelivros\" \/>\n<meta property=\"article:published_time\" content=\"2008-10-08T18:39:00+00:00\" \/>\n<meta name=\"twitter:card\" content=\"summary_large_image\" \/>\n<script type=\"application\/ld+json\" class=\"yoast-schema-graph\">{\"@context\":\"https:\/\/schema.org\",\"@graph\":[{\"@type\":\"WebSite\",\"@id\":\"https:\/\/abrelivros.org.br\/site\/#website\",\"url\":\"https:\/\/abrelivros.org.br\/site\/\",\"name\":\"Abrelivros\",\"description\":\"\",\"potentialAction\":[{\"@type\":\"SearchAction\",\"target\":\"https:\/\/abrelivros.org.br\/site\/?s={search_term_string}\",\"query-input\":\"required name=search_term_string\"}],\"inLanguage\":\"pt-BR\"},{\"@type\":\"WebPage\",\"@id\":\"https:\/\/abrelivros.org.br\/site\/softs-se-adaptam-ao-acordo-ortografico\/#webpage\",\"url\":\"https:\/\/abrelivros.org.br\/site\/softs-se-adaptam-ao-acordo-ortografico\/\",\"name\":\"Softs se adaptam ao acordo ortogr\\u00e1fico &raquo; Abrelivros\",\"isPartOf\":{\"@id\":\"https:\/\/abrelivros.org.br\/site\/#website\"},\"datePublished\":\"2008-10-08T18:39:00+00:00\",\"dateModified\":\"2008-10-08T18:39:00+00:00\",\"author\":{\"@id\":\"https:\/\/abrelivros.org.br\/site\/#\/schema\/person\/2b867f13a717bb230f1a3555505f5593\"},\"breadcrumb\":{\"@id\":\"https:\/\/abrelivros.org.br\/site\/softs-se-adaptam-ao-acordo-ortografico\/#breadcrumb\"},\"inLanguage\":\"pt-BR\",\"potentialAction\":[{\"@type\":\"ReadAction\",\"target\":[\"https:\/\/abrelivros.org.br\/site\/softs-se-adaptam-ao-acordo-ortografico\/\"]}]},{\"@type\":\"BreadcrumbList\",\"@id\":\"https:\/\/abrelivros.org.br\/site\/softs-se-adaptam-ao-acordo-ortografico\/#breadcrumb\",\"itemListElement\":[{\"@type\":\"ListItem\",\"position\":1,\"item\":{\"@type\":\"WebPage\",\"@id\":\"https:\/\/abrelivros.org.br\/site\/\",\"url\":\"https:\/\/abrelivros.org.br\/site\/\",\"name\":\"In\\u00edcio\"}},{\"@type\":\"ListItem\",\"position\":2,\"item\":{\"@type\":\"WebPage\",\"@id\":\"https:\/\/abrelivros.org.br\/site\/category\/noticias\/\",\"url\":\"https:\/\/abrelivros.org.br\/site\/category\/noticias\/\",\"name\":\"Not\\u00edcias\"}},{\"@type\":\"ListItem\",\"position\":3,\"item\":{\"@type\":\"WebPage\",\"@id\":\"https:\/\/abrelivros.org.br\/site\/category\/noticias\/noticias-da-imprensa\/\",\"url\":\"https:\/\/abrelivros.org.br\/site\/category\/noticias\/noticias-da-imprensa\/\",\"name\":\"Not\\u00edcias da imprensa\"}},{\"@type\":\"ListItem\",\"position\":4,\"item\":{\"@type\":\"WebPage\",\"@id\":\"https:\/\/abrelivros.org.br\/site\/softs-se-adaptam-ao-acordo-ortografico\/\",\"url\":\"https:\/\/abrelivros.org.br\/site\/softs-se-adaptam-ao-acordo-ortografico\/\",\"name\":\"Softs se adaptam ao acordo ortogr\\u00e1fico\"}}]},{\"@type\":\"Person\",\"@id\":\"https:\/\/abrelivros.org.br\/site\/#\/schema\/person\/2b867f13a717bb230f1a3555505f5593\",\"name\":\"\\u00a0\",\"image\":{\"@type\":\"ImageObject\",\"@id\":\"https:\/\/abrelivros.org.br\/site\/#personlogo\",\"inLanguage\":\"pt-BR\",\"url\":\"https:\/\/secure.gravatar.com\/avatar\/e80b7f5231be2fff5040a8023da424898002831c5439420df182ae62676d2a6f?s=96&d=mm&r=g\",\"caption\":\"\\u00a0\"}}]}<\/script>\n<!-- \/ Yoast SEO plugin. -->","_links":{"self":[{"href":"https:\/\/abrelivros.org.br\/site\/wp-json\/wp\/v2\/posts\/2403","targetHints":{"allow":["GET"]}}],"collection":[{"href":"https:\/\/abrelivros.org.br\/site\/wp-json\/wp\/v2\/posts"}],"about":[{"href":"https:\/\/abrelivros.org.br\/site\/wp-json\/wp\/v2\/types\/post"}],"author":[{"embeddable":true,"href":"https:\/\/abrelivros.org.br\/site\/wp-json\/wp\/v2\/users\/1"}],"replies":[{"embeddable":true,"href":"https:\/\/abrelivros.org.br\/site\/wp-json\/wp\/v2\/comments?post=2403"}],"version-history":[{"count":0,"href":"https:\/\/abrelivros.org.br\/site\/wp-json\/wp\/v2\/posts\/2403\/revisions"}],"wp:attachment":[{"href":"https:\/\/abrelivros.org.br\/site\/wp-json\/wp\/v2\/media?parent=2403"}],"wp:term":[{"taxonomy":"category","embeddable":true,"href":"https:\/\/abrelivros.org.br\/site\/wp-json\/wp\/v2\/categories?post=2403"},{"taxonomy":"post_tag","embeddable":true,"href":"https:\/\/abrelivros.org.br\/site\/wp-json\/wp\/v2\/tags?post=2403"}],"curies":[{"name":"wp","href":"https:\/\/api.w.org\/{rel}","templated":true}]}}