{"id":2402,"date":"2008-10-10T11:18:00","date_gmt":"2008-10-10T14:18:00","guid":{"rendered":"https:\/\/abrelivros.org.br\/site\/2008\/10\/10\/fundo-pro-leitura-retoma-escalada\/"},"modified":"2008-10-10T11:18:00","modified_gmt":"2008-10-10T14:18:00","slug":"fundo-pro-leitura-retoma-escalada","status":"publish","type":"post","link":"https:\/\/abrelivros.org.br\/site\/fundo-pro-leitura-retoma-escalada\/","title":{"rendered":"Fundo Pr\u00f3-Leitura retoma escalada"},"content":{"rendered":"<p>O Minist\u00e9rio da Cultura fez chegar \u00e0s entidades do livro a minuta para cria\u00e7\u00e3o do Fundo Pr\u00f3-Leitura. A id\u00e9ia \u00e9 que a gest\u00e3o dos recursos \u2013 que pode come\u00e7ar com R$ 30 milh\u00f5es e chegar rapidamente a R$ 78 milh\u00f5es, segundo proje\u00e7\u00f5es da Universidade Federal do Rio de Janeiro (RJ) \u2013 fique mesmo com o Comit\u00ea Executivo do Plano Nacional do Livro e Leitura, vinculado aos minist\u00e9rios da Cultura e da Educa\u00e7\u00e3o. A decis\u00e3o sobre o uso dos recursos caberia ao Conselho Diretivo do PNLL, integrado por representantes do governo, editores, escritores e agentes de leitura.\u00a0<br \/> \u00a0<br \/> \u00a0<br \/>   \u00a0<br \/><B> Deve crescer apoio entre editores\u00a0<br \/><\/B> por Galeno Amorim\u00a0<br \/> \u00a0<br \/> Come\u00e7a a ganhar corpo no Sindicato Nacional dos Editores de Livro um movimento para que a entidade passe a apoiar com maior vigor a iniciativa do governo de criar o Fundo Pr\u00f3-Leitura, com contribui\u00e7\u00f5es compuls\u00f3rias de 1% sobre a receita de editores, distribuidores e livreiros. Embora tenha assinado documento de apoio \u00e0 cria\u00e7\u00e3o do Fundo, o Snel ainda era um pouco reticente quanto ao seu formato estatal. As demais entidades, com a C\u00e2mara Brasileira do Livro \u00e0 frente, ap\u00f3iam a iniciativa.\u00a0<br \/> \u00a0<br \/> De qualquer forma, as entidades do livro ainda gostariam de discutir um pouco mais a constitui\u00e7\u00e3o do Conselho que ficar\u00e1 respons\u00e1vel por decidir o uso dos recursos. Deve ser mantida a forma encontrada em 2005 para instituir a cobran\u00e7a: a cria\u00e7\u00e3o de uma CIDE (Contribui\u00e7\u00e3o de Interven\u00e7\u00e3o no Dom\u00ednio Econ\u00f4mico) do Livro.\u00a0<br \/> \u00a0<br \/> \u00a0<\/p>\n","protected":false},"excerpt":{"rendered":"<p>O Minist\u00e9rio da Cultura fez chegar \u00e0s entidades do livro a minuta para cria\u00e7\u00e3o do Fundo Pr\u00f3-Leitura. A id\u00e9ia \u00e9 que a gest\u00e3o dos recursos \u2013 que pode come\u00e7ar com R$ 30 milh\u00f5es e chegar rapidamente a R$ 78 milh\u00f5es, segundo proje\u00e7\u00f5es da Universidade Federal do Rio de Janeiro (RJ) \u2013 fique mesmo com o [&hellip;]<\/p>\n","protected":false},"author":1,"featured_media":0,"comment_status":"closed","ping_status":"closed","sticky":false,"template":"","format":"standard","meta":{"footnotes":"","_links_to":"","_links_to_target":""},"categories":[9],"tags":[],"class_list":["post-2402","post","type-post","status-publish","format-standard","hentry","category-noticias-da-imprensa"],"yoast_head":"<!-- This site is optimized with the Yoast SEO plugin v15.1 - https:\/\/yoast.com\/wordpress\/plugins\/seo\/ -->\n<title>Fundo Pr\u00f3-Leitura retoma escalada &raquo; Abrelivros<\/title>\n<meta name=\"robots\" content=\"index, follow, max-snippet:-1, max-image-preview:large, max-video-preview:-1\" \/>\n<link rel=\"canonical\" href=\"https:\/\/abrelivros.org.br\/site\/fundo-pro-leitura-retoma-escalada\/\" \/>\n<meta property=\"og:locale\" content=\"pt_BR\" \/>\n<meta property=\"og:type\" content=\"article\" \/>\n<meta property=\"og:title\" content=\"Fundo Pr\u00f3-Leitura retoma escalada &raquo; Abrelivros\" \/>\n<meta property=\"og:description\" content=\"O Minist\u00e9rio da Cultura fez chegar \u00e0s entidades do livro a minuta para cria\u00e7\u00e3o do Fundo Pr\u00f3-Leitura. A id\u00e9ia \u00e9 que a gest\u00e3o dos recursos \u2013 que pode come\u00e7ar com R$ 30 milh\u00f5es e chegar rapidamente a R$ 78 milh\u00f5es, segundo proje\u00e7\u00f5es da Universidade Federal do Rio de Janeiro (RJ) \u2013 fique mesmo com o [&hellip;]\" \/>\n<meta property=\"og:url\" content=\"https:\/\/abrelivros.org.br\/site\/fundo-pro-leitura-retoma-escalada\/\" \/>\n<meta property=\"og:site_name\" content=\"Abrelivros\" \/>\n<meta property=\"article:published_time\" content=\"2008-10-10T14:18:00+00:00\" \/>\n<meta name=\"twitter:card\" content=\"summary_large_image\" \/>\n<script type=\"application\/ld+json\" class=\"yoast-schema-graph\">{\"@context\":\"https:\/\/schema.org\",\"@graph\":[{\"@type\":\"WebSite\",\"@id\":\"https:\/\/abrelivros.org.br\/site\/#website\",\"url\":\"https:\/\/abrelivros.org.br\/site\/\",\"name\":\"Abrelivros\",\"description\":\"\",\"potentialAction\":[{\"@type\":\"SearchAction\",\"target\":\"https:\/\/abrelivros.org.br\/site\/?s={search_term_string}\",\"query-input\":\"required name=search_term_string\"}],\"inLanguage\":\"pt-BR\"},{\"@type\":\"WebPage\",\"@id\":\"https:\/\/abrelivros.org.br\/site\/fundo-pro-leitura-retoma-escalada\/#webpage\",\"url\":\"https:\/\/abrelivros.org.br\/site\/fundo-pro-leitura-retoma-escalada\/\",\"name\":\"Fundo Pr\\u00f3-Leitura retoma escalada &raquo; Abrelivros\",\"isPartOf\":{\"@id\":\"https:\/\/abrelivros.org.br\/site\/#website\"},\"datePublished\":\"2008-10-10T14:18:00+00:00\",\"dateModified\":\"2008-10-10T14:18:00+00:00\",\"author\":{\"@id\":\"https:\/\/abrelivros.org.br\/site\/#\/schema\/person\/2b867f13a717bb230f1a3555505f5593\"},\"breadcrumb\":{\"@id\":\"https:\/\/abrelivros.org.br\/site\/fundo-pro-leitura-retoma-escalada\/#breadcrumb\"},\"inLanguage\":\"pt-BR\",\"potentialAction\":[{\"@type\":\"ReadAction\",\"target\":[\"https:\/\/abrelivros.org.br\/site\/fundo-pro-leitura-retoma-escalada\/\"]}]},{\"@type\":\"BreadcrumbList\",\"@id\":\"https:\/\/abrelivros.org.br\/site\/fundo-pro-leitura-retoma-escalada\/#breadcrumb\",\"itemListElement\":[{\"@type\":\"ListItem\",\"position\":1,\"item\":{\"@type\":\"WebPage\",\"@id\":\"https:\/\/abrelivros.org.br\/site\/\",\"url\":\"https:\/\/abrelivros.org.br\/site\/\",\"name\":\"In\\u00edcio\"}},{\"@type\":\"ListItem\",\"position\":2,\"item\":{\"@type\":\"WebPage\",\"@id\":\"https:\/\/abrelivros.org.br\/site\/category\/noticias\/\",\"url\":\"https:\/\/abrelivros.org.br\/site\/category\/noticias\/\",\"name\":\"Not\\u00edcias\"}},{\"@type\":\"ListItem\",\"position\":3,\"item\":{\"@type\":\"WebPage\",\"@id\":\"https:\/\/abrelivros.org.br\/site\/category\/noticias\/noticias-da-imprensa\/\",\"url\":\"https:\/\/abrelivros.org.br\/site\/category\/noticias\/noticias-da-imprensa\/\",\"name\":\"Not\\u00edcias da imprensa\"}},{\"@type\":\"ListItem\",\"position\":4,\"item\":{\"@type\":\"WebPage\",\"@id\":\"https:\/\/abrelivros.org.br\/site\/fundo-pro-leitura-retoma-escalada\/\",\"url\":\"https:\/\/abrelivros.org.br\/site\/fundo-pro-leitura-retoma-escalada\/\",\"name\":\"Fundo Pr\\u00f3-Leitura retoma escalada\"}}]},{\"@type\":\"Person\",\"@id\":\"https:\/\/abrelivros.org.br\/site\/#\/schema\/person\/2b867f13a717bb230f1a3555505f5593\",\"name\":\"\\u00a0\",\"image\":{\"@type\":\"ImageObject\",\"@id\":\"https:\/\/abrelivros.org.br\/site\/#personlogo\",\"inLanguage\":\"pt-BR\",\"url\":\"https:\/\/secure.gravatar.com\/avatar\/e80b7f5231be2fff5040a8023da424898002831c5439420df182ae62676d2a6f?s=96&d=mm&r=g\",\"caption\":\"\\u00a0\"}}]}<\/script>\n<!-- \/ Yoast SEO plugin. -->","_links":{"self":[{"href":"https:\/\/abrelivros.org.br\/site\/wp-json\/wp\/v2\/posts\/2402","targetHints":{"allow":["GET"]}}],"collection":[{"href":"https:\/\/abrelivros.org.br\/site\/wp-json\/wp\/v2\/posts"}],"about":[{"href":"https:\/\/abrelivros.org.br\/site\/wp-json\/wp\/v2\/types\/post"}],"author":[{"embeddable":true,"href":"https:\/\/abrelivros.org.br\/site\/wp-json\/wp\/v2\/users\/1"}],"replies":[{"embeddable":true,"href":"https:\/\/abrelivros.org.br\/site\/wp-json\/wp\/v2\/comments?post=2402"}],"version-history":[{"count":0,"href":"https:\/\/abrelivros.org.br\/site\/wp-json\/wp\/v2\/posts\/2402\/revisions"}],"wp:attachment":[{"href":"https:\/\/abrelivros.org.br\/site\/wp-json\/wp\/v2\/media?parent=2402"}],"wp:term":[{"taxonomy":"category","embeddable":true,"href":"https:\/\/abrelivros.org.br\/site\/wp-json\/wp\/v2\/categories?post=2402"},{"taxonomy":"post_tag","embeddable":true,"href":"https:\/\/abrelivros.org.br\/site\/wp-json\/wp\/v2\/tags?post=2402"}],"curies":[{"name":"wp","href":"https:\/\/api.w.org\/{rel}","templated":true}]}}