{"id":2401,"date":"2008-10-13T16:07:00","date_gmt":"2008-10-13T19:07:00","guid":{"rendered":"https:\/\/abrelivros.org.br\/site\/2008\/10\/13\/professor-do-ensino-basico-tera-bolsa-em-faculdade\/"},"modified":"2008-10-13T16:07:00","modified_gmt":"2008-10-13T19:07:00","slug":"professor-do-ensino-basico-tera-bolsa-em-faculdade","status":"publish","type":"post","link":"https:\/\/abrelivros.org.br\/site\/professor-do-ensino-basico-tera-bolsa-em-faculdade\/","title":{"rendered":"Professor do ensino b\u00e1sico ter\u00e1 bolsa em faculdade"},"content":{"rendered":"<p>O Minist\u00e9rio da Educa\u00e7\u00e3o ir\u00e1 destinar no ano que vem R$ 1 bilh\u00e3o para financiar a gradua\u00e7\u00e3o e especializa\u00e7\u00e3o de professores da educa\u00e7\u00e3o b\u00e1sica em universidades p\u00fablicas.\u00a0<br \/> \u00a0<br \/> Parte do dinheiro ser\u00e1 destinada a institui\u00e7\u00f5es superiores federais, estaduais e municipais para custear a abertura de novas vagas; outra ser\u00e1 utilizada no pagamento de bolsas para os professores universit\u00e1rios que assumirem mais turmas de licenciatura; e outra parte para bolsas para os docentes do ensino b\u00e1sico.\u00a0<br \/> \u00a0<br \/> Duas mil bolsas -no valor de R$ 1.200- j\u00e1 foram oferecidas neste ano. A meta do governo \u00e9 que o n\u00famero chegue a cerca de 10 mil bolsas em 2012.\u00a0<br \/> \u00a0<br \/> O ministro Fernando Haddad disse esperar atingir 300 mil professores sem gradua\u00e7\u00e3o e 300 mil sem forma\u00e7\u00e3o na \u00e1rea espec\u00edfica em que lecionam -ele citou o exemplo de 20 mil professores de matem\u00e1tica formados em pedagogia. As principais defici\u00eancias est\u00e3o em qu\u00edmica e biologia.\u00a0<br \/> \u00a0<br \/> Al\u00e9m de aumentar a escala da forma\u00e7\u00e3o, outro objetivo da cria\u00e7\u00e3o do sistema, segundo Haddad, \u00e9 ampliar o n\u00famero de professores da rede p\u00fablica formados no ensino superior p\u00fablico -hoje, estima-se que essa seja a origem de apenas 15% dos docentes.\u00a0<br \/> \u00a0<br \/> \u201cSabemos que h\u00e1 boas institui\u00e7\u00f5es particulares, mas as avalia\u00e7\u00f5es mostram que a maioria das boas institui\u00e7\u00f5es formadoras s\u00e3o as p\u00fablicas\u201c, disse o ministro, que afirmou ser simp\u00e1tico tamb\u00e9m \u00e0 id\u00e9ia de um concurso nacional para o magist\u00e9rio.\u00a0<br \/> \u00a0<br \/> A minuta do decreto que cria o sistema nacional de professores prev\u00ea ainda a possibilidade de dar aos profissionais da rede p\u00fablica acesso priorit\u00e1rio \u00e0s institui\u00e7\u00f5es de ensino superior. Na pr\u00e1tica, caber\u00e1 \u00e0s universidades decidir se adotam ou n\u00e3o a reserva de vagas, j\u00e1 que elas t\u00eam autonomia.\u00a0<br \/> \u00a0<br \/> Segundo o secret\u00e1rio de Educa\u00e7\u00e3o a Dist\u00e2ncia do minist\u00e9rio, Carlos Eduardo Bielschowsky, a UFBA (Universidade Federal da Bahia) \u00e9 uma das institui\u00e7\u00f5es que optou pelo sistema, com turmas espec\u00edficas para docentes.\u00a0<br \/> \u00a0<br \/> O n\u00famero de vagas a ser oferecidos e as \u00e1reas do conhecimento abrangidas pelo sistema dever\u00e3o ser definidos em cada Estado por um colegiado formado por representantes do MEC, dos professores, dos governos estaduais e municipais e das universidades p\u00fablicas da unidade da federa\u00e7\u00e3o.\u00a0<br \/> \u00a0<br \/><B> S\u00e3o Paulo\u00a0<br \/> \u00a0<br \/><\/B> De acordo com Bielschowsky, 20 Estados j\u00e1 come\u00e7aram a fazer planos para identificar suas defici\u00eancias. S\u00e3o Paulo n\u00e3o est\u00e1 entre eles.\u00a0<br \/> \u00a0<br \/> A secretaria paulista informou, via assessoria de imprensa, que uma comiss\u00e3o do \u00f3rg\u00e3o analisar\u00e1 o projeto federal para decidir se adere a ele ou n\u00e3o.\u00a0<br \/> A pasta lembrou ter anunciado nesta semana um projeto de forma\u00e7\u00e3o a dist\u00e2ncia para 110 mil docentes da sua rede.\u00a0<br \/> \u00a0<br \/> Haddad disse esperar a ades\u00e3o de todos os Estados, que poderiam economizar dinheiro -para ele, os programas de forma\u00e7\u00e3o de professores s\u00e3o muitas vezes malfeitos e ainda assim custosos.\u00a0<br \/> \u00a0<br \/> A minuta do decreto que cria o sistema nacional de forma\u00e7\u00e3o de professores ficar\u00e1 aberto a consulta p\u00fablica at\u00e9 24 de novembro. O texto est\u00e1 no site do MEC (portal.mec.gov.br); sugest\u00f5es podem ser enviados pelo e-mail <a href=mailto:formacao.magisterio@capes.gov.br>formacao.magisterio@capes.gov.br<\/a>.\u00a0<br \/> \u00a0<br \/> \u00a0<\/p>\n","protected":false},"excerpt":{"rendered":"<p>O Minist\u00e9rio da Educa\u00e7\u00e3o ir\u00e1 destinar no ano que vem R$ 1 bilh\u00e3o para financiar a gradua\u00e7\u00e3o e especializa\u00e7\u00e3o de professores da educa\u00e7\u00e3o b\u00e1sica em universidades p\u00fablicas.\u00a0 \u00a0 Parte do dinheiro ser\u00e1 destinada a institui\u00e7\u00f5es superiores federais, estaduais e municipais para custear a abertura de novas vagas; outra ser\u00e1 utilizada no pagamento de bolsas para [&hellip;]<\/p>\n","protected":false},"author":1,"featured_media":0,"comment_status":"closed","ping_status":"closed","sticky":false,"template":"","format":"standard","meta":{"footnotes":"","_links_to":"","_links_to_target":""},"categories":[9],"tags":[],"class_list":["post-2401","post","type-post","status-publish","format-standard","hentry","category-noticias-da-imprensa"],"yoast_head":"<!-- This site is optimized with the Yoast SEO plugin v15.1 - https:\/\/yoast.com\/wordpress\/plugins\/seo\/ -->\n<title>Professor do ensino b\u00e1sico ter\u00e1 bolsa em faculdade &raquo; Abrelivros<\/title>\n<meta name=\"robots\" content=\"index, follow, max-snippet:-1, max-image-preview:large, max-video-preview:-1\" \/>\n<link rel=\"canonical\" href=\"https:\/\/abrelivros.org.br\/site\/professor-do-ensino-basico-tera-bolsa-em-faculdade\/\" \/>\n<meta property=\"og:locale\" content=\"pt_BR\" \/>\n<meta property=\"og:type\" content=\"article\" \/>\n<meta property=\"og:title\" content=\"Professor do ensino b\u00e1sico ter\u00e1 bolsa em faculdade &raquo; Abrelivros\" \/>\n<meta property=\"og:description\" content=\"O Minist\u00e9rio da Educa\u00e7\u00e3o ir\u00e1 destinar no ano que vem R$ 1 bilh\u00e3o para financiar a gradua\u00e7\u00e3o e especializa\u00e7\u00e3o de professores da educa\u00e7\u00e3o b\u00e1sica em universidades p\u00fablicas.\u00a0 \u00a0 Parte do dinheiro ser\u00e1 destinada a institui\u00e7\u00f5es superiores federais, estaduais e municipais para custear a abertura de novas vagas; outra ser\u00e1 utilizada no pagamento de bolsas para [&hellip;]\" \/>\n<meta property=\"og:url\" content=\"https:\/\/abrelivros.org.br\/site\/professor-do-ensino-basico-tera-bolsa-em-faculdade\/\" \/>\n<meta property=\"og:site_name\" content=\"Abrelivros\" \/>\n<meta property=\"article:published_time\" content=\"2008-10-13T19:07:00+00:00\" \/>\n<meta name=\"twitter:card\" content=\"summary_large_image\" \/>\n<script type=\"application\/ld+json\" class=\"yoast-schema-graph\">{\"@context\":\"https:\/\/schema.org\",\"@graph\":[{\"@type\":\"WebSite\",\"@id\":\"https:\/\/abrelivros.org.br\/site\/#website\",\"url\":\"https:\/\/abrelivros.org.br\/site\/\",\"name\":\"Abrelivros\",\"description\":\"\",\"potentialAction\":[{\"@type\":\"SearchAction\",\"target\":\"https:\/\/abrelivros.org.br\/site\/?s={search_term_string}\",\"query-input\":\"required name=search_term_string\"}],\"inLanguage\":\"pt-BR\"},{\"@type\":\"WebPage\",\"@id\":\"https:\/\/abrelivros.org.br\/site\/professor-do-ensino-basico-tera-bolsa-em-faculdade\/#webpage\",\"url\":\"https:\/\/abrelivros.org.br\/site\/professor-do-ensino-basico-tera-bolsa-em-faculdade\/\",\"name\":\"Professor do ensino b\\u00e1sico ter\\u00e1 bolsa em faculdade &raquo; Abrelivros\",\"isPartOf\":{\"@id\":\"https:\/\/abrelivros.org.br\/site\/#website\"},\"datePublished\":\"2008-10-13T19:07:00+00:00\",\"dateModified\":\"2008-10-13T19:07:00+00:00\",\"author\":{\"@id\":\"https:\/\/abrelivros.org.br\/site\/#\/schema\/person\/2b867f13a717bb230f1a3555505f5593\"},\"breadcrumb\":{\"@id\":\"https:\/\/abrelivros.org.br\/site\/professor-do-ensino-basico-tera-bolsa-em-faculdade\/#breadcrumb\"},\"inLanguage\":\"pt-BR\",\"potentialAction\":[{\"@type\":\"ReadAction\",\"target\":[\"https:\/\/abrelivros.org.br\/site\/professor-do-ensino-basico-tera-bolsa-em-faculdade\/\"]}]},{\"@type\":\"BreadcrumbList\",\"@id\":\"https:\/\/abrelivros.org.br\/site\/professor-do-ensino-basico-tera-bolsa-em-faculdade\/#breadcrumb\",\"itemListElement\":[{\"@type\":\"ListItem\",\"position\":1,\"item\":{\"@type\":\"WebPage\",\"@id\":\"https:\/\/abrelivros.org.br\/site\/\",\"url\":\"https:\/\/abrelivros.org.br\/site\/\",\"name\":\"In\\u00edcio\"}},{\"@type\":\"ListItem\",\"position\":2,\"item\":{\"@type\":\"WebPage\",\"@id\":\"https:\/\/abrelivros.org.br\/site\/category\/noticias\/\",\"url\":\"https:\/\/abrelivros.org.br\/site\/category\/noticias\/\",\"name\":\"Not\\u00edcias\"}},{\"@type\":\"ListItem\",\"position\":3,\"item\":{\"@type\":\"WebPage\",\"@id\":\"https:\/\/abrelivros.org.br\/site\/category\/noticias\/noticias-da-imprensa\/\",\"url\":\"https:\/\/abrelivros.org.br\/site\/category\/noticias\/noticias-da-imprensa\/\",\"name\":\"Not\\u00edcias da imprensa\"}},{\"@type\":\"ListItem\",\"position\":4,\"item\":{\"@type\":\"WebPage\",\"@id\":\"https:\/\/abrelivros.org.br\/site\/professor-do-ensino-basico-tera-bolsa-em-faculdade\/\",\"url\":\"https:\/\/abrelivros.org.br\/site\/professor-do-ensino-basico-tera-bolsa-em-faculdade\/\",\"name\":\"Professor do ensino b\\u00e1sico ter\\u00e1 bolsa em faculdade\"}}]},{\"@type\":\"Person\",\"@id\":\"https:\/\/abrelivros.org.br\/site\/#\/schema\/person\/2b867f13a717bb230f1a3555505f5593\",\"name\":\"\\u00a0\",\"image\":{\"@type\":\"ImageObject\",\"@id\":\"https:\/\/abrelivros.org.br\/site\/#personlogo\",\"inLanguage\":\"pt-BR\",\"url\":\"https:\/\/secure.gravatar.com\/avatar\/e80b7f5231be2fff5040a8023da424898002831c5439420df182ae62676d2a6f?s=96&d=mm&r=g\",\"caption\":\"\\u00a0\"}}]}<\/script>\n<!-- \/ Yoast SEO plugin. -->","_links":{"self":[{"href":"https:\/\/abrelivros.org.br\/site\/wp-json\/wp\/v2\/posts\/2401","targetHints":{"allow":["GET"]}}],"collection":[{"href":"https:\/\/abrelivros.org.br\/site\/wp-json\/wp\/v2\/posts"}],"about":[{"href":"https:\/\/abrelivros.org.br\/site\/wp-json\/wp\/v2\/types\/post"}],"author":[{"embeddable":true,"href":"https:\/\/abrelivros.org.br\/site\/wp-json\/wp\/v2\/users\/1"}],"replies":[{"embeddable":true,"href":"https:\/\/abrelivros.org.br\/site\/wp-json\/wp\/v2\/comments?post=2401"}],"version-history":[{"count":0,"href":"https:\/\/abrelivros.org.br\/site\/wp-json\/wp\/v2\/posts\/2401\/revisions"}],"wp:attachment":[{"href":"https:\/\/abrelivros.org.br\/site\/wp-json\/wp\/v2\/media?parent=2401"}],"wp:term":[{"taxonomy":"category","embeddable":true,"href":"https:\/\/abrelivros.org.br\/site\/wp-json\/wp\/v2\/categories?post=2401"},{"taxonomy":"post_tag","embeddable":true,"href":"https:\/\/abrelivros.org.br\/site\/wp-json\/wp\/v2\/tags?post=2401"}],"curies":[{"name":"wp","href":"https:\/\/api.w.org\/{rel}","templated":true}]}}