{"id":2400,"date":"2008-10-14T16:37:00","date_gmt":"2008-10-14T19:37:00","guid":{"rendered":"https:\/\/abrelivros.org.br\/site\/2008\/10\/14\/feira-e-a-maior-do-mercado-editorial\/"},"modified":"2008-10-14T16:37:00","modified_gmt":"2008-10-14T19:37:00","slug":"feira-e-a-maior-do-mercado-editorial","status":"publish","type":"post","link":"https:\/\/abrelivros.org.br\/site\/feira-e-a-maior-do-mercado-editorial\/","title":{"rendered":"Feira \u00e9 a maior do mercado editorial"},"content":{"rendered":"<p>A Feira do Livro de Frankfurt chega \u00e0 sua 60\u00aa edi\u00e7\u00e3o na condi\u00e7\u00e3o de maior e mais importante ponto de encontro do mercado editorial mundial. Mais de 7 mil editoras de 101 pa\u00edses estar\u00e3o representadas nos pavilh\u00f5es da cidade alem\u00e3 de 15 a 19 de outubro deste ano. Elas levar\u00e3o a Frankfurt em torno de 400 mil t\u00edtulos, entre publica\u00e7\u00f5es em papel e eletr\u00f4nicas. &nbsp;<br \/> &nbsp;<br \/> Na primeira edi\u00e7\u00e3o da feira, em 1949, eram pouco mais de 200 expositores, todos eles da Alemanha. Em exposi\u00e7\u00e3o estavam cerca de 10 mil livros e a feira, organizada na Igreja Paulskirche, atraiu 14 mil visitantes. Este ano, os organizadores esperam no m\u00ednimo repetir os 283 mil visitantes da edi\u00e7\u00e3o de 2007. A presen\u00e7a de escritores renomados \u00e9 outro ponto forte do evento. &nbsp;<br \/> &nbsp;<br \/> Para representar a Turquia estar\u00e1 em Frankfurt o Pr\u00eamio Nobel de Literatura Orhan Pamuk. Outro Nobel que circular\u00e1 pelo evento \u00e9 o escritor alem\u00e3o G\u00fcnter Grass. Entre os homenageados deste ano est\u00e1 o autor brasileiro de best-sellers Paulo Coelho. Ao todo, mais de mil autores participar\u00e3o da feira \u2013 250 s\u00f3 da Turquia. &nbsp;<br \/> &nbsp;<br \/> Um dos destaques da feira deste ano \u00e9 a digitaliza\u00e7\u00e3o do mercado editorial. A Sony apresentar\u00e1 seu Reader, aparelho que permite a leitura dos chamados e-books, ou livros eletr\u00f4nicos. E h\u00e1 expectativa de que a Amazon lance o Kindle.&nbsp;<br \/> &nbsp;<br \/> &nbsp;<\/p>\n","protected":false},"excerpt":{"rendered":"<p>A Feira do Livro de Frankfurt chega \u00e0 sua 60\u00aa edi\u00e7\u00e3o na condi\u00e7\u00e3o de maior e mais importante ponto de encontro do mercado editorial mundial. Mais de 7 mil editoras de 101 pa\u00edses estar\u00e3o representadas nos pavilh\u00f5es da cidade alem\u00e3 de 15 a 19 de outubro deste ano. Elas levar\u00e3o a Frankfurt em torno de [&hellip;]<\/p>\n","protected":false},"author":1,"featured_media":0,"comment_status":"closed","ping_status":"closed","sticky":false,"template":"","format":"standard","meta":{"footnotes":"","_links_to":"","_links_to_target":""},"categories":[9],"tags":[],"class_list":["post-2400","post","type-post","status-publish","format-standard","hentry","category-noticias-da-imprensa"],"yoast_head":"<!-- This site is optimized with the Yoast SEO plugin v15.1 - https:\/\/yoast.com\/wordpress\/plugins\/seo\/ -->\n<title>Feira \u00e9 a maior do mercado editorial &raquo; Abrelivros<\/title>\n<meta name=\"robots\" content=\"index, follow, max-snippet:-1, max-image-preview:large, max-video-preview:-1\" \/>\n<link rel=\"canonical\" href=\"https:\/\/abrelivros.org.br\/site\/feira-e-a-maior-do-mercado-editorial\/\" \/>\n<meta property=\"og:locale\" content=\"pt_BR\" \/>\n<meta property=\"og:type\" content=\"article\" \/>\n<meta property=\"og:title\" content=\"Feira \u00e9 a maior do mercado editorial &raquo; Abrelivros\" \/>\n<meta property=\"og:description\" content=\"A Feira do Livro de Frankfurt chega \u00e0 sua 60\u00aa edi\u00e7\u00e3o na condi\u00e7\u00e3o de maior e mais importante ponto de encontro do mercado editorial mundial. Mais de 7 mil editoras de 101 pa\u00edses estar\u00e3o representadas nos pavilh\u00f5es da cidade alem\u00e3 de 15 a 19 de outubro deste ano. Elas levar\u00e3o a Frankfurt em torno de [&hellip;]\" \/>\n<meta property=\"og:url\" content=\"https:\/\/abrelivros.org.br\/site\/feira-e-a-maior-do-mercado-editorial\/\" \/>\n<meta property=\"og:site_name\" content=\"Abrelivros\" \/>\n<meta property=\"article:published_time\" content=\"2008-10-14T19:37:00+00:00\" \/>\n<meta name=\"twitter:card\" content=\"summary_large_image\" \/>\n<script type=\"application\/ld+json\" class=\"yoast-schema-graph\">{\"@context\":\"https:\/\/schema.org\",\"@graph\":[{\"@type\":\"WebSite\",\"@id\":\"https:\/\/abrelivros.org.br\/site\/#website\",\"url\":\"https:\/\/abrelivros.org.br\/site\/\",\"name\":\"Abrelivros\",\"description\":\"\",\"potentialAction\":[{\"@type\":\"SearchAction\",\"target\":\"https:\/\/abrelivros.org.br\/site\/?s={search_term_string}\",\"query-input\":\"required name=search_term_string\"}],\"inLanguage\":\"pt-BR\"},{\"@type\":\"WebPage\",\"@id\":\"https:\/\/abrelivros.org.br\/site\/feira-e-a-maior-do-mercado-editorial\/#webpage\",\"url\":\"https:\/\/abrelivros.org.br\/site\/feira-e-a-maior-do-mercado-editorial\/\",\"name\":\"Feira \\u00e9 a maior do mercado editorial &raquo; Abrelivros\",\"isPartOf\":{\"@id\":\"https:\/\/abrelivros.org.br\/site\/#website\"},\"datePublished\":\"2008-10-14T19:37:00+00:00\",\"dateModified\":\"2008-10-14T19:37:00+00:00\",\"author\":{\"@id\":\"https:\/\/abrelivros.org.br\/site\/#\/schema\/person\/2b867f13a717bb230f1a3555505f5593\"},\"breadcrumb\":{\"@id\":\"https:\/\/abrelivros.org.br\/site\/feira-e-a-maior-do-mercado-editorial\/#breadcrumb\"},\"inLanguage\":\"pt-BR\",\"potentialAction\":[{\"@type\":\"ReadAction\",\"target\":[\"https:\/\/abrelivros.org.br\/site\/feira-e-a-maior-do-mercado-editorial\/\"]}]},{\"@type\":\"BreadcrumbList\",\"@id\":\"https:\/\/abrelivros.org.br\/site\/feira-e-a-maior-do-mercado-editorial\/#breadcrumb\",\"itemListElement\":[{\"@type\":\"ListItem\",\"position\":1,\"item\":{\"@type\":\"WebPage\",\"@id\":\"https:\/\/abrelivros.org.br\/site\/\",\"url\":\"https:\/\/abrelivros.org.br\/site\/\",\"name\":\"In\\u00edcio\"}},{\"@type\":\"ListItem\",\"position\":2,\"item\":{\"@type\":\"WebPage\",\"@id\":\"https:\/\/abrelivros.org.br\/site\/category\/noticias\/\",\"url\":\"https:\/\/abrelivros.org.br\/site\/category\/noticias\/\",\"name\":\"Not\\u00edcias\"}},{\"@type\":\"ListItem\",\"position\":3,\"item\":{\"@type\":\"WebPage\",\"@id\":\"https:\/\/abrelivros.org.br\/site\/category\/noticias\/noticias-da-imprensa\/\",\"url\":\"https:\/\/abrelivros.org.br\/site\/category\/noticias\/noticias-da-imprensa\/\",\"name\":\"Not\\u00edcias da imprensa\"}},{\"@type\":\"ListItem\",\"position\":4,\"item\":{\"@type\":\"WebPage\",\"@id\":\"https:\/\/abrelivros.org.br\/site\/feira-e-a-maior-do-mercado-editorial\/\",\"url\":\"https:\/\/abrelivros.org.br\/site\/feira-e-a-maior-do-mercado-editorial\/\",\"name\":\"Feira \\u00e9 a maior do mercado editorial\"}}]},{\"@type\":\"Person\",\"@id\":\"https:\/\/abrelivros.org.br\/site\/#\/schema\/person\/2b867f13a717bb230f1a3555505f5593\",\"name\":\"\\u00a0\",\"image\":{\"@type\":\"ImageObject\",\"@id\":\"https:\/\/abrelivros.org.br\/site\/#personlogo\",\"inLanguage\":\"pt-BR\",\"url\":\"https:\/\/secure.gravatar.com\/avatar\/e80b7f5231be2fff5040a8023da424898002831c5439420df182ae62676d2a6f?s=96&d=mm&r=g\",\"caption\":\"\\u00a0\"}}]}<\/script>\n<!-- \/ Yoast SEO plugin. -->","_links":{"self":[{"href":"https:\/\/abrelivros.org.br\/site\/wp-json\/wp\/v2\/posts\/2400","targetHints":{"allow":["GET"]}}],"collection":[{"href":"https:\/\/abrelivros.org.br\/site\/wp-json\/wp\/v2\/posts"}],"about":[{"href":"https:\/\/abrelivros.org.br\/site\/wp-json\/wp\/v2\/types\/post"}],"author":[{"embeddable":true,"href":"https:\/\/abrelivros.org.br\/site\/wp-json\/wp\/v2\/users\/1"}],"replies":[{"embeddable":true,"href":"https:\/\/abrelivros.org.br\/site\/wp-json\/wp\/v2\/comments?post=2400"}],"version-history":[{"count":0,"href":"https:\/\/abrelivros.org.br\/site\/wp-json\/wp\/v2\/posts\/2400\/revisions"}],"wp:attachment":[{"href":"https:\/\/abrelivros.org.br\/site\/wp-json\/wp\/v2\/media?parent=2400"}],"wp:term":[{"taxonomy":"category","embeddable":true,"href":"https:\/\/abrelivros.org.br\/site\/wp-json\/wp\/v2\/categories?post=2400"},{"taxonomy":"post_tag","embeddable":true,"href":"https:\/\/abrelivros.org.br\/site\/wp-json\/wp\/v2\/tags?post=2400"}],"curies":[{"name":"wp","href":"https:\/\/api.w.org\/{rel}","templated":true}]}}