{"id":2398,"date":"2008-10-15T15:47:00","date_gmt":"2008-10-15T18:47:00","guid":{"rendered":"https:\/\/abrelivros.org.br\/site\/2008\/10\/15\/comissao-aprova-decisao-que-cria-fundo-educacional-do-mercosul\/"},"modified":"2008-10-15T15:47:00","modified_gmt":"2008-10-15T18:47:00","slug":"comissao-aprova-decisao-que-cria-fundo-educacional-do-mercosul","status":"publish","type":"post","link":"https:\/\/abrelivros.org.br\/site\/comissao-aprova-decisao-que-cria-fundo-educacional-do-mercosul\/","title":{"rendered":"Comiss\u00e3o aprova decis\u00e3o que cria Fundo Educacional do Mercosul"},"content":{"rendered":"<p>A Comiss\u00e3o de Constitui\u00e7\u00e3o e Justi\u00e7a e de Cidadania aprovou, na \u00faltima ter\u00e7a-feira (7), o Projeto de Decreto Legislativo 497\/08, que referenda decis\u00e3o do Conselho do Mercado Comum que cria o Fundo Educacional do Mercosul (FEM). O fundo vai financiar projetos e programas para fortalecimento da integra\u00e7\u00e3o dos sistemas educacionais dos pa\u00edses integrantes do bloco. O relator, deputado Leonardo Picciani (PMDB-RJ), recomendou a aprova\u00e7\u00e3o da proposta.\u00a0<br \/> \u00a0<br \/> O FEM, criado em 2004, j\u00e1 foi referendado pela antiga Comiss\u00e3o Parlamentar Conjunta do Mercosul (atual Representa\u00e7\u00e3o Brasileira do Parlamento do Mercosul). A decis\u00e3o previa aportes anuais de recursos por parte dos pa\u00edses integrantes do Mercosul por um per\u00edodo de quatro anos, a partir de 2004, calculados de duas formas: um valor m\u00ednimo (30 mil d\u00f3lares) para todos os pa\u00edses e outro proporcional ao n\u00famero de matr\u00edculas escolares.\u00a0<br \/> \u00a0<br \/> Como a transfer\u00eancia de recursos ainda depende do referendo do Congresso \u00e0 decis\u00e3o, o Brasil ainda n\u00e3o fez o aporte de recursos previsto no documento. O total de recursos que o governo brasileiro ter\u00e1 que destinar ao fundo \u00e9 de 162 mil d\u00f3lares. \u00a0<br \/> \u00a0<br \/> O FEM ser\u00e1 administrado por um organismo especializado, indicado pelo colegiado dos ministros de Educa\u00e7\u00e3o dos pa\u00edses integrantes do Mercosul. Os ministros tamb\u00e9m definir\u00e3o como ser\u00e1 feita a distribui\u00e7\u00e3o dos recursos, a partir dos planos de a\u00e7\u00e3o formulados para o setor. \u00a0<br \/> \u00a0<br \/> Tramita\u00e7\u00e3o\u00a0<br \/> Antes de ser votada pelo Plen\u00e1rio, a proposta ainda ser\u00e1 examinada pela Comiss\u00e3o de Finan\u00e7as e Tributa\u00e7\u00e3o. O projeto teve origem na mensagem presidencial 702\/07.\u00a0<br \/> \u00a0<br \/> \u00cdntegra da proposta:\u00a0<br \/> &#8211; <a href=\"http:\/\/www2.camara.gov.br\/internet\/proposicoes\/chamadaExterna.html?link=http:\/\/www.camara.gov.br\/internet\/sileg\/Prop_Detalhe.asp?id=387584\" target=\"_blank\" rel=\"noopener noreferrer\">PDC-497\/2008<\/a>\u00a0<\/p>\n<p><\/p>\n","protected":false},"excerpt":{"rendered":"<p>A Comiss\u00e3o de Constitui\u00e7\u00e3o e Justi\u00e7a e de Cidadania aprovou, na \u00faltima ter\u00e7a-feira (7), o Projeto de Decreto Legislativo 497\/08, que referenda decis\u00e3o do Conselho do Mercado Comum que cria o Fundo Educacional do Mercosul (FEM). O fundo vai financiar projetos e programas para fortalecimento da integra\u00e7\u00e3o dos sistemas educacionais dos pa\u00edses integrantes do bloco. [&hellip;]<\/p>\n","protected":false},"author":1,"featured_media":0,"comment_status":"closed","ping_status":"closed","sticky":false,"template":"","format":"standard","meta":{"footnotes":"","_links_to":"","_links_to_target":""},"categories":[9],"tags":[],"class_list":["post-2398","post","type-post","status-publish","format-standard","hentry","category-noticias-da-imprensa"],"yoast_head":"<!-- This site is optimized with the Yoast SEO plugin v15.1 - https:\/\/yoast.com\/wordpress\/plugins\/seo\/ -->\n<title>Comiss\u00e3o aprova decis\u00e3o que cria Fundo Educacional do Mercosul &raquo; Abrelivros<\/title>\n<meta name=\"robots\" content=\"index, follow, max-snippet:-1, max-image-preview:large, max-video-preview:-1\" \/>\n<link rel=\"canonical\" href=\"https:\/\/abrelivros.org.br\/site\/comissao-aprova-decisao-que-cria-fundo-educacional-do-mercosul\/\" \/>\n<meta property=\"og:locale\" content=\"pt_BR\" \/>\n<meta property=\"og:type\" content=\"article\" \/>\n<meta property=\"og:title\" content=\"Comiss\u00e3o aprova decis\u00e3o que cria Fundo Educacional do Mercosul &raquo; Abrelivros\" \/>\n<meta property=\"og:description\" content=\"A Comiss\u00e3o de Constitui\u00e7\u00e3o e Justi\u00e7a e de Cidadania aprovou, na \u00faltima ter\u00e7a-feira (7), o Projeto de Decreto Legislativo 497\/08, que referenda decis\u00e3o do Conselho do Mercado Comum que cria o Fundo Educacional do Mercosul (FEM). O fundo vai financiar projetos e programas para fortalecimento da integra\u00e7\u00e3o dos sistemas educacionais dos pa\u00edses integrantes do bloco. [&hellip;]\" \/>\n<meta property=\"og:url\" content=\"https:\/\/abrelivros.org.br\/site\/comissao-aprova-decisao-que-cria-fundo-educacional-do-mercosul\/\" \/>\n<meta property=\"og:site_name\" content=\"Abrelivros\" \/>\n<meta property=\"article:published_time\" content=\"2008-10-15T18:47:00+00:00\" \/>\n<meta name=\"twitter:card\" content=\"summary_large_image\" \/>\n<script type=\"application\/ld+json\" class=\"yoast-schema-graph\">{\"@context\":\"https:\/\/schema.org\",\"@graph\":[{\"@type\":\"WebSite\",\"@id\":\"https:\/\/abrelivros.org.br\/site\/#website\",\"url\":\"https:\/\/abrelivros.org.br\/site\/\",\"name\":\"Abrelivros\",\"description\":\"\",\"potentialAction\":[{\"@type\":\"SearchAction\",\"target\":\"https:\/\/abrelivros.org.br\/site\/?s={search_term_string}\",\"query-input\":\"required name=search_term_string\"}],\"inLanguage\":\"pt-BR\"},{\"@type\":\"WebPage\",\"@id\":\"https:\/\/abrelivros.org.br\/site\/comissao-aprova-decisao-que-cria-fundo-educacional-do-mercosul\/#webpage\",\"url\":\"https:\/\/abrelivros.org.br\/site\/comissao-aprova-decisao-que-cria-fundo-educacional-do-mercosul\/\",\"name\":\"Comiss\\u00e3o aprova decis\\u00e3o que cria Fundo Educacional do Mercosul &raquo; Abrelivros\",\"isPartOf\":{\"@id\":\"https:\/\/abrelivros.org.br\/site\/#website\"},\"datePublished\":\"2008-10-15T18:47:00+00:00\",\"dateModified\":\"2008-10-15T18:47:00+00:00\",\"author\":{\"@id\":\"https:\/\/abrelivros.org.br\/site\/#\/schema\/person\/2b867f13a717bb230f1a3555505f5593\"},\"breadcrumb\":{\"@id\":\"https:\/\/abrelivros.org.br\/site\/comissao-aprova-decisao-que-cria-fundo-educacional-do-mercosul\/#breadcrumb\"},\"inLanguage\":\"pt-BR\",\"potentialAction\":[{\"@type\":\"ReadAction\",\"target\":[\"https:\/\/abrelivros.org.br\/site\/comissao-aprova-decisao-que-cria-fundo-educacional-do-mercosul\/\"]}]},{\"@type\":\"BreadcrumbList\",\"@id\":\"https:\/\/abrelivros.org.br\/site\/comissao-aprova-decisao-que-cria-fundo-educacional-do-mercosul\/#breadcrumb\",\"itemListElement\":[{\"@type\":\"ListItem\",\"position\":1,\"item\":{\"@type\":\"WebPage\",\"@id\":\"https:\/\/abrelivros.org.br\/site\/\",\"url\":\"https:\/\/abrelivros.org.br\/site\/\",\"name\":\"In\\u00edcio\"}},{\"@type\":\"ListItem\",\"position\":2,\"item\":{\"@type\":\"WebPage\",\"@id\":\"https:\/\/abrelivros.org.br\/site\/category\/noticias\/\",\"url\":\"https:\/\/abrelivros.org.br\/site\/category\/noticias\/\",\"name\":\"Not\\u00edcias\"}},{\"@type\":\"ListItem\",\"position\":3,\"item\":{\"@type\":\"WebPage\",\"@id\":\"https:\/\/abrelivros.org.br\/site\/category\/noticias\/noticias-da-imprensa\/\",\"url\":\"https:\/\/abrelivros.org.br\/site\/category\/noticias\/noticias-da-imprensa\/\",\"name\":\"Not\\u00edcias da imprensa\"}},{\"@type\":\"ListItem\",\"position\":4,\"item\":{\"@type\":\"WebPage\",\"@id\":\"https:\/\/abrelivros.org.br\/site\/comissao-aprova-decisao-que-cria-fundo-educacional-do-mercosul\/\",\"url\":\"https:\/\/abrelivros.org.br\/site\/comissao-aprova-decisao-que-cria-fundo-educacional-do-mercosul\/\",\"name\":\"Comiss\\u00e3o aprova decis\\u00e3o que cria Fundo Educacional do Mercosul\"}}]},{\"@type\":\"Person\",\"@id\":\"https:\/\/abrelivros.org.br\/site\/#\/schema\/person\/2b867f13a717bb230f1a3555505f5593\",\"name\":\"\\u00a0\",\"image\":{\"@type\":\"ImageObject\",\"@id\":\"https:\/\/abrelivros.org.br\/site\/#personlogo\",\"inLanguage\":\"pt-BR\",\"url\":\"https:\/\/secure.gravatar.com\/avatar\/e80b7f5231be2fff5040a8023da424898002831c5439420df182ae62676d2a6f?s=96&d=mm&r=g\",\"caption\":\"\\u00a0\"}}]}<\/script>\n<!-- \/ Yoast SEO plugin. -->","_links":{"self":[{"href":"https:\/\/abrelivros.org.br\/site\/wp-json\/wp\/v2\/posts\/2398","targetHints":{"allow":["GET"]}}],"collection":[{"href":"https:\/\/abrelivros.org.br\/site\/wp-json\/wp\/v2\/posts"}],"about":[{"href":"https:\/\/abrelivros.org.br\/site\/wp-json\/wp\/v2\/types\/post"}],"author":[{"embeddable":true,"href":"https:\/\/abrelivros.org.br\/site\/wp-json\/wp\/v2\/users\/1"}],"replies":[{"embeddable":true,"href":"https:\/\/abrelivros.org.br\/site\/wp-json\/wp\/v2\/comments?post=2398"}],"version-history":[{"count":0,"href":"https:\/\/abrelivros.org.br\/site\/wp-json\/wp\/v2\/posts\/2398\/revisions"}],"wp:attachment":[{"href":"https:\/\/abrelivros.org.br\/site\/wp-json\/wp\/v2\/media?parent=2398"}],"wp:term":[{"taxonomy":"category","embeddable":true,"href":"https:\/\/abrelivros.org.br\/site\/wp-json\/wp\/v2\/categories?post=2398"},{"taxonomy":"post_tag","embeddable":true,"href":"https:\/\/abrelivros.org.br\/site\/wp-json\/wp\/v2\/tags?post=2398"}],"curies":[{"name":"wp","href":"https:\/\/api.w.org\/{rel}","templated":true}]}}