{"id":2397,"date":"2008-10-15T16:04:00","date_gmt":"2008-10-15T19:04:00","guid":{"rendered":"https:\/\/abrelivros.org.br\/site\/2008\/10\/15\/cartilha-pontos-de-leitura\/"},"modified":"2008-10-15T16:04:00","modified_gmt":"2008-10-15T19:04:00","slug":"cartilha-pontos-de-leitura","status":"publish","type":"post","link":"https:\/\/abrelivros.org.br\/site\/cartilha-pontos-de-leitura\/","title":{"rendered":"Cartilha Pontos de Leitura"},"content":{"rendered":"<p>O Minist\u00e9rio da Cultura (MinC), por meio da Coordena\u00e7\u00e3o-Geral de Livro e Leitura (CGLL), destinar\u00e1 recursos no valor total de R$ 12 milh\u00f5es para a compra e distribui\u00e7\u00e3o de kits que incluem acervo bibliogr\u00e1fico, computador e mobili\u00e1rio para at\u00e9 600 iniciativas selecionadas no Concurso Pontos de Leitura 2008 &#8211; Edi\u00e7\u00e3o Machado de Assis. A Portaria que instituiu o concurso foi assinada no dia 25 de setembro pelo ministro da Cultura, Juca Ferreira. As inscri\u00e7\u00f5es poder\u00e3o ser feitas at\u00e9 o dia 10 de novembro.\u00a0<br \/> \u00a0<br \/> Cada um dos kits da premia\u00e7\u00e3o ser\u00e1 composto por, no m\u00ednimo, 500 livros, sendo 50% de obras de fic\u00e7\u00e3o; 25% de n\u00e3o-fic\u00e7\u00e3o e 25% de refer\u00eancia; um computador, com uma unidade de CPU, um monitor, um teclado, um mouse, uma impressora e um no break APC\/BE 600; e, tamb\u00e9m, mobili\u00e1rio b\u00e1sico formado por duas estantes, uma mesa, tr\u00eas pufes, duas almofadas, um tapete emborrachado e uma cadeira girat\u00f3ria para computador. O conjunto a ser entregue aos vencedores do concurso se destina \u00e0 renova\u00e7\u00e3o de acervos bibliogr\u00e1ficos e de equipamentos que promovam o uso cultural de computadores e Internet.\u00a0<br \/> \u00a0<br \/> \u00a0<br \/><B> Manual de Instru\u00e7\u00f5es\u00a0<br \/> \u00a0<br \/><\/B> Para melhor instruir a todos que v\u00e3o participar do concurso, a CGLL\/MinC coordenou a elabora\u00e7\u00e3o de uma cartilha que ser\u00e1 distribu\u00edda em todo o Brasil, assim como tamb\u00e9m est\u00e1 dispon\u00edvel neste site para consulta: <a href=\"http:\/\/www.cultura.gov.br\/site\/wp-content\/uploads\/2008\/10\/cartilha_pontos.pdf\" target=\"_blank\" rel=\"noopener noreferrer\">Cartilha Pontos de Leitura<\/a>.\u00a0<br \/> \u00a0<br \/> O manual foi preparado para atender aos respons\u00e1veis por a\u00e7\u00f5es que fortale\u00e7am, estimulem e fomentem a leitura em bibliotecas comunit\u00e1rias, associa\u00e7\u00f5es comunit\u00e1rias, hospitais, sindicatos, Pontos de Cultura, pres\u00eddios e outros locais, motivando-os a participar do concurso.\u00a0<br \/> \u00a0<br \/> A cartilha apresenta as orienta\u00e7\u00f5es e os pr\u00e9-requisitos para as inscri\u00e7\u00f5es, o formul\u00e1rio de inscri\u00e7\u00e3o com instru\u00e7\u00f5es de preenchimento, os prazos, os documentos que devem ser enviados, o termo de ades\u00e3o \u00e0 Rede Biblioteca Viva, a lista das localidades priorit\u00e1rias e a Portaria com todas as normas para a devida participa\u00e7\u00e3o.\u00a0<br \/> \u00a0<br \/> \u00a0<br \/><B> Quem pode participar\u00a0<br \/> \u00a0<br \/><\/B> Poder\u00e3o se inscrever no concurso pessoas f\u00edsicas ou jur\u00eddicas nacionais, p\u00fablicas ou privadas, sem fins lucrativos, representantes de iniciativas voltadas para, pelo menos, um dos objetivos que constam no artigo 1\u00ba, par\u00e1grafo 2\u00ba, da Portaria. N\u00e3o poder\u00e3o candidatar-se bibliotecas, escolas e universidades mantidas pelo poder p\u00fablico.\u00a0<br \/> \u00a0<br \/> Cada candidato poder\u00e1 inscrever uma \u00fanica proposta e as iniciativas participantes devem ser de fortalecimento, est\u00edmulo e fomento \u00e0 leitura, e na data de 10 de novembro de 2008 precisam ter completado pelo menos um ano de exist\u00eancia.\u00a0<br \/> \u00a0<br \/> Ser\u00e3o considerados priorit\u00e1rios, mas n\u00e3o exclusivos, os trabalhos localizados nos 410 munic\u00edpios atendidos pelo Programa Territ\u00f3rios da Cidadania 2008, nas \u00e1reas do Programa Nacional de Seguran\u00e7a P\u00fablica com Cidadania (Pronasci) e munic\u00edpios priorit\u00e1rios do Programa Mais Cultura, citados no Anexo A da <a href=\"http:\/\/www.cultura.gov.br\/site\/2008\/09\/25\/i-concurso-pontos-de-leitura-2\/\" target=\"_blank\" rel=\"noopener noreferrer\">Portaria<\/a>.\u00a0<br \/> \u00a0<\/p>\n<p><\/p>\n","protected":false},"excerpt":{"rendered":"<p>O Minist\u00e9rio da Cultura (MinC), por meio da Coordena\u00e7\u00e3o-Geral de Livro e Leitura (CGLL), destinar\u00e1 recursos no valor total de R$ 12 milh\u00f5es para a compra e distribui\u00e7\u00e3o de kits que incluem acervo bibliogr\u00e1fico, computador e mobili\u00e1rio para at\u00e9 600 iniciativas selecionadas no Concurso Pontos de Leitura 2008 &#8211; Edi\u00e7\u00e3o Machado de Assis. A Portaria [&hellip;]<\/p>\n","protected":false},"author":1,"featured_media":0,"comment_status":"closed","ping_status":"closed","sticky":false,"template":"","format":"standard","meta":{"footnotes":"","_links_to":"","_links_to_target":""},"categories":[9],"tags":[],"class_list":["post-2397","post","type-post","status-publish","format-standard","hentry","category-noticias-da-imprensa"],"yoast_head":"<!-- This site is optimized with the Yoast SEO plugin v15.1 - https:\/\/yoast.com\/wordpress\/plugins\/seo\/ -->\n<title>Cartilha Pontos de Leitura &raquo; Abrelivros<\/title>\n<meta name=\"robots\" content=\"index, follow, max-snippet:-1, max-image-preview:large, max-video-preview:-1\" \/>\n<link rel=\"canonical\" href=\"https:\/\/abrelivros.org.br\/site\/cartilha-pontos-de-leitura\/\" \/>\n<meta property=\"og:locale\" content=\"pt_BR\" \/>\n<meta property=\"og:type\" content=\"article\" \/>\n<meta property=\"og:title\" content=\"Cartilha Pontos de Leitura &raquo; Abrelivros\" \/>\n<meta property=\"og:description\" content=\"O Minist\u00e9rio da Cultura (MinC), por meio da Coordena\u00e7\u00e3o-Geral de Livro e Leitura (CGLL), destinar\u00e1 recursos no valor total de R$ 12 milh\u00f5es para a compra e distribui\u00e7\u00e3o de kits que incluem acervo bibliogr\u00e1fico, computador e mobili\u00e1rio para at\u00e9 600 iniciativas selecionadas no Concurso Pontos de Leitura 2008 &#8211; Edi\u00e7\u00e3o Machado de Assis. A Portaria [&hellip;]\" \/>\n<meta property=\"og:url\" content=\"https:\/\/abrelivros.org.br\/site\/cartilha-pontos-de-leitura\/\" \/>\n<meta property=\"og:site_name\" content=\"Abrelivros\" \/>\n<meta property=\"article:published_time\" content=\"2008-10-15T19:04:00+00:00\" \/>\n<meta name=\"twitter:card\" content=\"summary_large_image\" \/>\n<script type=\"application\/ld+json\" class=\"yoast-schema-graph\">{\"@context\":\"https:\/\/schema.org\",\"@graph\":[{\"@type\":\"WebSite\",\"@id\":\"https:\/\/abrelivros.org.br\/site\/#website\",\"url\":\"https:\/\/abrelivros.org.br\/site\/\",\"name\":\"Abrelivros\",\"description\":\"\",\"potentialAction\":[{\"@type\":\"SearchAction\",\"target\":\"https:\/\/abrelivros.org.br\/site\/?s={search_term_string}\",\"query-input\":\"required name=search_term_string\"}],\"inLanguage\":\"pt-BR\"},{\"@type\":\"WebPage\",\"@id\":\"https:\/\/abrelivros.org.br\/site\/cartilha-pontos-de-leitura\/#webpage\",\"url\":\"https:\/\/abrelivros.org.br\/site\/cartilha-pontos-de-leitura\/\",\"name\":\"Cartilha Pontos de Leitura &raquo; Abrelivros\",\"isPartOf\":{\"@id\":\"https:\/\/abrelivros.org.br\/site\/#website\"},\"datePublished\":\"2008-10-15T19:04:00+00:00\",\"dateModified\":\"2008-10-15T19:04:00+00:00\",\"author\":{\"@id\":\"https:\/\/abrelivros.org.br\/site\/#\/schema\/person\/2b867f13a717bb230f1a3555505f5593\"},\"breadcrumb\":{\"@id\":\"https:\/\/abrelivros.org.br\/site\/cartilha-pontos-de-leitura\/#breadcrumb\"},\"inLanguage\":\"pt-BR\",\"potentialAction\":[{\"@type\":\"ReadAction\",\"target\":[\"https:\/\/abrelivros.org.br\/site\/cartilha-pontos-de-leitura\/\"]}]},{\"@type\":\"BreadcrumbList\",\"@id\":\"https:\/\/abrelivros.org.br\/site\/cartilha-pontos-de-leitura\/#breadcrumb\",\"itemListElement\":[{\"@type\":\"ListItem\",\"position\":1,\"item\":{\"@type\":\"WebPage\",\"@id\":\"https:\/\/abrelivros.org.br\/site\/\",\"url\":\"https:\/\/abrelivros.org.br\/site\/\",\"name\":\"In\\u00edcio\"}},{\"@type\":\"ListItem\",\"position\":2,\"item\":{\"@type\":\"WebPage\",\"@id\":\"https:\/\/abrelivros.org.br\/site\/category\/noticias\/\",\"url\":\"https:\/\/abrelivros.org.br\/site\/category\/noticias\/\",\"name\":\"Not\\u00edcias\"}},{\"@type\":\"ListItem\",\"position\":3,\"item\":{\"@type\":\"WebPage\",\"@id\":\"https:\/\/abrelivros.org.br\/site\/category\/noticias\/noticias-da-imprensa\/\",\"url\":\"https:\/\/abrelivros.org.br\/site\/category\/noticias\/noticias-da-imprensa\/\",\"name\":\"Not\\u00edcias da imprensa\"}},{\"@type\":\"ListItem\",\"position\":4,\"item\":{\"@type\":\"WebPage\",\"@id\":\"https:\/\/abrelivros.org.br\/site\/cartilha-pontos-de-leitura\/\",\"url\":\"https:\/\/abrelivros.org.br\/site\/cartilha-pontos-de-leitura\/\",\"name\":\"Cartilha Pontos de Leitura\"}}]},{\"@type\":\"Person\",\"@id\":\"https:\/\/abrelivros.org.br\/site\/#\/schema\/person\/2b867f13a717bb230f1a3555505f5593\",\"name\":\"\\u00a0\",\"image\":{\"@type\":\"ImageObject\",\"@id\":\"https:\/\/abrelivros.org.br\/site\/#personlogo\",\"inLanguage\":\"pt-BR\",\"url\":\"https:\/\/secure.gravatar.com\/avatar\/e80b7f5231be2fff5040a8023da424898002831c5439420df182ae62676d2a6f?s=96&d=mm&r=g\",\"caption\":\"\\u00a0\"}}]}<\/script>\n<!-- \/ Yoast SEO plugin. -->","_links":{"self":[{"href":"https:\/\/abrelivros.org.br\/site\/wp-json\/wp\/v2\/posts\/2397","targetHints":{"allow":["GET"]}}],"collection":[{"href":"https:\/\/abrelivros.org.br\/site\/wp-json\/wp\/v2\/posts"}],"about":[{"href":"https:\/\/abrelivros.org.br\/site\/wp-json\/wp\/v2\/types\/post"}],"author":[{"embeddable":true,"href":"https:\/\/abrelivros.org.br\/site\/wp-json\/wp\/v2\/users\/1"}],"replies":[{"embeddable":true,"href":"https:\/\/abrelivros.org.br\/site\/wp-json\/wp\/v2\/comments?post=2397"}],"version-history":[{"count":0,"href":"https:\/\/abrelivros.org.br\/site\/wp-json\/wp\/v2\/posts\/2397\/revisions"}],"wp:attachment":[{"href":"https:\/\/abrelivros.org.br\/site\/wp-json\/wp\/v2\/media?parent=2397"}],"wp:term":[{"taxonomy":"category","embeddable":true,"href":"https:\/\/abrelivros.org.br\/site\/wp-json\/wp\/v2\/categories?post=2397"},{"taxonomy":"post_tag","embeddable":true,"href":"https:\/\/abrelivros.org.br\/site\/wp-json\/wp\/v2\/tags?post=2397"}],"curies":[{"name":"wp","href":"https:\/\/api.w.org\/{rel}","templated":true}]}}