{"id":2396,"date":"2008-10-15T16:10:00","date_gmt":"2008-10-15T19:10:00","guid":{"rendered":"https:\/\/abrelivros.org.br\/site\/2008\/10\/15\/como-a-digitalizacao-ira-moldar-o-futuro-das-editoras\/"},"modified":"2008-10-15T16:10:00","modified_gmt":"2008-10-15T19:10:00","slug":"como-a-digitalizacao-ira-moldar-o-futuro-das-editoras","status":"publish","type":"post","link":"https:\/\/abrelivros.org.br\/site\/como-a-digitalizacao-ira-moldar-o-futuro-das-editoras\/","title":{"rendered":"Como a digitaliza\u00e7\u00e3o ir\u00e1 moldar o futuro das editoras?"},"content":{"rendered":"<p>Os organizadores da Feira do Livro de Frankfurt realizaram uma grande pesquisa para descobrir como a digitaliza\u00e7\u00e3o vai influenciar o futuro da ind\u00fastria editorial. Mais de 1000 profissionais da ind\u00fastria de mais de 30 pa\u00edses responderam ao question\u00e1rio, emitido atrav\u00e9s da Feira do Livro de Frankfurt Newsletter. A pesquisa revela o com\u00e9rcio de livraria on line como o mais importante desenvolvimento do setor nos \u00faltimos 60 anos. \u00a0<br \/> \u00a0<br \/> Os resultados mais interessantes ainda indicam que a influ\u00eancia digital chinesa na edi\u00e7\u00e3o internacional prev\u00ea triplicar nos pr\u00f3ximos cinco anos; os consumidores, a Amazon e o Google s\u00e3o creditados como piv\u00f4 do processo de digitaliza\u00e7\u00e3o; e que o conte\u00fado eletr\u00f4nico ir\u00e1 ultrapassar livros tradicionais em vendas em 2018. A pesquisa apontou que a digitaliza\u00e7\u00e3o continua a revolucionar todos os aspectos do com\u00e9rcio livreiro. \u00a0<br \/> \u00a0<br \/> Este ano, mais de 70% dos question\u00e1rios revelaram que o segmento se sente pronto para o desafio digital. A sondagem indicou ainda que a atual opini\u00e3o est\u00e1 dividida sobre o futuro dos e-books e conte\u00fado digital versus a palavra impressa.\u00a0<br \/> \u00a0<br \/> \u00a0<br \/> \u00a0<br \/><B> Livro eletr\u00f4nico \u00e9 o centro das aten\u00e7\u00f5es em Frankfurt<br \/><\/B> Deutsche Welle (Alemanha) &#8211; Alexandre Schossler \u00a0<br \/> \u00a0<br \/> As oportunidades e os perigos da digitaliza\u00e7\u00e3o dominam os debates no maior evento do mercado livreiro do mundo. Setor aguarda com expectativa o lan\u00e7amento dos novos modelos de leitores de-book, mas teme a pirataria. A crescente influ\u00eancia da digitaliza\u00e7\u00e3o e das novas tecnologias no mercado editorial ser\u00e1 o tema dominante da 60\u00aa Feira do Livro de Frankfurt, que come\u00e7a nesta quarta-feira, dia 15, na cidade alem\u00e3 e se estende at\u00e9 o pr\u00f3ximo domingo. \u00a0<br \/> \u00a0<br \/> O assunto n\u00e3o \u00e9 novo, nem mesmo para o tradicional evento, que h\u00e1 muito j\u00e1 n\u00e3o se apresenta mais como apenas uma feira do livro, mas como uma feira de m\u00eddia. \u201cA Feira do Livro de Frankfurt ja \u00e9 h\u00e1 tempos uma feira de conte\u00fado. Em torno de 42% dos produtos expostos s\u00e3o livros e 30% \u00e9 digital\u201c, disse o diretor Juergen Boos durante a entrevista de abertura.\u00a0<br \/> \u00a0<br \/> \u00a0<br \/> \u00a0<\/p>\n","protected":false},"excerpt":{"rendered":"<p>Os organizadores da Feira do Livro de Frankfurt realizaram uma grande pesquisa para descobrir como a digitaliza\u00e7\u00e3o vai influenciar o futuro da ind\u00fastria editorial. Mais de 1000 profissionais da ind\u00fastria de mais de 30 pa\u00edses responderam ao question\u00e1rio, emitido atrav\u00e9s da Feira do Livro de Frankfurt Newsletter. A pesquisa revela o com\u00e9rcio de livraria on [&hellip;]<\/p>\n","protected":false},"author":1,"featured_media":0,"comment_status":"closed","ping_status":"closed","sticky":false,"template":"","format":"standard","meta":{"footnotes":"","_links_to":"","_links_to_target":""},"categories":[9],"tags":[],"class_list":["post-2396","post","type-post","status-publish","format-standard","hentry","category-noticias-da-imprensa"],"yoast_head":"<!-- This site is optimized with the Yoast SEO plugin v15.1 - https:\/\/yoast.com\/wordpress\/plugins\/seo\/ -->\n<title>Como a digitaliza\u00e7\u00e3o ir\u00e1 moldar o futuro das editoras? &raquo; Abrelivros<\/title>\n<meta name=\"robots\" content=\"index, follow, max-snippet:-1, max-image-preview:large, max-video-preview:-1\" \/>\n<link rel=\"canonical\" href=\"https:\/\/abrelivros.org.br\/site\/como-a-digitalizacao-ira-moldar-o-futuro-das-editoras\/\" \/>\n<meta property=\"og:locale\" content=\"pt_BR\" \/>\n<meta property=\"og:type\" content=\"article\" \/>\n<meta property=\"og:title\" content=\"Como a digitaliza\u00e7\u00e3o ir\u00e1 moldar o futuro das editoras? &raquo; Abrelivros\" \/>\n<meta property=\"og:description\" content=\"Os organizadores da Feira do Livro de Frankfurt realizaram uma grande pesquisa para descobrir como a digitaliza\u00e7\u00e3o vai influenciar o futuro da ind\u00fastria editorial. Mais de 1000 profissionais da ind\u00fastria de mais de 30 pa\u00edses responderam ao question\u00e1rio, emitido atrav\u00e9s da Feira do Livro de Frankfurt Newsletter. A pesquisa revela o com\u00e9rcio de livraria on [&hellip;]\" \/>\n<meta property=\"og:url\" content=\"https:\/\/abrelivros.org.br\/site\/como-a-digitalizacao-ira-moldar-o-futuro-das-editoras\/\" \/>\n<meta property=\"og:site_name\" content=\"Abrelivros\" \/>\n<meta property=\"article:published_time\" content=\"2008-10-15T19:10:00+00:00\" \/>\n<meta name=\"twitter:card\" content=\"summary_large_image\" \/>\n<script type=\"application\/ld+json\" class=\"yoast-schema-graph\">{\"@context\":\"https:\/\/schema.org\",\"@graph\":[{\"@type\":\"WebSite\",\"@id\":\"https:\/\/abrelivros.org.br\/site\/#website\",\"url\":\"https:\/\/abrelivros.org.br\/site\/\",\"name\":\"Abrelivros\",\"description\":\"\",\"potentialAction\":[{\"@type\":\"SearchAction\",\"target\":\"https:\/\/abrelivros.org.br\/site\/?s={search_term_string}\",\"query-input\":\"required name=search_term_string\"}],\"inLanguage\":\"pt-BR\"},{\"@type\":\"WebPage\",\"@id\":\"https:\/\/abrelivros.org.br\/site\/como-a-digitalizacao-ira-moldar-o-futuro-das-editoras\/#webpage\",\"url\":\"https:\/\/abrelivros.org.br\/site\/como-a-digitalizacao-ira-moldar-o-futuro-das-editoras\/\",\"name\":\"Como a digitaliza\\u00e7\\u00e3o ir\\u00e1 moldar o futuro das editoras? &raquo; Abrelivros\",\"isPartOf\":{\"@id\":\"https:\/\/abrelivros.org.br\/site\/#website\"},\"datePublished\":\"2008-10-15T19:10:00+00:00\",\"dateModified\":\"2008-10-15T19:10:00+00:00\",\"author\":{\"@id\":\"https:\/\/abrelivros.org.br\/site\/#\/schema\/person\/2b867f13a717bb230f1a3555505f5593\"},\"breadcrumb\":{\"@id\":\"https:\/\/abrelivros.org.br\/site\/como-a-digitalizacao-ira-moldar-o-futuro-das-editoras\/#breadcrumb\"},\"inLanguage\":\"pt-BR\",\"potentialAction\":[{\"@type\":\"ReadAction\",\"target\":[\"https:\/\/abrelivros.org.br\/site\/como-a-digitalizacao-ira-moldar-o-futuro-das-editoras\/\"]}]},{\"@type\":\"BreadcrumbList\",\"@id\":\"https:\/\/abrelivros.org.br\/site\/como-a-digitalizacao-ira-moldar-o-futuro-das-editoras\/#breadcrumb\",\"itemListElement\":[{\"@type\":\"ListItem\",\"position\":1,\"item\":{\"@type\":\"WebPage\",\"@id\":\"https:\/\/abrelivros.org.br\/site\/\",\"url\":\"https:\/\/abrelivros.org.br\/site\/\",\"name\":\"In\\u00edcio\"}},{\"@type\":\"ListItem\",\"position\":2,\"item\":{\"@type\":\"WebPage\",\"@id\":\"https:\/\/abrelivros.org.br\/site\/category\/noticias\/\",\"url\":\"https:\/\/abrelivros.org.br\/site\/category\/noticias\/\",\"name\":\"Not\\u00edcias\"}},{\"@type\":\"ListItem\",\"position\":3,\"item\":{\"@type\":\"WebPage\",\"@id\":\"https:\/\/abrelivros.org.br\/site\/category\/noticias\/noticias-da-imprensa\/\",\"url\":\"https:\/\/abrelivros.org.br\/site\/category\/noticias\/noticias-da-imprensa\/\",\"name\":\"Not\\u00edcias da imprensa\"}},{\"@type\":\"ListItem\",\"position\":4,\"item\":{\"@type\":\"WebPage\",\"@id\":\"https:\/\/abrelivros.org.br\/site\/como-a-digitalizacao-ira-moldar-o-futuro-das-editoras\/\",\"url\":\"https:\/\/abrelivros.org.br\/site\/como-a-digitalizacao-ira-moldar-o-futuro-das-editoras\/\",\"name\":\"Como a digitaliza\\u00e7\\u00e3o ir\\u00e1 moldar o futuro das editoras?\"}}]},{\"@type\":\"Person\",\"@id\":\"https:\/\/abrelivros.org.br\/site\/#\/schema\/person\/2b867f13a717bb230f1a3555505f5593\",\"name\":\"\\u00a0\",\"image\":{\"@type\":\"ImageObject\",\"@id\":\"https:\/\/abrelivros.org.br\/site\/#personlogo\",\"inLanguage\":\"pt-BR\",\"url\":\"https:\/\/secure.gravatar.com\/avatar\/e80b7f5231be2fff5040a8023da424898002831c5439420df182ae62676d2a6f?s=96&d=mm&r=g\",\"caption\":\"\\u00a0\"}}]}<\/script>\n<!-- \/ Yoast SEO plugin. -->","_links":{"self":[{"href":"https:\/\/abrelivros.org.br\/site\/wp-json\/wp\/v2\/posts\/2396","targetHints":{"allow":["GET"]}}],"collection":[{"href":"https:\/\/abrelivros.org.br\/site\/wp-json\/wp\/v2\/posts"}],"about":[{"href":"https:\/\/abrelivros.org.br\/site\/wp-json\/wp\/v2\/types\/post"}],"author":[{"embeddable":true,"href":"https:\/\/abrelivros.org.br\/site\/wp-json\/wp\/v2\/users\/1"}],"replies":[{"embeddable":true,"href":"https:\/\/abrelivros.org.br\/site\/wp-json\/wp\/v2\/comments?post=2396"}],"version-history":[{"count":0,"href":"https:\/\/abrelivros.org.br\/site\/wp-json\/wp\/v2\/posts\/2396\/revisions"}],"wp:attachment":[{"href":"https:\/\/abrelivros.org.br\/site\/wp-json\/wp\/v2\/media?parent=2396"}],"wp:term":[{"taxonomy":"category","embeddable":true,"href":"https:\/\/abrelivros.org.br\/site\/wp-json\/wp\/v2\/categories?post=2396"},{"taxonomy":"post_tag","embeddable":true,"href":"https:\/\/abrelivros.org.br\/site\/wp-json\/wp\/v2\/tags?post=2396"}],"curies":[{"name":"wp","href":"https:\/\/api.w.org\/{rel}","templated":true}]}}