{"id":2395,"date":"2008-10-15T16:28:00","date_gmt":"2008-10-15T19:28:00","guid":{"rendered":"https:\/\/abrelivros.org.br\/site\/2008\/10\/15\/so-sudeste-cumpre-8-anos-de-ensino\/"},"modified":"2008-10-15T16:28:00","modified_gmt":"2008-10-15T19:28:00","slug":"so-sudeste-cumpre-8-anos-de-ensino","status":"publish","type":"post","link":"https:\/\/abrelivros.org.br\/site\/so-sudeste-cumpre-8-anos-de-ensino\/","title":{"rendered":"S\u00f3 Sudeste cumpre 8 anos de ensino"},"content":{"rendered":"<p>O Sudeste \u00e9 a primeira regi\u00e3o do Pa\u00eds onde a popula\u00e7\u00e3o alcan\u00e7ou a m\u00e9dia de oito anos de estudo, o m\u00ednimo obrigat\u00f3rio desde a aprova\u00e7\u00e3o da Constitui\u00e7\u00e3o, h\u00e1 20 anos. Os microdados da Pesquisa Nacional por Amostra de Domic\u00edlios (Pnad) 2007, analisados pelo Instituto de Pesquisa Econ\u00f4mica Aplicada (Ipea), mostram que a escolaridade no Pa\u00eds cresceu em todas as regi\u00f5es entre 2006 e 2007, atingindo uma m\u00e9dia de 7,3 anos de estudo. No entanto, o Nordeste ainda fica bem atr\u00e1s das demais, com uma m\u00e9dia de apenas seis anos.\u00a0<\/p>\n<p> Ironicamente, o Sudeste chega aos oito anos de estudo no mesmo ano em que foi aprovado o aumento da escolaridade obrigat\u00f3ria para nove anos. Assim, mesmo alcan\u00e7ando o que ditava a Constitui\u00e7\u00e3o de 1988, a regi\u00e3o ainda est\u00e1 defasada.\u00a0<\/p>\n<p> A an\u00e1lise dos dados da Pnad mostra, ainda, que, apesar dos investimentos feitos para tentar reduzir as desigualdades regionais, as regi\u00f5es que deveriam crescer mais r\u00e1pido mant\u00eam a mesma acelera\u00e7\u00e3o do Sudeste. De 1992 a 2007, a popula\u00e7\u00e3o do Nordeste passou a ter mais 2,2 anos de estudo, saindo de 3,8 para 6 anos. No Sudeste, que j\u00e1 em 1992 era a regi\u00e3o com maior escolaridade, o aumento foi de 2,1 anos. No Norte o avan\u00e7o foi menor, de apenas 1,4 ano. \u00a0<\/p>\n<p> No entanto, os dados s\u00e3o celebrados. \u201cA Regi\u00e3o Nordeste est\u00e1 fazendo pela nova gera\u00e7\u00e3o o que n\u00e3o foi feito pelos mais velhos. Essa mesma Pnad mostra que a cobertura escolar para crian\u00e7as de 4 e 5 anos \u00e9 a maior do Pa\u00eds\u201c, afirmou Andr\u00e9 L\u00e1zaro, secret\u00e1rio de Educa\u00e7\u00e3o Continuada, Alfabetiza\u00e7\u00e3o e Diversidade do Minist\u00e9rio da Educa\u00e7\u00e3o. \u201c\u00c9 um investimento que vai dar resultado no m\u00e9dio prazo.\u201c\u00a0<\/p>\n<p> A an\u00e1lise dos dados tamb\u00e9m mostra que os mais jovens j\u00e1 est\u00e3o estudando mais. De acordo com o Ipea, um reflexo direto das pol\u00edticas de inclus\u00e3o educacional que v\u00eam sendo implementadas desde a d\u00e9cada de 90. Na faixa et\u00e1ria mais jovem, de 18 a 24 anos, a taxa de escolaridade j\u00e1 \u00e9 de 9,1 anos. Os brasileiros com mais de 30 anos t\u00eam, em m\u00e9dia, 6,5 anos de estudo. \u00a0<\/p>\n<p> Tamb\u00e9m o analfabetismo, que ainda \u00e9 alto (atingindo 10% da popula\u00e7\u00e3o), j\u00e1 caiu bastante e est\u00e1 em menos de 3% entre os mais jovens. A idade m\u00e9dia do analfabeto brasileiro \u00e9 de 54 anos. \u201cO problema do Brasil hoje n\u00e3o \u00e9 de dire\u00e7\u00e3o. Estamos na dire\u00e7\u00e3o certa. O que precisamos fazer \u00e9 acelerar\u201c, disse L\u00e1zaro. \u00a0<\/p>\n<p> Ainda segundo o Ipea, apesar de a diferen\u00e7a entre negros e brancos vir caindo consistentemente desde 2001, uma fam\u00edlia branca ainda tem o dobro da renda de uma negra. No atual ritmo, a igualdade vir\u00e1 apenas em 2029. Segundo o instituto, 72% da queda da desigualdade de renda entre negros e brancos est\u00e1 diretamente ligada \u00e0 redu\u00e7\u00e3o generalizada da desigualdade no Brasil; 28% teria sido causada propriamente por mobilidade social dos negros.\u00a0<\/p>\n","protected":false},"excerpt":{"rendered":"<p>O Sudeste \u00e9 a primeira regi\u00e3o do Pa\u00eds onde a popula\u00e7\u00e3o alcan\u00e7ou a m\u00e9dia de oito anos de estudo, o m\u00ednimo obrigat\u00f3rio desde a aprova\u00e7\u00e3o da Constitui\u00e7\u00e3o, h\u00e1 20 anos. Os microdados da Pesquisa Nacional por Amostra de Domic\u00edlios (Pnad) 2007, analisados pelo Instituto de Pesquisa Econ\u00f4mica Aplicada (Ipea), mostram que a escolaridade no Pa\u00eds [&hellip;]<\/p>\n","protected":false},"author":1,"featured_media":0,"comment_status":"closed","ping_status":"closed","sticky":false,"template":"","format":"standard","meta":{"footnotes":"","_links_to":"","_links_to_target":""},"categories":[9],"tags":[],"class_list":["post-2395","post","type-post","status-publish","format-standard","hentry","category-noticias-da-imprensa"],"yoast_head":"<!-- This site is optimized with the Yoast SEO plugin v15.1 - https:\/\/yoast.com\/wordpress\/plugins\/seo\/ -->\n<title>S\u00f3 Sudeste cumpre 8 anos de ensino &raquo; Abrelivros<\/title>\n<meta name=\"robots\" content=\"index, follow, max-snippet:-1, max-image-preview:large, max-video-preview:-1\" \/>\n<link rel=\"canonical\" href=\"https:\/\/abrelivros.org.br\/site\/so-sudeste-cumpre-8-anos-de-ensino\/\" \/>\n<meta property=\"og:locale\" content=\"pt_BR\" \/>\n<meta property=\"og:type\" content=\"article\" \/>\n<meta property=\"og:title\" content=\"S\u00f3 Sudeste cumpre 8 anos de ensino &raquo; Abrelivros\" \/>\n<meta property=\"og:description\" content=\"O Sudeste \u00e9 a primeira regi\u00e3o do Pa\u00eds onde a popula\u00e7\u00e3o alcan\u00e7ou a m\u00e9dia de oito anos de estudo, o m\u00ednimo obrigat\u00f3rio desde a aprova\u00e7\u00e3o da Constitui\u00e7\u00e3o, h\u00e1 20 anos. Os microdados da Pesquisa Nacional por Amostra de Domic\u00edlios (Pnad) 2007, analisados pelo Instituto de Pesquisa Econ\u00f4mica Aplicada (Ipea), mostram que a escolaridade no Pa\u00eds [&hellip;]\" \/>\n<meta property=\"og:url\" content=\"https:\/\/abrelivros.org.br\/site\/so-sudeste-cumpre-8-anos-de-ensino\/\" \/>\n<meta property=\"og:site_name\" content=\"Abrelivros\" \/>\n<meta property=\"article:published_time\" content=\"2008-10-15T19:28:00+00:00\" \/>\n<meta name=\"twitter:card\" content=\"summary_large_image\" \/>\n<script type=\"application\/ld+json\" class=\"yoast-schema-graph\">{\"@context\":\"https:\/\/schema.org\",\"@graph\":[{\"@type\":\"WebSite\",\"@id\":\"https:\/\/abrelivros.org.br\/site\/#website\",\"url\":\"https:\/\/abrelivros.org.br\/site\/\",\"name\":\"Abrelivros\",\"description\":\"\",\"potentialAction\":[{\"@type\":\"SearchAction\",\"target\":\"https:\/\/abrelivros.org.br\/site\/?s={search_term_string}\",\"query-input\":\"required name=search_term_string\"}],\"inLanguage\":\"pt-BR\"},{\"@type\":\"WebPage\",\"@id\":\"https:\/\/abrelivros.org.br\/site\/so-sudeste-cumpre-8-anos-de-ensino\/#webpage\",\"url\":\"https:\/\/abrelivros.org.br\/site\/so-sudeste-cumpre-8-anos-de-ensino\/\",\"name\":\"S\\u00f3 Sudeste cumpre 8 anos de ensino &raquo; Abrelivros\",\"isPartOf\":{\"@id\":\"https:\/\/abrelivros.org.br\/site\/#website\"},\"datePublished\":\"2008-10-15T19:28:00+00:00\",\"dateModified\":\"2008-10-15T19:28:00+00:00\",\"author\":{\"@id\":\"https:\/\/abrelivros.org.br\/site\/#\/schema\/person\/2b867f13a717bb230f1a3555505f5593\"},\"breadcrumb\":{\"@id\":\"https:\/\/abrelivros.org.br\/site\/so-sudeste-cumpre-8-anos-de-ensino\/#breadcrumb\"},\"inLanguage\":\"pt-BR\",\"potentialAction\":[{\"@type\":\"ReadAction\",\"target\":[\"https:\/\/abrelivros.org.br\/site\/so-sudeste-cumpre-8-anos-de-ensino\/\"]}]},{\"@type\":\"BreadcrumbList\",\"@id\":\"https:\/\/abrelivros.org.br\/site\/so-sudeste-cumpre-8-anos-de-ensino\/#breadcrumb\",\"itemListElement\":[{\"@type\":\"ListItem\",\"position\":1,\"item\":{\"@type\":\"WebPage\",\"@id\":\"https:\/\/abrelivros.org.br\/site\/\",\"url\":\"https:\/\/abrelivros.org.br\/site\/\",\"name\":\"In\\u00edcio\"}},{\"@type\":\"ListItem\",\"position\":2,\"item\":{\"@type\":\"WebPage\",\"@id\":\"https:\/\/abrelivros.org.br\/site\/category\/noticias\/\",\"url\":\"https:\/\/abrelivros.org.br\/site\/category\/noticias\/\",\"name\":\"Not\\u00edcias\"}},{\"@type\":\"ListItem\",\"position\":3,\"item\":{\"@type\":\"WebPage\",\"@id\":\"https:\/\/abrelivros.org.br\/site\/category\/noticias\/noticias-da-imprensa\/\",\"url\":\"https:\/\/abrelivros.org.br\/site\/category\/noticias\/noticias-da-imprensa\/\",\"name\":\"Not\\u00edcias da imprensa\"}},{\"@type\":\"ListItem\",\"position\":4,\"item\":{\"@type\":\"WebPage\",\"@id\":\"https:\/\/abrelivros.org.br\/site\/so-sudeste-cumpre-8-anos-de-ensino\/\",\"url\":\"https:\/\/abrelivros.org.br\/site\/so-sudeste-cumpre-8-anos-de-ensino\/\",\"name\":\"S\\u00f3 Sudeste cumpre 8 anos de ensino\"}}]},{\"@type\":\"Person\",\"@id\":\"https:\/\/abrelivros.org.br\/site\/#\/schema\/person\/2b867f13a717bb230f1a3555505f5593\",\"name\":\"\\u00a0\",\"image\":{\"@type\":\"ImageObject\",\"@id\":\"https:\/\/abrelivros.org.br\/site\/#personlogo\",\"inLanguage\":\"pt-BR\",\"url\":\"https:\/\/secure.gravatar.com\/avatar\/e80b7f5231be2fff5040a8023da424898002831c5439420df182ae62676d2a6f?s=96&d=mm&r=g\",\"caption\":\"\\u00a0\"}}]}<\/script>\n<!-- \/ Yoast SEO plugin. -->","_links":{"self":[{"href":"https:\/\/abrelivros.org.br\/site\/wp-json\/wp\/v2\/posts\/2395","targetHints":{"allow":["GET"]}}],"collection":[{"href":"https:\/\/abrelivros.org.br\/site\/wp-json\/wp\/v2\/posts"}],"about":[{"href":"https:\/\/abrelivros.org.br\/site\/wp-json\/wp\/v2\/types\/post"}],"author":[{"embeddable":true,"href":"https:\/\/abrelivros.org.br\/site\/wp-json\/wp\/v2\/users\/1"}],"replies":[{"embeddable":true,"href":"https:\/\/abrelivros.org.br\/site\/wp-json\/wp\/v2\/comments?post=2395"}],"version-history":[{"count":0,"href":"https:\/\/abrelivros.org.br\/site\/wp-json\/wp\/v2\/posts\/2395\/revisions"}],"wp:attachment":[{"href":"https:\/\/abrelivros.org.br\/site\/wp-json\/wp\/v2\/media?parent=2395"}],"wp:term":[{"taxonomy":"category","embeddable":true,"href":"https:\/\/abrelivros.org.br\/site\/wp-json\/wp\/v2\/categories?post=2395"},{"taxonomy":"post_tag","embeddable":true,"href":"https:\/\/abrelivros.org.br\/site\/wp-json\/wp\/v2\/tags?post=2395"}],"curies":[{"name":"wp","href":"https:\/\/api.w.org\/{rel}","templated":true}]}}