{"id":2393,"date":"2008-10-16T16:36:00","date_gmt":"2008-10-16T19:36:00","guid":{"rendered":"https:\/\/abrelivros.org.br\/site\/2008\/10\/16\/mec-poe-escola-publica-na-rede\/"},"modified":"2008-10-16T16:36:00","modified_gmt":"2008-10-16T19:36:00","slug":"mec-poe-escola-publica-na-rede","status":"publish","type":"post","link":"https:\/\/abrelivros.org.br\/site\/mec-poe-escola-publica-na-rede\/","title":{"rendered":"MEC p\u00f5e escola p\u00fablica na rede"},"content":{"rendered":"<p>Voc\u00ea sabe quantas crian\u00e7as da sua cidade dependem de transporte escolar? Qual foi o valor repassado para a merenda no \u00faltimo ano? E quantos computadores est\u00e3o conectados \u00e0 internet nos col\u00e9gios? Essas e outras quest\u00f5es agora podem ser acompanhadas de perto por pais, alunos, professores, pesquisadores, prefeitos e governadores dos quatro cantos do pa\u00eds. &nbsp;<br \/> &nbsp;<br \/> O Minist\u00e9rio da Educa\u00e7\u00e3o (MEC) lan\u00e7ou, esta semana, o Novo Mapa da Educa\u00e7\u00e3o Brasileira, que re\u00fane, num link do site www.mec.gov.br , uma radiografia completa da rede p\u00fablica de ensino nas 853 cidades mineiras e nos mais de 5,5 mil munic\u00edpios do Brasil. &nbsp;<br \/> &nbsp;<br \/> O novo sistema deixa, ao alcance de um clique, informa\u00e7\u00f5es como o n\u00famero de habitantes, escolas, alunos matriculados e professores contratados em cada cidade. Al\u00e9m disso, \u00e9 poss\u00edvel conferir o aproveitamento dos munic\u00edpios no \u00cdndice de Desenvolvimento da Educa\u00e7\u00e3o B\u00e1sica (Ideb) e ainda conhecer melhor cerca de 40 a\u00e7\u00f5es do Plano de Desenvolvimento da Educa\u00e7\u00e3o (PDE). &nbsp;<br \/> &nbsp;<br \/> Segundo a assessoria de comunica\u00e7\u00e3o do MEC, o mapa \u00e9 mais uma ferramenta a ser utilizada para que o Brasil atinja sua principal meta: alcan\u00e7ar, at\u00e9 2022 \u2013 ano do bicenten\u00e1rio da Independ\u00eancia \u2013 \u00edndices educacionais compat\u00edveis com os dos pa\u00edses desenvolvidos. &nbsp;<br \/> &nbsp;<br \/> As principais iniciativas detalhadas no site s\u00e3o o Programa Universidade para Todos (ProUni) (quantas institui\u00e7\u00f5es cadastradas e n\u00famero de alunos beneficiados); o Biblioteca na Escola (quantos livros foram doados e total de institui\u00e7\u00f5es beneficiadas); o Brasil Alfabetizado (total de alunos atendidos, quantas turmas  foram formadas e verba destinada ao projeto); o Brasil Profissionalizado (valor repassado pelo MEC e quantas pessoas beneficiadas); o Programa Nacional de Apoio ao Transporte Escolar (Pnate) (total de recursos destinado ao projeto); a Educa\u00e7\u00e3o Especial (total de investimentos feito pelo governo federal no programa); a Universidade Aberta do Brasil (UAB) (quantas vagas e total de cursos ofertados); o Programa de Educa\u00e7\u00e3o de Jovens e Adultos (Proeja) (total de repasses feito pelo MEC e qual p\u00fablico beneficiado); o Banda Larga (quantas escolas est\u00e3o conectadas \u00e0 internet e quantos alunos e professores contemplados); o Programa Nacional de Alimenta\u00e7\u00e3o Escolar (Pnae) (investimentos em merenda escolar); e o Programa de Financiamento Estudantil (Fies) (total de alunos beneficiados). &nbsp;<br \/>  &nbsp;<\/p>\n","protected":false},"excerpt":{"rendered":"<p>Voc\u00ea sabe quantas crian\u00e7as da sua cidade dependem de transporte escolar? Qual foi o valor repassado para a merenda no \u00faltimo ano? E quantos computadores est\u00e3o conectados \u00e0 internet nos col\u00e9gios? Essas e outras quest\u00f5es agora podem ser acompanhadas de perto por pais, alunos, professores, pesquisadores, prefeitos e governadores dos quatro cantos do pa\u00eds. &nbsp; [&hellip;]<\/p>\n","protected":false},"author":1,"featured_media":0,"comment_status":"closed","ping_status":"closed","sticky":false,"template":"","format":"standard","meta":{"footnotes":"","_links_to":"","_links_to_target":""},"categories":[9],"tags":[],"class_list":["post-2393","post","type-post","status-publish","format-standard","hentry","category-noticias-da-imprensa"],"yoast_head":"<!-- This site is optimized with the Yoast SEO plugin v15.1 - https:\/\/yoast.com\/wordpress\/plugins\/seo\/ -->\n<title>MEC p\u00f5e escola p\u00fablica na rede &raquo; Abrelivros<\/title>\n<meta name=\"robots\" content=\"index, follow, max-snippet:-1, max-image-preview:large, max-video-preview:-1\" \/>\n<link rel=\"canonical\" href=\"https:\/\/abrelivros.org.br\/site\/mec-poe-escola-publica-na-rede\/\" \/>\n<meta property=\"og:locale\" content=\"pt_BR\" \/>\n<meta property=\"og:type\" content=\"article\" \/>\n<meta property=\"og:title\" content=\"MEC p\u00f5e escola p\u00fablica na rede &raquo; Abrelivros\" \/>\n<meta property=\"og:description\" content=\"Voc\u00ea sabe quantas crian\u00e7as da sua cidade dependem de transporte escolar? Qual foi o valor repassado para a merenda no \u00faltimo ano? E quantos computadores est\u00e3o conectados \u00e0 internet nos col\u00e9gios? Essas e outras quest\u00f5es agora podem ser acompanhadas de perto por pais, alunos, professores, pesquisadores, prefeitos e governadores dos quatro cantos do pa\u00eds. &nbsp; [&hellip;]\" \/>\n<meta property=\"og:url\" content=\"https:\/\/abrelivros.org.br\/site\/mec-poe-escola-publica-na-rede\/\" \/>\n<meta property=\"og:site_name\" content=\"Abrelivros\" \/>\n<meta property=\"article:published_time\" content=\"2008-10-16T19:36:00+00:00\" \/>\n<meta name=\"twitter:card\" content=\"summary_large_image\" \/>\n<script type=\"application\/ld+json\" class=\"yoast-schema-graph\">{\"@context\":\"https:\/\/schema.org\",\"@graph\":[{\"@type\":\"WebSite\",\"@id\":\"https:\/\/abrelivros.org.br\/site\/#website\",\"url\":\"https:\/\/abrelivros.org.br\/site\/\",\"name\":\"Abrelivros\",\"description\":\"\",\"potentialAction\":[{\"@type\":\"SearchAction\",\"target\":\"https:\/\/abrelivros.org.br\/site\/?s={search_term_string}\",\"query-input\":\"required name=search_term_string\"}],\"inLanguage\":\"pt-BR\"},{\"@type\":\"WebPage\",\"@id\":\"https:\/\/abrelivros.org.br\/site\/mec-poe-escola-publica-na-rede\/#webpage\",\"url\":\"https:\/\/abrelivros.org.br\/site\/mec-poe-escola-publica-na-rede\/\",\"name\":\"MEC p\\u00f5e escola p\\u00fablica na rede &raquo; Abrelivros\",\"isPartOf\":{\"@id\":\"https:\/\/abrelivros.org.br\/site\/#website\"},\"datePublished\":\"2008-10-16T19:36:00+00:00\",\"dateModified\":\"2008-10-16T19:36:00+00:00\",\"author\":{\"@id\":\"https:\/\/abrelivros.org.br\/site\/#\/schema\/person\/2b867f13a717bb230f1a3555505f5593\"},\"breadcrumb\":{\"@id\":\"https:\/\/abrelivros.org.br\/site\/mec-poe-escola-publica-na-rede\/#breadcrumb\"},\"inLanguage\":\"pt-BR\",\"potentialAction\":[{\"@type\":\"ReadAction\",\"target\":[\"https:\/\/abrelivros.org.br\/site\/mec-poe-escola-publica-na-rede\/\"]}]},{\"@type\":\"BreadcrumbList\",\"@id\":\"https:\/\/abrelivros.org.br\/site\/mec-poe-escola-publica-na-rede\/#breadcrumb\",\"itemListElement\":[{\"@type\":\"ListItem\",\"position\":1,\"item\":{\"@type\":\"WebPage\",\"@id\":\"https:\/\/abrelivros.org.br\/site\/\",\"url\":\"https:\/\/abrelivros.org.br\/site\/\",\"name\":\"In\\u00edcio\"}},{\"@type\":\"ListItem\",\"position\":2,\"item\":{\"@type\":\"WebPage\",\"@id\":\"https:\/\/abrelivros.org.br\/site\/category\/noticias\/\",\"url\":\"https:\/\/abrelivros.org.br\/site\/category\/noticias\/\",\"name\":\"Not\\u00edcias\"}},{\"@type\":\"ListItem\",\"position\":3,\"item\":{\"@type\":\"WebPage\",\"@id\":\"https:\/\/abrelivros.org.br\/site\/category\/noticias\/noticias-da-imprensa\/\",\"url\":\"https:\/\/abrelivros.org.br\/site\/category\/noticias\/noticias-da-imprensa\/\",\"name\":\"Not\\u00edcias da imprensa\"}},{\"@type\":\"ListItem\",\"position\":4,\"item\":{\"@type\":\"WebPage\",\"@id\":\"https:\/\/abrelivros.org.br\/site\/mec-poe-escola-publica-na-rede\/\",\"url\":\"https:\/\/abrelivros.org.br\/site\/mec-poe-escola-publica-na-rede\/\",\"name\":\"MEC p\\u00f5e escola p\\u00fablica na rede\"}}]},{\"@type\":\"Person\",\"@id\":\"https:\/\/abrelivros.org.br\/site\/#\/schema\/person\/2b867f13a717bb230f1a3555505f5593\",\"name\":\"\\u00a0\",\"image\":{\"@type\":\"ImageObject\",\"@id\":\"https:\/\/abrelivros.org.br\/site\/#personlogo\",\"inLanguage\":\"pt-BR\",\"url\":\"https:\/\/secure.gravatar.com\/avatar\/e80b7f5231be2fff5040a8023da424898002831c5439420df182ae62676d2a6f?s=96&d=mm&r=g\",\"caption\":\"\\u00a0\"}}]}<\/script>\n<!-- \/ Yoast SEO plugin. -->","_links":{"self":[{"href":"https:\/\/abrelivros.org.br\/site\/wp-json\/wp\/v2\/posts\/2393","targetHints":{"allow":["GET"]}}],"collection":[{"href":"https:\/\/abrelivros.org.br\/site\/wp-json\/wp\/v2\/posts"}],"about":[{"href":"https:\/\/abrelivros.org.br\/site\/wp-json\/wp\/v2\/types\/post"}],"author":[{"embeddable":true,"href":"https:\/\/abrelivros.org.br\/site\/wp-json\/wp\/v2\/users\/1"}],"replies":[{"embeddable":true,"href":"https:\/\/abrelivros.org.br\/site\/wp-json\/wp\/v2\/comments?post=2393"}],"version-history":[{"count":0,"href":"https:\/\/abrelivros.org.br\/site\/wp-json\/wp\/v2\/posts\/2393\/revisions"}],"wp:attachment":[{"href":"https:\/\/abrelivros.org.br\/site\/wp-json\/wp\/v2\/media?parent=2393"}],"wp:term":[{"taxonomy":"category","embeddable":true,"href":"https:\/\/abrelivros.org.br\/site\/wp-json\/wp\/v2\/categories?post=2393"},{"taxonomy":"post_tag","embeddable":true,"href":"https:\/\/abrelivros.org.br\/site\/wp-json\/wp\/v2\/tags?post=2393"}],"curies":[{"name":"wp","href":"https:\/\/api.w.org\/{rel}","templated":true}]}}