{"id":2392,"date":"2008-10-16T16:38:00","date_gmt":"2008-10-16T19:38:00","guid":{"rendered":"https:\/\/abrelivros.org.br\/site\/2008\/10\/16\/frente-defende-mais-recursos-no-orcamento-para-incentivo-a-leitura\/"},"modified":"2008-10-16T16:38:00","modified_gmt":"2008-10-16T19:38:00","slug":"frente-defende-mais-recursos-no-orcamento-para-incentivo-a-leitura","status":"publish","type":"post","link":"https:\/\/abrelivros.org.br\/site\/frente-defende-mais-recursos-no-orcamento-para-incentivo-a-leitura\/","title":{"rendered":"Frente defende mais recursos no Or\u00e7amento para incentivo \u00e0 leitura"},"content":{"rendered":"<p>A Frente Parlamentar Mista da Leitura vai trabalhar para que deputados e senadores apresentem emendas ao Or\u00e7amento da Uni\u00e3o de 2009 destinando recursos para projetos de est\u00edmulo \u00e0 leitura em todo o Pa\u00eds. A proposta foi feita pelo senador Cristovam Buarque (PDT-DF) nesta quarta-feira (15), durante a primeira reuni\u00e3o de trabalho da Frente. \u201cEsse \u00e9 o momento de articularmos junto aos parlamentares para que as \u00e1reas da educa\u00e7\u00e3o e cultura sejam fortalecidas no pr\u00f3ximo ano\u201c, afirmou o presidente da Frente, deputado Marcelo Almeida (PMDB-PR).\u00a0<br \/> \u00a0<br \/> Ex-ministro da Educa\u00e7\u00e3o, Buarque disse que a Frente Parlamentar da Leitura poder\u00e1 atuar de forma efetiva para dar prioridade aos programas de leitura dentro da rede p\u00fablica de ensino, fortalecendo tamb\u00e9m a educa\u00e7\u00e3o.\u00a0<br \/> \u00a0<br \/> Marcelo Almeida destacou que a primeira contribui\u00e7\u00e3o da Frente ser\u00e1 a luta pela cria\u00e7\u00e3o do Fundo Pr\u00f3-Leitura. Este ser\u00e1 o principal tema do 1\u00ba Semin\u00e1rio de Incentivo \u00e0 Leitura no Brasil, que a Frente promove no pr\u00f3ximo dia 29 de outubro, Dia Nacional do Livro. O Fundo, que ser\u00e1 formado por 1% do faturamento anual do setor editorial brasileiro, vai gerar cerca de R$ 40 milh\u00f5es por ano para financiar as a\u00e7\u00f5es previstas no Plano Nacional do Livro e Leitura (PNLL).\u00a0<br \/> \u00a0<br \/> \u201cO Fundo ainda n\u00e3o foi criado por falta de entendimento dentro do pr\u00f3prio Governo. Neste semin\u00e1rio, nosso objetivo \u00e9 pontuar todos os impasses e encontrar as solu\u00e7\u00f5es para tirar o Fundo do papel e dar um grande passo em favor da leitura\u201c, destacou Almeida.\u00a0<br \/> \u00a0<br \/> Al\u00e9m de Almeida e Buarque, participaram da reuni\u00e3o da Frente os deputados Alex Canziani (PTB-PR), Barbosa Neto (PDT-PR), Luiz Carlos Setim (DEM-PR), Osmar Serraglio (PMDB-PR), Ratinho J\u00fanior (PSC-PR) e Darc\u00edsio Perondi (PMDB-RS) &#8211; os tr\u00eas \u00faltimos chegaram ao final da reuni\u00e3o &#8211; o presidente da Associa\u00e7\u00e3o Nacional de Livrarias, Vitor Tavares, e a Ros\u00e1lia Guedes, do Plano Nacional do Livro e Leitura.\u00a0<br \/> \u00a0<\/p>\n","protected":false},"excerpt":{"rendered":"<p>A Frente Parlamentar Mista da Leitura vai trabalhar para que deputados e senadores apresentem emendas ao Or\u00e7amento da Uni\u00e3o de 2009 destinando recursos para projetos de est\u00edmulo \u00e0 leitura em todo o Pa\u00eds. A proposta foi feita pelo senador Cristovam Buarque (PDT-DF) nesta quarta-feira (15), durante a primeira reuni\u00e3o de trabalho da Frente. \u201cEsse \u00e9 [&hellip;]<\/p>\n","protected":false},"author":1,"featured_media":0,"comment_status":"closed","ping_status":"closed","sticky":false,"template":"","format":"standard","meta":{"footnotes":"","_links_to":"","_links_to_target":""},"categories":[9],"tags":[],"class_list":["post-2392","post","type-post","status-publish","format-standard","hentry","category-noticias-da-imprensa"],"yoast_head":"<!-- This site is optimized with the Yoast SEO plugin v15.1 - https:\/\/yoast.com\/wordpress\/plugins\/seo\/ -->\n<title>Frente defende mais recursos no Or\u00e7amento para incentivo \u00e0 leitura &raquo; Abrelivros<\/title>\n<meta name=\"robots\" content=\"index, follow, max-snippet:-1, max-image-preview:large, max-video-preview:-1\" \/>\n<link rel=\"canonical\" href=\"https:\/\/abrelivros.org.br\/site\/frente-defende-mais-recursos-no-orcamento-para-incentivo-a-leitura\/\" \/>\n<meta property=\"og:locale\" content=\"pt_BR\" \/>\n<meta property=\"og:type\" content=\"article\" \/>\n<meta property=\"og:title\" content=\"Frente defende mais recursos no Or\u00e7amento para incentivo \u00e0 leitura &raquo; Abrelivros\" \/>\n<meta property=\"og:description\" content=\"A Frente Parlamentar Mista da Leitura vai trabalhar para que deputados e senadores apresentem emendas ao Or\u00e7amento da Uni\u00e3o de 2009 destinando recursos para projetos de est\u00edmulo \u00e0 leitura em todo o Pa\u00eds. A proposta foi feita pelo senador Cristovam Buarque (PDT-DF) nesta quarta-feira (15), durante a primeira reuni\u00e3o de trabalho da Frente. \u201cEsse \u00e9 [&hellip;]\" \/>\n<meta property=\"og:url\" content=\"https:\/\/abrelivros.org.br\/site\/frente-defende-mais-recursos-no-orcamento-para-incentivo-a-leitura\/\" \/>\n<meta property=\"og:site_name\" content=\"Abrelivros\" \/>\n<meta property=\"article:published_time\" content=\"2008-10-16T19:38:00+00:00\" \/>\n<meta name=\"twitter:card\" content=\"summary_large_image\" \/>\n<script type=\"application\/ld+json\" class=\"yoast-schema-graph\">{\"@context\":\"https:\/\/schema.org\",\"@graph\":[{\"@type\":\"WebSite\",\"@id\":\"https:\/\/abrelivros.org.br\/site\/#website\",\"url\":\"https:\/\/abrelivros.org.br\/site\/\",\"name\":\"Abrelivros\",\"description\":\"\",\"potentialAction\":[{\"@type\":\"SearchAction\",\"target\":\"https:\/\/abrelivros.org.br\/site\/?s={search_term_string}\",\"query-input\":\"required name=search_term_string\"}],\"inLanguage\":\"pt-BR\"},{\"@type\":\"WebPage\",\"@id\":\"https:\/\/abrelivros.org.br\/site\/frente-defende-mais-recursos-no-orcamento-para-incentivo-a-leitura\/#webpage\",\"url\":\"https:\/\/abrelivros.org.br\/site\/frente-defende-mais-recursos-no-orcamento-para-incentivo-a-leitura\/\",\"name\":\"Frente defende mais recursos no Or\\u00e7amento para incentivo \\u00e0 leitura &raquo; Abrelivros\",\"isPartOf\":{\"@id\":\"https:\/\/abrelivros.org.br\/site\/#website\"},\"datePublished\":\"2008-10-16T19:38:00+00:00\",\"dateModified\":\"2008-10-16T19:38:00+00:00\",\"author\":{\"@id\":\"https:\/\/abrelivros.org.br\/site\/#\/schema\/person\/2b867f13a717bb230f1a3555505f5593\"},\"breadcrumb\":{\"@id\":\"https:\/\/abrelivros.org.br\/site\/frente-defende-mais-recursos-no-orcamento-para-incentivo-a-leitura\/#breadcrumb\"},\"inLanguage\":\"pt-BR\",\"potentialAction\":[{\"@type\":\"ReadAction\",\"target\":[\"https:\/\/abrelivros.org.br\/site\/frente-defende-mais-recursos-no-orcamento-para-incentivo-a-leitura\/\"]}]},{\"@type\":\"BreadcrumbList\",\"@id\":\"https:\/\/abrelivros.org.br\/site\/frente-defende-mais-recursos-no-orcamento-para-incentivo-a-leitura\/#breadcrumb\",\"itemListElement\":[{\"@type\":\"ListItem\",\"position\":1,\"item\":{\"@type\":\"WebPage\",\"@id\":\"https:\/\/abrelivros.org.br\/site\/\",\"url\":\"https:\/\/abrelivros.org.br\/site\/\",\"name\":\"In\\u00edcio\"}},{\"@type\":\"ListItem\",\"position\":2,\"item\":{\"@type\":\"WebPage\",\"@id\":\"https:\/\/abrelivros.org.br\/site\/category\/noticias\/\",\"url\":\"https:\/\/abrelivros.org.br\/site\/category\/noticias\/\",\"name\":\"Not\\u00edcias\"}},{\"@type\":\"ListItem\",\"position\":3,\"item\":{\"@type\":\"WebPage\",\"@id\":\"https:\/\/abrelivros.org.br\/site\/category\/noticias\/noticias-da-imprensa\/\",\"url\":\"https:\/\/abrelivros.org.br\/site\/category\/noticias\/noticias-da-imprensa\/\",\"name\":\"Not\\u00edcias da imprensa\"}},{\"@type\":\"ListItem\",\"position\":4,\"item\":{\"@type\":\"WebPage\",\"@id\":\"https:\/\/abrelivros.org.br\/site\/frente-defende-mais-recursos-no-orcamento-para-incentivo-a-leitura\/\",\"url\":\"https:\/\/abrelivros.org.br\/site\/frente-defende-mais-recursos-no-orcamento-para-incentivo-a-leitura\/\",\"name\":\"Frente defende mais recursos no Or\\u00e7amento para incentivo \\u00e0 leitura\"}}]},{\"@type\":\"Person\",\"@id\":\"https:\/\/abrelivros.org.br\/site\/#\/schema\/person\/2b867f13a717bb230f1a3555505f5593\",\"name\":\"\\u00a0\",\"image\":{\"@type\":\"ImageObject\",\"@id\":\"https:\/\/abrelivros.org.br\/site\/#personlogo\",\"inLanguage\":\"pt-BR\",\"url\":\"https:\/\/secure.gravatar.com\/avatar\/e80b7f5231be2fff5040a8023da424898002831c5439420df182ae62676d2a6f?s=96&d=mm&r=g\",\"caption\":\"\\u00a0\"}}]}<\/script>\n<!-- \/ Yoast SEO plugin. -->","_links":{"self":[{"href":"https:\/\/abrelivros.org.br\/site\/wp-json\/wp\/v2\/posts\/2392","targetHints":{"allow":["GET"]}}],"collection":[{"href":"https:\/\/abrelivros.org.br\/site\/wp-json\/wp\/v2\/posts"}],"about":[{"href":"https:\/\/abrelivros.org.br\/site\/wp-json\/wp\/v2\/types\/post"}],"author":[{"embeddable":true,"href":"https:\/\/abrelivros.org.br\/site\/wp-json\/wp\/v2\/users\/1"}],"replies":[{"embeddable":true,"href":"https:\/\/abrelivros.org.br\/site\/wp-json\/wp\/v2\/comments?post=2392"}],"version-history":[{"count":0,"href":"https:\/\/abrelivros.org.br\/site\/wp-json\/wp\/v2\/posts\/2392\/revisions"}],"wp:attachment":[{"href":"https:\/\/abrelivros.org.br\/site\/wp-json\/wp\/v2\/media?parent=2392"}],"wp:term":[{"taxonomy":"category","embeddable":true,"href":"https:\/\/abrelivros.org.br\/site\/wp-json\/wp\/v2\/categories?post=2392"},{"taxonomy":"post_tag","embeddable":true,"href":"https:\/\/abrelivros.org.br\/site\/wp-json\/wp\/v2\/tags?post=2392"}],"curies":[{"name":"wp","href":"https:\/\/api.w.org\/{rel}","templated":true}]}}