{"id":2391,"date":"2008-10-16T17:43:00","date_gmt":"2008-10-16T20:43:00","guid":{"rendered":"https:\/\/abrelivros.org.br\/site\/2008\/10\/16\/livreiros-tentam-antecipar-como-sera-a-livraria-do-futuro\/"},"modified":"2008-10-16T17:43:00","modified_gmt":"2008-10-16T20:43:00","slug":"livreiros-tentam-antecipar-como-sera-a-livraria-do-futuro","status":"publish","type":"post","link":"https:\/\/abrelivros.org.br\/site\/livreiros-tentam-antecipar-como-sera-a-livraria-do-futuro\/","title":{"rendered":"Livreiros tentam antecipar como ser\u00e1 a livraria do futuro"},"content":{"rendered":"<p>O livro n\u00e3o acabar\u00e1. Por\u00e9m, como ser\u00e1 a livraria do futuro? Os livros impressos dividir\u00e3o o espa\u00e7o com outros formatos de conte\u00fado? Ser\u00e1 que, em alguns anos, os consumidores ir\u00e3o \u00e0 livraria e poder\u00e3o ver o livro sendo impresso na hora? J\u00e1 existem equipamentos que permitem a impress\u00e3o de apenas uma c\u00f3pia, uma ferramenta interessante para imprimir obras fora de cat\u00e1logo, n\u00e3o? Jorge Yunes, presidente do Instituto Pr\u00f3-Livro e da Abrelivros, acredita que h\u00e1 um crescimento do livro sob demanda. \u201cH\u00e1 m\u00e1quinas digitais que fazem pequenas tiragens, at\u00e9 uma \u00fanica c\u00f3pia, algo impens\u00e1vel h\u00e1 algum tempo\u201d, diz ele. \u00a0<br \/> \u00a0<br \/> Um exerc\u00edcio que algumas editoras t\u00eam feito no varejo, nesse sentido, \u00e9 fazer um teste pr\u00e9-lan\u00e7amento. Imprime-se uma tiragem menor da obra antes dela chegar oficialmente \u00e0s prateleiras das livrarias para sentir a demanda no ponto-de-venda. Assim, o risco da primeira tiragem \u2013 geralmente uma decis\u00e3o no escuro \u2013 diminui. Por\u00e9m, ainda \u00e9 muito dif\u00edcil fazer um exerc\u00edcio de imagina\u00e7\u00e3o sobre como ser\u00e1 a livraria do futuro. \u201cAt\u00e9 porque acho que as livrarias f\u00edsicas continuar\u00e3o existindo com muito vigor. Mas considero inevit\u00e1vel que a tecnologia esteja presente nas livrarias. Editar um livro ou trecho de um livro, oferecer conte\u00fado digital, vender e-book reader, ter m\u00eddias alternativas ao papel. Tudo isso deve ocorrer. Em 10, 20 ou 30 anos. Dif\u00edcil prever\u201d, diz Samuel Seibel, dono da Livraria da Vila, empresa com lojas na Vila Madalena, nos Jardins e no Shopping Cidade Jardim, em S\u00e3o Paulo. <br \/> \u00a0<br \/> Por enquanto, o mundo virtual pode ser um bom indicador da demanda que existe por um novo tipo de consumo. Mas a disputa por conte\u00fado digital n\u00e3o ser\u00e1 circunscrita apenas \u00e0s pr\u00f3prias livrarias e suas respectivas lojas online. Na ind\u00fastria fonogr\u00e1fica, pelo menos, os gigantes da tecnologia mostraram-se dispostos a ter parte desse mercado. No mercado editorial, principalmente dos Estados Unidos, os grupos do Vale do Sil\u00edcio n\u00e3o t\u00eam medido esfor\u00e7os para se tornarem l\u00edder numa categoria de produto ainda em forma\u00e7\u00e3o. \u00a0<br \/> \u00a0<br \/> O Google, cujo projeto de digitaliza\u00e7\u00e3o de livros causa controv\u00e9rsias, competia at\u00e9 o in\u00edcio do ano com a Microsoft, que investia no projeto Open Content Alliance (algo como Alian\u00e7a por um Conte\u00fado Livre). Por\u00e9m, em maio, a companhia fundada por Bill Gates anunciou sua sa\u00edda do projeto, deixando o Google se tornar a maior corpora\u00e7\u00e3o de digitaliza\u00e7\u00e3o de obras da atualidade. \u00a0<br \/> \u00a0<br \/> Os aparelhos para a leitura de livros digitais \u2013 esp\u00e9cies de iPod do livro \u2013 tamb\u00e9m t\u00eam provocado outra batalha mundial entre duas gigantes, a Sony e a Amazon.com. As duas j\u00e1 lan\u00e7aram seus produtos, o Sony Reader e o Kindle, por US$ 299,99 e US$ 359, respectivamente. Ambas desenvolveram parcerias com editoras para oferecer conte\u00fado a seus consumidores. A loja da Amazon.com, por exemplo, tem nada menos do que 125 mil t\u00edtulos dispon\u00edveis a seus usu\u00e1rios.<br \/> \u00a0<br \/> Em uma entrevista para a revista semanal inglesa The Economist, Jeff Bezos, o fundador e executivo chefe da Amazon, afirma que a loja de livros virtuais j\u00e1 responde por 6% das vendas de livros (receita total do cat\u00e1logo impresso e digital) da empresa. Nenhuma das duas companhias revela n\u00fameros de vendas do novo aparelho. Mas \u00e9 prov\u00e1vel que a populariza\u00e7\u00e3o do ebook reader ainda demore algum tempo para acontecer, principalmente por causa do pre\u00e7o. \u201c\u00c9 um produto muito incipiente, ainda em teste\u201d, afirma Sergio Herz, diretor de opera\u00e7\u00f5es da Livraria Cultura, que esteve recentemente nos Estados Unidos. \u00a0<br \/> \u00a0<br \/> As vendas de livros digitais crescem rapidamente, mas ainda s\u00e3o \u00ednfimas. Em 2002, foram comercializados US$ 5,8 milh\u00f5es no segmento. E, em 2007, saltaram para US$ 31,8 milh\u00f5es no mercado americano. O consumidor ainda n\u00e3o v\u00ea uma utilidade pr\u00e1tica o bastante para comprar tais produtos. Um livro \u00e9 bem mais em conta e \u00e9 t\u00e3o port\u00e1til quanto um aparelho daquele tipo. A ind\u00fastria tem observado outras iniciativas nessa \u00e1rea tamb\u00e9m. A Palm, por exemplo, criou uma loja virtual com mais de 37 mil obras dispon\u00edveis para os usu\u00e1rios do aparelho.<br \/> \u00a0<br \/> A tradicional Harper-Collins j\u00e1 oferece seu conte\u00fado para a Palm desde 2001 e, h\u00e1 dois anos, fechou um acordo com a Apple, para os usu\u00e1rios do celular iPhone. Em agosto deste ano, foi a vez do Lonely Planet fechar um acordo para oferecer seu conte\u00fado no projeto de mapas da Nokia. Enquanto isso, no Jap\u00e3o, h\u00e1 uma tend\u00eancia de consumir novelas pelo celular. O novo mercado de download pulou de uma receita nula h\u00e1 cinco anos para quase US$ 80 milh\u00f5es em 2007 no pa\u00eds oriental. As novas m\u00eddias, no entanto, est\u00e3o longe de estragar o bom momento em que vivem as livrarias brasileiras.<br \/> \u00a0<br \/> Uma somat\u00f3ria de economia em crescimento, maior distribui\u00e7\u00e3o de renda, a isen\u00e7\u00e3o fiscal na cadeia do livro e uma maior profissionaliza\u00e7\u00e3o do setor t\u00eam levado mais pessoas para dentro dessas lojas \u2013 cujo investimento em expans\u00e3o nunca foi t\u00e3o grande. Seibel imagina ainda outra situa\u00e7\u00e3o. \u201cOutro fen\u00f4meno pode ocorrer. Na contram\u00e3o da hist\u00f3ria e invertendo tend\u00eancias, pode haver uma nova onda de revaloriza\u00e7\u00e3o dos espa\u00e7os das livrarias como s\u00e3o hoje. E as livrarias do futuro, de repente, ser\u00e3o bem parecidas com as de agora. Por que n\u00e3o? \u00c9 futuro mesmo\u201d, diz.<br \/> \u00a0<br \/> Nada impede que uma onda \u201cretr\u00f4\u201d ocorra. Ali\u00e1s, as vendas dos antigos discos de vinil, os \u201cbolach\u00f5es\u201d dos anos 50 a 70, n\u00e3o voltaram a crescer no mercado musical neste ano?  \u00a0<\/p>\n","protected":false},"excerpt":{"rendered":"<p>O livro n\u00e3o acabar\u00e1. Por\u00e9m, como ser\u00e1 a livraria do futuro? Os livros impressos dividir\u00e3o o espa\u00e7o com outros formatos de conte\u00fado? Ser\u00e1 que, em alguns anos, os consumidores ir\u00e3o \u00e0 livraria e poder\u00e3o ver o livro sendo impresso na hora? J\u00e1 existem equipamentos que permitem a impress\u00e3o de apenas uma c\u00f3pia, uma ferramenta interessante [&hellip;]<\/p>\n","protected":false},"author":1,"featured_media":0,"comment_status":"closed","ping_status":"closed","sticky":false,"template":"","format":"standard","meta":{"footnotes":"","_links_to":"","_links_to_target":""},"categories":[9],"tags":[],"class_list":["post-2391","post","type-post","status-publish","format-standard","hentry","category-noticias-da-imprensa"],"yoast_head":"<!-- This site is optimized with the Yoast SEO plugin v15.1 - https:\/\/yoast.com\/wordpress\/plugins\/seo\/ -->\n<title>Livreiros tentam antecipar como ser\u00e1 a livraria do futuro &raquo; Abrelivros<\/title>\n<meta name=\"robots\" content=\"index, follow, max-snippet:-1, max-image-preview:large, max-video-preview:-1\" \/>\n<link rel=\"canonical\" href=\"https:\/\/abrelivros.org.br\/site\/livreiros-tentam-antecipar-como-sera-a-livraria-do-futuro\/\" \/>\n<meta property=\"og:locale\" content=\"pt_BR\" \/>\n<meta property=\"og:type\" content=\"article\" \/>\n<meta property=\"og:title\" content=\"Livreiros tentam antecipar como ser\u00e1 a livraria do futuro &raquo; Abrelivros\" \/>\n<meta property=\"og:description\" content=\"O livro n\u00e3o acabar\u00e1. Por\u00e9m, como ser\u00e1 a livraria do futuro? Os livros impressos dividir\u00e3o o espa\u00e7o com outros formatos de conte\u00fado? Ser\u00e1 que, em alguns anos, os consumidores ir\u00e3o \u00e0 livraria e poder\u00e3o ver o livro sendo impresso na hora? J\u00e1 existem equipamentos que permitem a impress\u00e3o de apenas uma c\u00f3pia, uma ferramenta interessante [&hellip;]\" \/>\n<meta property=\"og:url\" content=\"https:\/\/abrelivros.org.br\/site\/livreiros-tentam-antecipar-como-sera-a-livraria-do-futuro\/\" \/>\n<meta property=\"og:site_name\" content=\"Abrelivros\" \/>\n<meta property=\"article:published_time\" content=\"2008-10-16T20:43:00+00:00\" \/>\n<meta name=\"twitter:card\" content=\"summary_large_image\" \/>\n<script type=\"application\/ld+json\" class=\"yoast-schema-graph\">{\"@context\":\"https:\/\/schema.org\",\"@graph\":[{\"@type\":\"WebSite\",\"@id\":\"https:\/\/abrelivros.org.br\/site\/#website\",\"url\":\"https:\/\/abrelivros.org.br\/site\/\",\"name\":\"Abrelivros\",\"description\":\"\",\"potentialAction\":[{\"@type\":\"SearchAction\",\"target\":\"https:\/\/abrelivros.org.br\/site\/?s={search_term_string}\",\"query-input\":\"required name=search_term_string\"}],\"inLanguage\":\"pt-BR\"},{\"@type\":\"WebPage\",\"@id\":\"https:\/\/abrelivros.org.br\/site\/livreiros-tentam-antecipar-como-sera-a-livraria-do-futuro\/#webpage\",\"url\":\"https:\/\/abrelivros.org.br\/site\/livreiros-tentam-antecipar-como-sera-a-livraria-do-futuro\/\",\"name\":\"Livreiros tentam antecipar como ser\\u00e1 a livraria do futuro &raquo; Abrelivros\",\"isPartOf\":{\"@id\":\"https:\/\/abrelivros.org.br\/site\/#website\"},\"datePublished\":\"2008-10-16T20:43:00+00:00\",\"dateModified\":\"2008-10-16T20:43:00+00:00\",\"author\":{\"@id\":\"https:\/\/abrelivros.org.br\/site\/#\/schema\/person\/2b867f13a717bb230f1a3555505f5593\"},\"breadcrumb\":{\"@id\":\"https:\/\/abrelivros.org.br\/site\/livreiros-tentam-antecipar-como-sera-a-livraria-do-futuro\/#breadcrumb\"},\"inLanguage\":\"pt-BR\",\"potentialAction\":[{\"@type\":\"ReadAction\",\"target\":[\"https:\/\/abrelivros.org.br\/site\/livreiros-tentam-antecipar-como-sera-a-livraria-do-futuro\/\"]}]},{\"@type\":\"BreadcrumbList\",\"@id\":\"https:\/\/abrelivros.org.br\/site\/livreiros-tentam-antecipar-como-sera-a-livraria-do-futuro\/#breadcrumb\",\"itemListElement\":[{\"@type\":\"ListItem\",\"position\":1,\"item\":{\"@type\":\"WebPage\",\"@id\":\"https:\/\/abrelivros.org.br\/site\/\",\"url\":\"https:\/\/abrelivros.org.br\/site\/\",\"name\":\"In\\u00edcio\"}},{\"@type\":\"ListItem\",\"position\":2,\"item\":{\"@type\":\"WebPage\",\"@id\":\"https:\/\/abrelivros.org.br\/site\/category\/noticias\/\",\"url\":\"https:\/\/abrelivros.org.br\/site\/category\/noticias\/\",\"name\":\"Not\\u00edcias\"}},{\"@type\":\"ListItem\",\"position\":3,\"item\":{\"@type\":\"WebPage\",\"@id\":\"https:\/\/abrelivros.org.br\/site\/category\/noticias\/noticias-da-imprensa\/\",\"url\":\"https:\/\/abrelivros.org.br\/site\/category\/noticias\/noticias-da-imprensa\/\",\"name\":\"Not\\u00edcias da imprensa\"}},{\"@type\":\"ListItem\",\"position\":4,\"item\":{\"@type\":\"WebPage\",\"@id\":\"https:\/\/abrelivros.org.br\/site\/livreiros-tentam-antecipar-como-sera-a-livraria-do-futuro\/\",\"url\":\"https:\/\/abrelivros.org.br\/site\/livreiros-tentam-antecipar-como-sera-a-livraria-do-futuro\/\",\"name\":\"Livreiros tentam antecipar como ser\\u00e1 a livraria do futuro\"}}]},{\"@type\":\"Person\",\"@id\":\"https:\/\/abrelivros.org.br\/site\/#\/schema\/person\/2b867f13a717bb230f1a3555505f5593\",\"name\":\"\\u00a0\",\"image\":{\"@type\":\"ImageObject\",\"@id\":\"https:\/\/abrelivros.org.br\/site\/#personlogo\",\"inLanguage\":\"pt-BR\",\"url\":\"https:\/\/secure.gravatar.com\/avatar\/e80b7f5231be2fff5040a8023da424898002831c5439420df182ae62676d2a6f?s=96&d=mm&r=g\",\"caption\":\"\\u00a0\"}}]}<\/script>\n<!-- \/ Yoast SEO plugin. -->","_links":{"self":[{"href":"https:\/\/abrelivros.org.br\/site\/wp-json\/wp\/v2\/posts\/2391","targetHints":{"allow":["GET"]}}],"collection":[{"href":"https:\/\/abrelivros.org.br\/site\/wp-json\/wp\/v2\/posts"}],"about":[{"href":"https:\/\/abrelivros.org.br\/site\/wp-json\/wp\/v2\/types\/post"}],"author":[{"embeddable":true,"href":"https:\/\/abrelivros.org.br\/site\/wp-json\/wp\/v2\/users\/1"}],"replies":[{"embeddable":true,"href":"https:\/\/abrelivros.org.br\/site\/wp-json\/wp\/v2\/comments?post=2391"}],"version-history":[{"count":0,"href":"https:\/\/abrelivros.org.br\/site\/wp-json\/wp\/v2\/posts\/2391\/revisions"}],"wp:attachment":[{"href":"https:\/\/abrelivros.org.br\/site\/wp-json\/wp\/v2\/media?parent=2391"}],"wp:term":[{"taxonomy":"category","embeddable":true,"href":"https:\/\/abrelivros.org.br\/site\/wp-json\/wp\/v2\/categories?post=2391"},{"taxonomy":"post_tag","embeddable":true,"href":"https:\/\/abrelivros.org.br\/site\/wp-json\/wp\/v2\/tags?post=2391"}],"curies":[{"name":"wp","href":"https:\/\/api.w.org\/{rel}","templated":true}]}}