{"id":2389,"date":"2008-10-17T16:23:00","date_gmt":"2008-10-17T19:23:00","guid":{"rendered":"https:\/\/abrelivros.org.br\/site\/2008\/10\/17\/educacao-tem-40-novas-tecnologias\/"},"modified":"2008-10-17T16:23:00","modified_gmt":"2008-10-17T19:23:00","slug":"educacao-tem-40-novas-tecnologias","status":"publish","type":"post","link":"https:\/\/abrelivros.org.br\/site\/educacao-tem-40-novas-tecnologias\/","title":{"rendered":"Educa\u00e7\u00e3o tem 40 novas tecnologias"},"content":{"rendered":"<p>As secretarias estaduais e municipais de educa\u00e7\u00e3o ter\u00e3o \u00e0 disposi\u00e7\u00e3o, ainda este ano, mais de 40 novas tecnologias educacionais, recursos pedag\u00f3gicos que podem ser utilizados para melhorar a qualidade do ensino. Os objetos pr\u00e9-qualificados em 2008 v\u00e3o integrar o Guia de Tecnologias Educacionais, criado em 2007. Constam do guia, 19 objetos pr\u00e9-qualificados em 2007 e aqueles produzidos pelo Minist\u00e9rio da Educa\u00e7\u00e3o.\u00a0<br \/> \u00a0<br \/> Das 135 tecnologias inscritas na Chamada P\u00fablica n\u00ba 1\/2008, a Secretaria de Educa\u00e7\u00e3o B\u00e1sica (SEB) pr\u00e9-qualificou 41 e est\u00e1 analisando outras 15, cujos idealizadores entraram com recurso. De acordo com o coordenador-geral de Tecnologias da Educa\u00e7\u00e3o da SEB, Cl\u00e1udio Fernando Andr\u00e9, o processo de qualifica\u00e7\u00e3o tem tr\u00eas etapas. A primeira \u00e9 a de pr\u00e9-qualifica\u00e7\u00e3o e inser\u00e7\u00e3o no guia. A segunda, o acompanhamento de sua aplica\u00e7\u00e3o pelo Minist\u00e9rio da Educa\u00e7\u00e3o. A terceira, a certifica\u00e7\u00e3o, se a tecnologia for aprovada no teste pr\u00e1tico. At\u00e9 hoje, nenhuma foi certificada.\u00a0<br \/> \u00a0<br \/> O Minist\u00e9rio da Educa\u00e7\u00e3o n\u00e3o adquire as tecnologias, nem as indica, mas quando uma delas ganha espa\u00e7o no guia significa que foi analisada e pr\u00e9-qualificada por especialistas. A finalidade do guia \u00e9 orientar os sistemas e ajud\u00e1-los na escolha dos objetos adequados.\u00a0<br \/> \u00a0<br \/> Cl\u00e1udio Andr\u00e9 explica que nos planos de a\u00e7\u00f5es articuladas (PAR) do Plano de Desenvolvimento da Educa\u00e7\u00e3o, muitos munic\u00edpios pediram apoio ao MEC para a corre\u00e7\u00e3o do fluxo escolar e tamb\u00e9m para a forma\u00e7\u00e3o de professores. Entre as 41 tecnologias pr\u00e9-qualificadas este ano, tr\u00eas tratam dessa corre\u00e7\u00e3o. Portanto, o munic\u00edpio pode escolher a mais adequada. Para a forma\u00e7\u00e3o de professores, os munic\u00edpios podem optar por tecnologias desenvolvidas pelo MEC, como o Programa de Forma\u00e7\u00e3o de Profissionais das S\u00e9ries Iniciais do Ensino Fundamental (Pr\u00f3-Letramento) e o Programa de Forma\u00e7\u00e3o Inicial para Professores em Exerc\u00edcio na Educa\u00e7\u00e3o Infantil (Proinfantil).\u00a0<br \/> \u00a0<br \/> Na atualiza\u00e7\u00e3o do Guia de Tecnologias Educacionais, ser\u00e3o inclu\u00eddas pelos menos duas tecnologias desenvolvidas pelo MEC em 2008: a <a href=\"http:\/\/portal.mec.gov.br\/index.php?option=com_content&#038;task=view&#038;id=10159&#038;Itemid=1165&#038;sistemas=1\" target=\"_blank\" rel=\"noopener noreferrer\">Provinha Brasil<\/a>, instrumento de avalia\u00e7\u00e3o dos estudantes do segundo ano do ensino fundamental, e o <a href=\"http:\/\/portaldoprofessor.mec.gov.br\/\" target=\"_blank\" rel=\"noopener noreferrer\">Portal<\/a> do Professor, um espa\u00e7o virtual de di\u00e1logo, troca de informa\u00e7\u00f5es e relatos de experi\u00eancias de professores de todo o pa\u00eds.\u00a0<br \/> \u00a0<br \/> A divulga\u00e7\u00e3o das tecnologias pr\u00e9-qualificadas para inclus\u00e3o no guia est\u00e1 prevista para 1\u00ba de dezembro. Ainda em dezembro, a SEB prev\u00ea o lan\u00e7amento da terceira chamada p\u00fablica para inscri\u00e7\u00e3o dos objetos educacionais que ser\u00e3o analisados por especialistas em 2009.\u00a0<br \/> \u00a0<br \/> Mais informa\u00e7\u00f5es sobre o <a href=\"http:\/\/portal.mec.gov.br\/seb\/index.php?option=com_content&#038;task=view&#038;id=1138&#038;Itemid=1031\" target=\"_blank\" rel=\"noopener noreferrer\">guia<\/a> na p\u00e1gina eletr\u00f4nica da SEB. \u00a0<br \/> \u00a0<\/p>\n<p><\/p>\n","protected":false},"excerpt":{"rendered":"<p>As secretarias estaduais e municipais de educa\u00e7\u00e3o ter\u00e3o \u00e0 disposi\u00e7\u00e3o, ainda este ano, mais de 40 novas tecnologias educacionais, recursos pedag\u00f3gicos que podem ser utilizados para melhorar a qualidade do ensino. Os objetos pr\u00e9-qualificados em 2008 v\u00e3o integrar o Guia de Tecnologias Educacionais, criado em 2007. Constam do guia, 19 objetos pr\u00e9-qualificados em 2007 e [&hellip;]<\/p>\n","protected":false},"author":1,"featured_media":0,"comment_status":"closed","ping_status":"closed","sticky":false,"template":"","format":"standard","meta":{"footnotes":"","_links_to":"","_links_to_target":""},"categories":[9],"tags":[],"class_list":["post-2389","post","type-post","status-publish","format-standard","hentry","category-noticias-da-imprensa"],"yoast_head":"<!-- This site is optimized with the Yoast SEO plugin v15.1 - https:\/\/yoast.com\/wordpress\/plugins\/seo\/ -->\n<title>Educa\u00e7\u00e3o tem 40 novas tecnologias &raquo; Abrelivros<\/title>\n<meta name=\"robots\" content=\"index, follow, max-snippet:-1, max-image-preview:large, max-video-preview:-1\" \/>\n<link rel=\"canonical\" href=\"https:\/\/abrelivros.org.br\/site\/educacao-tem-40-novas-tecnologias\/\" \/>\n<meta property=\"og:locale\" content=\"pt_BR\" \/>\n<meta property=\"og:type\" content=\"article\" \/>\n<meta property=\"og:title\" content=\"Educa\u00e7\u00e3o tem 40 novas tecnologias &raquo; Abrelivros\" \/>\n<meta property=\"og:description\" content=\"As secretarias estaduais e municipais de educa\u00e7\u00e3o ter\u00e3o \u00e0 disposi\u00e7\u00e3o, ainda este ano, mais de 40 novas tecnologias educacionais, recursos pedag\u00f3gicos que podem ser utilizados para melhorar a qualidade do ensino. Os objetos pr\u00e9-qualificados em 2008 v\u00e3o integrar o Guia de Tecnologias Educacionais, criado em 2007. Constam do guia, 19 objetos pr\u00e9-qualificados em 2007 e [&hellip;]\" \/>\n<meta property=\"og:url\" content=\"https:\/\/abrelivros.org.br\/site\/educacao-tem-40-novas-tecnologias\/\" \/>\n<meta property=\"og:site_name\" content=\"Abrelivros\" \/>\n<meta property=\"article:published_time\" content=\"2008-10-17T19:23:00+00:00\" \/>\n<meta name=\"twitter:card\" content=\"summary_large_image\" \/>\n<script type=\"application\/ld+json\" class=\"yoast-schema-graph\">{\"@context\":\"https:\/\/schema.org\",\"@graph\":[{\"@type\":\"WebSite\",\"@id\":\"https:\/\/abrelivros.org.br\/site\/#website\",\"url\":\"https:\/\/abrelivros.org.br\/site\/\",\"name\":\"Abrelivros\",\"description\":\"\",\"potentialAction\":[{\"@type\":\"SearchAction\",\"target\":\"https:\/\/abrelivros.org.br\/site\/?s={search_term_string}\",\"query-input\":\"required name=search_term_string\"}],\"inLanguage\":\"pt-BR\"},{\"@type\":\"WebPage\",\"@id\":\"https:\/\/abrelivros.org.br\/site\/educacao-tem-40-novas-tecnologias\/#webpage\",\"url\":\"https:\/\/abrelivros.org.br\/site\/educacao-tem-40-novas-tecnologias\/\",\"name\":\"Educa\\u00e7\\u00e3o tem 40 novas tecnologias &raquo; Abrelivros\",\"isPartOf\":{\"@id\":\"https:\/\/abrelivros.org.br\/site\/#website\"},\"datePublished\":\"2008-10-17T19:23:00+00:00\",\"dateModified\":\"2008-10-17T19:23:00+00:00\",\"author\":{\"@id\":\"https:\/\/abrelivros.org.br\/site\/#\/schema\/person\/2b867f13a717bb230f1a3555505f5593\"},\"breadcrumb\":{\"@id\":\"https:\/\/abrelivros.org.br\/site\/educacao-tem-40-novas-tecnologias\/#breadcrumb\"},\"inLanguage\":\"pt-BR\",\"potentialAction\":[{\"@type\":\"ReadAction\",\"target\":[\"https:\/\/abrelivros.org.br\/site\/educacao-tem-40-novas-tecnologias\/\"]}]},{\"@type\":\"BreadcrumbList\",\"@id\":\"https:\/\/abrelivros.org.br\/site\/educacao-tem-40-novas-tecnologias\/#breadcrumb\",\"itemListElement\":[{\"@type\":\"ListItem\",\"position\":1,\"item\":{\"@type\":\"WebPage\",\"@id\":\"https:\/\/abrelivros.org.br\/site\/\",\"url\":\"https:\/\/abrelivros.org.br\/site\/\",\"name\":\"In\\u00edcio\"}},{\"@type\":\"ListItem\",\"position\":2,\"item\":{\"@type\":\"WebPage\",\"@id\":\"https:\/\/abrelivros.org.br\/site\/category\/noticias\/\",\"url\":\"https:\/\/abrelivros.org.br\/site\/category\/noticias\/\",\"name\":\"Not\\u00edcias\"}},{\"@type\":\"ListItem\",\"position\":3,\"item\":{\"@type\":\"WebPage\",\"@id\":\"https:\/\/abrelivros.org.br\/site\/category\/noticias\/noticias-da-imprensa\/\",\"url\":\"https:\/\/abrelivros.org.br\/site\/category\/noticias\/noticias-da-imprensa\/\",\"name\":\"Not\\u00edcias da imprensa\"}},{\"@type\":\"ListItem\",\"position\":4,\"item\":{\"@type\":\"WebPage\",\"@id\":\"https:\/\/abrelivros.org.br\/site\/educacao-tem-40-novas-tecnologias\/\",\"url\":\"https:\/\/abrelivros.org.br\/site\/educacao-tem-40-novas-tecnologias\/\",\"name\":\"Educa\\u00e7\\u00e3o tem 40 novas tecnologias\"}}]},{\"@type\":\"Person\",\"@id\":\"https:\/\/abrelivros.org.br\/site\/#\/schema\/person\/2b867f13a717bb230f1a3555505f5593\",\"name\":\"\\u00a0\",\"image\":{\"@type\":\"ImageObject\",\"@id\":\"https:\/\/abrelivros.org.br\/site\/#personlogo\",\"inLanguage\":\"pt-BR\",\"url\":\"https:\/\/secure.gravatar.com\/avatar\/e80b7f5231be2fff5040a8023da424898002831c5439420df182ae62676d2a6f?s=96&d=mm&r=g\",\"caption\":\"\\u00a0\"}}]}<\/script>\n<!-- \/ Yoast SEO plugin. -->","_links":{"self":[{"href":"https:\/\/abrelivros.org.br\/site\/wp-json\/wp\/v2\/posts\/2389","targetHints":{"allow":["GET"]}}],"collection":[{"href":"https:\/\/abrelivros.org.br\/site\/wp-json\/wp\/v2\/posts"}],"about":[{"href":"https:\/\/abrelivros.org.br\/site\/wp-json\/wp\/v2\/types\/post"}],"author":[{"embeddable":true,"href":"https:\/\/abrelivros.org.br\/site\/wp-json\/wp\/v2\/users\/1"}],"replies":[{"embeddable":true,"href":"https:\/\/abrelivros.org.br\/site\/wp-json\/wp\/v2\/comments?post=2389"}],"version-history":[{"count":0,"href":"https:\/\/abrelivros.org.br\/site\/wp-json\/wp\/v2\/posts\/2389\/revisions"}],"wp:attachment":[{"href":"https:\/\/abrelivros.org.br\/site\/wp-json\/wp\/v2\/media?parent=2389"}],"wp:term":[{"taxonomy":"category","embeddable":true,"href":"https:\/\/abrelivros.org.br\/site\/wp-json\/wp\/v2\/categories?post=2389"},{"taxonomy":"post_tag","embeddable":true,"href":"https:\/\/abrelivros.org.br\/site\/wp-json\/wp\/v2\/tags?post=2389"}],"curies":[{"name":"wp","href":"https:\/\/api.w.org\/{rel}","templated":true}]}}