{"id":2388,"date":"2008-10-21T16:27:00","date_gmt":"2008-10-21T18:27:00","guid":{"rendered":"https:\/\/abrelivros.org.br\/site\/2008\/10\/21\/crise-financeira-nao-afeta-negocios-em-frankfurt\/"},"modified":"2008-10-21T16:27:00","modified_gmt":"2008-10-21T18:27:00","slug":"crise-financeira-nao-afeta-negocios-em-frankfurt","status":"publish","type":"post","link":"https:\/\/abrelivros.org.br\/site\/crise-financeira-nao-afeta-negocios-em-frankfurt\/","title":{"rendered":"Crise financeira n\u00e3o afeta neg\u00f3cios em Frankfurt"},"content":{"rendered":"<p>A Feira do Livro de Frankfurt terminou neste domingo contrariando receios de que a crise financeira pudesse provocar uma queda brusca nos investimentos da ind\u00fastria editorial. Ainda n\u00e3o h\u00e1 um balan\u00e7o das vendas de direitos efetuadas durante o evento, mas at\u00e9 s\u00e1bado 299.112 pessoas haviam passado pelos pavilh\u00f5es da Reineckstrasse, um aumento de 5,6% em rela\u00e7\u00e3o ao ano anterior. \u00a0<br \/> \u00a0<br \/> Tamb\u00e9m participaram desta 60\u00ba edi\u00e7\u00e3o da Feira 510 agentes liter\u00e1rios, um aumento de 8,2% em compara\u00e7\u00e3o a 2007. Antes que os n\u00fameros fossem divulgados, alguns editores j\u00e1 usavam indicadores menos ortodoxos para descartar boatos sobre uma diminui\u00e7\u00e3o do movimento, entre eles o tamanho da fila do t\u00e1xi na hora de ir embora e o tempo necess\u00e1rio para conseguir um drinque \u00e0 noite no Frankfurter Hof, hotel onde se re\u00fanem os principais autores e empres\u00e1rios da Feira. \u00a0<br \/> \u00a0<br \/> Editores brasileiros se disseram satisfeitos, apesar do problema no envio dos livros que deixou as prateleiras do estande nacional vazias no primeiro dia (uma das caixas da remessa tinha uma inscri\u00e7\u00e3o de \u201cperigo, l\u00edquido corrosivo\u201d, o que fez com que todo material ficasse retido na alf\u00e2ndega em Madri).\u00a0<br \/> \u00a0<\/p>\n","protected":false},"excerpt":{"rendered":"<p>A Feira do Livro de Frankfurt terminou neste domingo contrariando receios de que a crise financeira pudesse provocar uma queda brusca nos investimentos da ind\u00fastria editorial. Ainda n\u00e3o h\u00e1 um balan\u00e7o das vendas de direitos efetuadas durante o evento, mas at\u00e9 s\u00e1bado 299.112 pessoas haviam passado pelos pavilh\u00f5es da Reineckstrasse, um aumento de 5,6% em [&hellip;]<\/p>\n","protected":false},"author":1,"featured_media":0,"comment_status":"closed","ping_status":"closed","sticky":false,"template":"","format":"standard","meta":{"footnotes":"","_links_to":"","_links_to_target":""},"categories":[9],"tags":[],"class_list":["post-2388","post","type-post","status-publish","format-standard","hentry","category-noticias-da-imprensa"],"yoast_head":"<!-- This site is optimized with the Yoast SEO plugin v15.1 - https:\/\/yoast.com\/wordpress\/plugins\/seo\/ -->\n<title>Crise financeira n\u00e3o afeta neg\u00f3cios em Frankfurt &raquo; Abrelivros<\/title>\n<meta name=\"robots\" content=\"index, follow, max-snippet:-1, max-image-preview:large, max-video-preview:-1\" \/>\n<link rel=\"canonical\" href=\"https:\/\/abrelivros.org.br\/site\/crise-financeira-nao-afeta-negocios-em-frankfurt\/\" \/>\n<meta property=\"og:locale\" content=\"pt_BR\" \/>\n<meta property=\"og:type\" content=\"article\" \/>\n<meta property=\"og:title\" content=\"Crise financeira n\u00e3o afeta neg\u00f3cios em Frankfurt &raquo; Abrelivros\" \/>\n<meta property=\"og:description\" content=\"A Feira do Livro de Frankfurt terminou neste domingo contrariando receios de que a crise financeira pudesse provocar uma queda brusca nos investimentos da ind\u00fastria editorial. Ainda n\u00e3o h\u00e1 um balan\u00e7o das vendas de direitos efetuadas durante o evento, mas at\u00e9 s\u00e1bado 299.112 pessoas haviam passado pelos pavilh\u00f5es da Reineckstrasse, um aumento de 5,6% em [&hellip;]\" \/>\n<meta property=\"og:url\" content=\"https:\/\/abrelivros.org.br\/site\/crise-financeira-nao-afeta-negocios-em-frankfurt\/\" \/>\n<meta property=\"og:site_name\" content=\"Abrelivros\" \/>\n<meta property=\"article:published_time\" content=\"2008-10-21T18:27:00+00:00\" \/>\n<meta name=\"twitter:card\" content=\"summary_large_image\" \/>\n<script type=\"application\/ld+json\" class=\"yoast-schema-graph\">{\"@context\":\"https:\/\/schema.org\",\"@graph\":[{\"@type\":\"WebSite\",\"@id\":\"https:\/\/abrelivros.org.br\/site\/#website\",\"url\":\"https:\/\/abrelivros.org.br\/site\/\",\"name\":\"Abrelivros\",\"description\":\"\",\"potentialAction\":[{\"@type\":\"SearchAction\",\"target\":\"https:\/\/abrelivros.org.br\/site\/?s={search_term_string}\",\"query-input\":\"required name=search_term_string\"}],\"inLanguage\":\"pt-BR\"},{\"@type\":\"WebPage\",\"@id\":\"https:\/\/abrelivros.org.br\/site\/crise-financeira-nao-afeta-negocios-em-frankfurt\/#webpage\",\"url\":\"https:\/\/abrelivros.org.br\/site\/crise-financeira-nao-afeta-negocios-em-frankfurt\/\",\"name\":\"Crise financeira n\\u00e3o afeta neg\\u00f3cios em Frankfurt &raquo; Abrelivros\",\"isPartOf\":{\"@id\":\"https:\/\/abrelivros.org.br\/site\/#website\"},\"datePublished\":\"2008-10-21T18:27:00+00:00\",\"dateModified\":\"2008-10-21T18:27:00+00:00\",\"author\":{\"@id\":\"https:\/\/abrelivros.org.br\/site\/#\/schema\/person\/2b867f13a717bb230f1a3555505f5593\"},\"breadcrumb\":{\"@id\":\"https:\/\/abrelivros.org.br\/site\/crise-financeira-nao-afeta-negocios-em-frankfurt\/#breadcrumb\"},\"inLanguage\":\"pt-BR\",\"potentialAction\":[{\"@type\":\"ReadAction\",\"target\":[\"https:\/\/abrelivros.org.br\/site\/crise-financeira-nao-afeta-negocios-em-frankfurt\/\"]}]},{\"@type\":\"BreadcrumbList\",\"@id\":\"https:\/\/abrelivros.org.br\/site\/crise-financeira-nao-afeta-negocios-em-frankfurt\/#breadcrumb\",\"itemListElement\":[{\"@type\":\"ListItem\",\"position\":1,\"item\":{\"@type\":\"WebPage\",\"@id\":\"https:\/\/abrelivros.org.br\/site\/\",\"url\":\"https:\/\/abrelivros.org.br\/site\/\",\"name\":\"In\\u00edcio\"}},{\"@type\":\"ListItem\",\"position\":2,\"item\":{\"@type\":\"WebPage\",\"@id\":\"https:\/\/abrelivros.org.br\/site\/category\/noticias\/\",\"url\":\"https:\/\/abrelivros.org.br\/site\/category\/noticias\/\",\"name\":\"Not\\u00edcias\"}},{\"@type\":\"ListItem\",\"position\":3,\"item\":{\"@type\":\"WebPage\",\"@id\":\"https:\/\/abrelivros.org.br\/site\/category\/noticias\/noticias-da-imprensa\/\",\"url\":\"https:\/\/abrelivros.org.br\/site\/category\/noticias\/noticias-da-imprensa\/\",\"name\":\"Not\\u00edcias da imprensa\"}},{\"@type\":\"ListItem\",\"position\":4,\"item\":{\"@type\":\"WebPage\",\"@id\":\"https:\/\/abrelivros.org.br\/site\/crise-financeira-nao-afeta-negocios-em-frankfurt\/\",\"url\":\"https:\/\/abrelivros.org.br\/site\/crise-financeira-nao-afeta-negocios-em-frankfurt\/\",\"name\":\"Crise financeira n\\u00e3o afeta neg\\u00f3cios em Frankfurt\"}}]},{\"@type\":\"Person\",\"@id\":\"https:\/\/abrelivros.org.br\/site\/#\/schema\/person\/2b867f13a717bb230f1a3555505f5593\",\"name\":\"\\u00a0\",\"image\":{\"@type\":\"ImageObject\",\"@id\":\"https:\/\/abrelivros.org.br\/site\/#personlogo\",\"inLanguage\":\"pt-BR\",\"url\":\"https:\/\/secure.gravatar.com\/avatar\/e80b7f5231be2fff5040a8023da424898002831c5439420df182ae62676d2a6f?s=96&d=mm&r=g\",\"caption\":\"\\u00a0\"}}]}<\/script>\n<!-- \/ Yoast SEO plugin. -->","_links":{"self":[{"href":"https:\/\/abrelivros.org.br\/site\/wp-json\/wp\/v2\/posts\/2388","targetHints":{"allow":["GET"]}}],"collection":[{"href":"https:\/\/abrelivros.org.br\/site\/wp-json\/wp\/v2\/posts"}],"about":[{"href":"https:\/\/abrelivros.org.br\/site\/wp-json\/wp\/v2\/types\/post"}],"author":[{"embeddable":true,"href":"https:\/\/abrelivros.org.br\/site\/wp-json\/wp\/v2\/users\/1"}],"replies":[{"embeddable":true,"href":"https:\/\/abrelivros.org.br\/site\/wp-json\/wp\/v2\/comments?post=2388"}],"version-history":[{"count":0,"href":"https:\/\/abrelivros.org.br\/site\/wp-json\/wp\/v2\/posts\/2388\/revisions"}],"wp:attachment":[{"href":"https:\/\/abrelivros.org.br\/site\/wp-json\/wp\/v2\/media?parent=2388"}],"wp:term":[{"taxonomy":"category","embeddable":true,"href":"https:\/\/abrelivros.org.br\/site\/wp-json\/wp\/v2\/categories?post=2388"},{"taxonomy":"post_tag","embeddable":true,"href":"https:\/\/abrelivros.org.br\/site\/wp-json\/wp\/v2\/tags?post=2388"}],"curies":[{"name":"wp","href":"https:\/\/api.w.org\/{rel}","templated":true}]}}