{"id":2387,"date":"2008-10-21T17:02:00","date_gmt":"2008-10-21T19:02:00","guid":{"rendered":"https:\/\/abrelivros.org.br\/site\/2008\/10\/21\/meta-de-alfabetizacao-em-estados-e-municipios-ultrapassa-as-projecoes\/"},"modified":"2008-10-21T17:02:00","modified_gmt":"2008-10-21T19:02:00","slug":"meta-de-alfabetizacao-em-estados-e-municipios-ultrapassa-as-projecoes","status":"publish","type":"post","link":"https:\/\/abrelivros.org.br\/site\/meta-de-alfabetizacao-em-estados-e-municipios-ultrapassa-as-projecoes\/","title":{"rendered":"Meta de alfabetiza\u00e7\u00e3o em estados e munic\u00edpios ultrapassa as proje\u00e7\u00f5es"},"content":{"rendered":"<p>Novos alunos ingressar\u00e3o na alfabetiza\u00e7\u00e3o de jovens e adultos ainda este ano. A meta de atendimento proposta por estados e munic\u00edpios que aderiram ao programa Brasil Alfabetizado \u2014 cerca de dois milh\u00f5es de pessoas com 15 anos ou mais \u2014 ultrapassou as proje\u00e7\u00f5es do Minist\u00e9rio da Educa\u00e7\u00e3o para 2008, de 1,3 milh\u00e3o. O prazo para ades\u00e3o em 2008 encerrou-se no dia 11. &nbsp;<br \/> &nbsp;<br \/> Dos 1.254 parceiros que aderiram ao programa (1.231 munic\u00edpios e 23 estados), 1.150 j\u00e1 geraram projetos de alfabetiza\u00e7\u00e3o de jovens e adultos. A maioria dos planos plurianuais de alfabetiza\u00e7\u00e3o est\u00e1 em an\u00e1lise e 466 j\u00e1 foram aprovados. Para estes, os recursos devem ser repassados em breve, e  as aulas devem ter in\u00edcio ainda este ano.&nbsp;<br \/> &nbsp;<br \/> Os estados e munic\u00edpios est\u00e3o na fase de cadastro de turmas, de alfabetizadores e de alfabetizandos. At\u00e9 agora, foram cadastrados 8.809 professores, 22.419 alunos e 4.155 turmas, de acordo com as informa\u00e7\u00f5es dos pr\u00f3prios parceiros.&nbsp;<br \/> &nbsp;<br \/> O foco do Brasil Alfabetizado em 2008 s\u00e3o munic\u00edpios com taxa de analfabetismo superior a 25%. O programa cria oportunidades de atendimento a pessoas com 15 anos ou mais que n\u00e3o conseguiram se alfabetizar. Em seguida, oferece ingresso em turmas de educa\u00e7\u00e3o de jovens e adultos para a continuidade dos estudos.&nbsp;<br \/> &nbsp;<br \/> Indicadores da Pesquisa Nacional por Amostra de Domic\u00edlios (Pnad) de 2007 mostram que a taxa de analfabetismo de jovens e adultos no pa\u00eds est\u00e1 em 10%. Na faixa et\u00e1ria de 15 a 24 anos, o \u00edndice \u00e9 de 2,2%; na de 25 anos ou mais, 12,5%. &nbsp;<br \/> &nbsp;<br \/> &nbsp;<\/p>\n","protected":false},"excerpt":{"rendered":"<p>Novos alunos ingressar\u00e3o na alfabetiza\u00e7\u00e3o de jovens e adultos ainda este ano. A meta de atendimento proposta por estados e munic\u00edpios que aderiram ao programa Brasil Alfabetizado \u2014 cerca de dois milh\u00f5es de pessoas com 15 anos ou mais \u2014 ultrapassou as proje\u00e7\u00f5es do Minist\u00e9rio da Educa\u00e7\u00e3o para 2008, de 1,3 milh\u00e3o. O prazo para [&hellip;]<\/p>\n","protected":false},"author":1,"featured_media":0,"comment_status":"closed","ping_status":"closed","sticky":false,"template":"","format":"standard","meta":{"footnotes":"","_links_to":"","_links_to_target":""},"categories":[9],"tags":[],"class_list":["post-2387","post","type-post","status-publish","format-standard","hentry","category-noticias-da-imprensa"],"yoast_head":"<!-- This site is optimized with the Yoast SEO plugin v15.1 - https:\/\/yoast.com\/wordpress\/plugins\/seo\/ -->\n<title>Meta de alfabetiza\u00e7\u00e3o em estados e munic\u00edpios ultrapassa as proje\u00e7\u00f5es &raquo; Abrelivros<\/title>\n<meta name=\"robots\" content=\"index, follow, max-snippet:-1, max-image-preview:large, max-video-preview:-1\" \/>\n<link rel=\"canonical\" href=\"https:\/\/abrelivros.org.br\/site\/meta-de-alfabetizacao-em-estados-e-municipios-ultrapassa-as-projecoes\/\" \/>\n<meta property=\"og:locale\" content=\"pt_BR\" \/>\n<meta property=\"og:type\" content=\"article\" \/>\n<meta property=\"og:title\" content=\"Meta de alfabetiza\u00e7\u00e3o em estados e munic\u00edpios ultrapassa as proje\u00e7\u00f5es &raquo; Abrelivros\" \/>\n<meta property=\"og:description\" content=\"Novos alunos ingressar\u00e3o na alfabetiza\u00e7\u00e3o de jovens e adultos ainda este ano. A meta de atendimento proposta por estados e munic\u00edpios que aderiram ao programa Brasil Alfabetizado \u2014 cerca de dois milh\u00f5es de pessoas com 15 anos ou mais \u2014 ultrapassou as proje\u00e7\u00f5es do Minist\u00e9rio da Educa\u00e7\u00e3o para 2008, de 1,3 milh\u00e3o. O prazo para [&hellip;]\" \/>\n<meta property=\"og:url\" content=\"https:\/\/abrelivros.org.br\/site\/meta-de-alfabetizacao-em-estados-e-municipios-ultrapassa-as-projecoes\/\" \/>\n<meta property=\"og:site_name\" content=\"Abrelivros\" \/>\n<meta property=\"article:published_time\" content=\"2008-10-21T19:02:00+00:00\" \/>\n<meta name=\"twitter:card\" content=\"summary_large_image\" \/>\n<script type=\"application\/ld+json\" class=\"yoast-schema-graph\">{\"@context\":\"https:\/\/schema.org\",\"@graph\":[{\"@type\":\"WebSite\",\"@id\":\"https:\/\/abrelivros.org.br\/site\/#website\",\"url\":\"https:\/\/abrelivros.org.br\/site\/\",\"name\":\"Abrelivros\",\"description\":\"\",\"potentialAction\":[{\"@type\":\"SearchAction\",\"target\":\"https:\/\/abrelivros.org.br\/site\/?s={search_term_string}\",\"query-input\":\"required name=search_term_string\"}],\"inLanguage\":\"pt-BR\"},{\"@type\":\"WebPage\",\"@id\":\"https:\/\/abrelivros.org.br\/site\/meta-de-alfabetizacao-em-estados-e-municipios-ultrapassa-as-projecoes\/#webpage\",\"url\":\"https:\/\/abrelivros.org.br\/site\/meta-de-alfabetizacao-em-estados-e-municipios-ultrapassa-as-projecoes\/\",\"name\":\"Meta de alfabetiza\\u00e7\\u00e3o em estados e munic\\u00edpios ultrapassa as proje\\u00e7\\u00f5es &raquo; Abrelivros\",\"isPartOf\":{\"@id\":\"https:\/\/abrelivros.org.br\/site\/#website\"},\"datePublished\":\"2008-10-21T19:02:00+00:00\",\"dateModified\":\"2008-10-21T19:02:00+00:00\",\"author\":{\"@id\":\"https:\/\/abrelivros.org.br\/site\/#\/schema\/person\/2b867f13a717bb230f1a3555505f5593\"},\"breadcrumb\":{\"@id\":\"https:\/\/abrelivros.org.br\/site\/meta-de-alfabetizacao-em-estados-e-municipios-ultrapassa-as-projecoes\/#breadcrumb\"},\"inLanguage\":\"pt-BR\",\"potentialAction\":[{\"@type\":\"ReadAction\",\"target\":[\"https:\/\/abrelivros.org.br\/site\/meta-de-alfabetizacao-em-estados-e-municipios-ultrapassa-as-projecoes\/\"]}]},{\"@type\":\"BreadcrumbList\",\"@id\":\"https:\/\/abrelivros.org.br\/site\/meta-de-alfabetizacao-em-estados-e-municipios-ultrapassa-as-projecoes\/#breadcrumb\",\"itemListElement\":[{\"@type\":\"ListItem\",\"position\":1,\"item\":{\"@type\":\"WebPage\",\"@id\":\"https:\/\/abrelivros.org.br\/site\/\",\"url\":\"https:\/\/abrelivros.org.br\/site\/\",\"name\":\"In\\u00edcio\"}},{\"@type\":\"ListItem\",\"position\":2,\"item\":{\"@type\":\"WebPage\",\"@id\":\"https:\/\/abrelivros.org.br\/site\/category\/noticias\/\",\"url\":\"https:\/\/abrelivros.org.br\/site\/category\/noticias\/\",\"name\":\"Not\\u00edcias\"}},{\"@type\":\"ListItem\",\"position\":3,\"item\":{\"@type\":\"WebPage\",\"@id\":\"https:\/\/abrelivros.org.br\/site\/category\/noticias\/noticias-da-imprensa\/\",\"url\":\"https:\/\/abrelivros.org.br\/site\/category\/noticias\/noticias-da-imprensa\/\",\"name\":\"Not\\u00edcias da imprensa\"}},{\"@type\":\"ListItem\",\"position\":4,\"item\":{\"@type\":\"WebPage\",\"@id\":\"https:\/\/abrelivros.org.br\/site\/meta-de-alfabetizacao-em-estados-e-municipios-ultrapassa-as-projecoes\/\",\"url\":\"https:\/\/abrelivros.org.br\/site\/meta-de-alfabetizacao-em-estados-e-municipios-ultrapassa-as-projecoes\/\",\"name\":\"Meta de alfabetiza\\u00e7\\u00e3o em estados e munic\\u00edpios ultrapassa as proje\\u00e7\\u00f5es\"}}]},{\"@type\":\"Person\",\"@id\":\"https:\/\/abrelivros.org.br\/site\/#\/schema\/person\/2b867f13a717bb230f1a3555505f5593\",\"name\":\"\\u00a0\",\"image\":{\"@type\":\"ImageObject\",\"@id\":\"https:\/\/abrelivros.org.br\/site\/#personlogo\",\"inLanguage\":\"pt-BR\",\"url\":\"https:\/\/secure.gravatar.com\/avatar\/e80b7f5231be2fff5040a8023da424898002831c5439420df182ae62676d2a6f?s=96&d=mm&r=g\",\"caption\":\"\\u00a0\"}}]}<\/script>\n<!-- \/ Yoast SEO plugin. -->","_links":{"self":[{"href":"https:\/\/abrelivros.org.br\/site\/wp-json\/wp\/v2\/posts\/2387","targetHints":{"allow":["GET"]}}],"collection":[{"href":"https:\/\/abrelivros.org.br\/site\/wp-json\/wp\/v2\/posts"}],"about":[{"href":"https:\/\/abrelivros.org.br\/site\/wp-json\/wp\/v2\/types\/post"}],"author":[{"embeddable":true,"href":"https:\/\/abrelivros.org.br\/site\/wp-json\/wp\/v2\/users\/1"}],"replies":[{"embeddable":true,"href":"https:\/\/abrelivros.org.br\/site\/wp-json\/wp\/v2\/comments?post=2387"}],"version-history":[{"count":0,"href":"https:\/\/abrelivros.org.br\/site\/wp-json\/wp\/v2\/posts\/2387\/revisions"}],"wp:attachment":[{"href":"https:\/\/abrelivros.org.br\/site\/wp-json\/wp\/v2\/media?parent=2387"}],"wp:term":[{"taxonomy":"category","embeddable":true,"href":"https:\/\/abrelivros.org.br\/site\/wp-json\/wp\/v2\/categories?post=2387"},{"taxonomy":"post_tag","embeddable":true,"href":"https:\/\/abrelivros.org.br\/site\/wp-json\/wp\/v2\/tags?post=2387"}],"curies":[{"name":"wp","href":"https:\/\/api.w.org\/{rel}","templated":true}]}}