{"id":2385,"date":"2008-10-21T17:13:00","date_gmt":"2008-10-21T19:13:00","guid":{"rendered":"https:\/\/abrelivros.org.br\/site\/2008\/10\/21\/modelo-de-biblioteca\/"},"modified":"2008-10-21T17:13:00","modified_gmt":"2008-10-21T19:13:00","slug":"modelo-de-biblioteca","status":"publish","type":"post","link":"https:\/\/abrelivros.org.br\/site\/modelo-de-biblioteca\/","title":{"rendered":"Modelo de biblioteca"},"content":{"rendered":"<p>Na cerim\u00f4nia oficial do Dia Estadual da Leitura, realizada no \u00faltimo domingo, 12 de outubro, na Casa das Rosas, em S\u00e3o Paulo, Adriana Ferrari, representando Jo\u00e3o Sayad, secret\u00e1rio estadual da Cultura, anunciou que o projeto da Biblioteca Modelo de Incentivo \u00e0 Leitura est\u00e1 em andamento. \u00a0<br \/> \u00a0<br \/> O governador Jos\u00e9 Serra j\u00e1 assinou o decreto que entregou \u00e0 Secretaria de Cultura um espa\u00e7o de 4.000 m\u00b2 no Parque da Juventude (Av. Cruzeiro do Sul, 2.630 \u2013 S\u00e3o Paulo\/SP) que pretende abrir as portas com 15 mil t\u00edtulos, al\u00e9m de revistas, jornais, DVD\u2019s, CD\u2019s e Games. \u00a0<br \/> \u00a0<br \/> O plano \u00e9 ampliar esse espa\u00e7o gradativamente e o objetivo \u00e9 que mensalmente novos t\u00edtulos sejam adquiridos. \u201cQueremos que o visitante encontre na biblioteca os mesmos livros que est\u00e3o sendo lan\u00e7ados e vendidos nas melhores livrarias\u201d, comenta Adriana Ferrari. \u00a0<br \/> \u00a0<br \/> As principais listas de Mais vendidos e uma equipe que analisar\u00e1 permanentemente o que est\u00e1 sendo produzido e comentado no mercado editorial brasileiro e mundial ser\u00e3o as principais fontes de informa\u00e7\u00e3o na escolha do que ser\u00e1 adquirido regularmente para o acervo. A proposta da Biblioteca Modelo \u00e9 integrar as diversas m\u00eddias num ambiente completo, onde o visitante possa interagir com os livros de maneira integral e moderna. \u00a0<br \/> \u00a0<br \/> Adriana acredita que as diversas m\u00eddias, como DVD\u2019s e Games, sejam um atrativo para os menos afetos da literatura, que podem acabar entrando no mundo dos livros pela porta das m\u00eddias diversas. A Biblioteca Modelo contar\u00e1 tamb\u00e9m com uma bem equipada sess\u00e3o de equipamentos de inform\u00e1tica. \u00a0<br \/> \u00a0<br \/> Ainda segundo Adriana, o conceito tem sido defendido pelos representantes do programa Acessa S\u00e3o Paulo e j\u00e1 implantado em mais de 130 bibliotecas em diversas cidades do Estado. A id\u00e9ia \u00e9 montar o Acessa S\u00e3o Paulo dentro das bibliotecas j\u00e1 estabelecidas na cidade. \u00a0<br \/> \u00a0<br \/> \u201cAlguns prefeitos j\u00e1 est\u00e3o mudando as bibliotecas para uma \u00e1rea maior a fim de abrigar tamb\u00e9m o Acessa S\u00e3o Paulo\u201d. O objetivo \u00e9 que a biblioteca seja, como o nome indica, o modelo de bibliotecas do Estado.\u00a0<br \/> \u00a0<br \/> \u00a0<\/p>\n","protected":false},"excerpt":{"rendered":"<p>Na cerim\u00f4nia oficial do Dia Estadual da Leitura, realizada no \u00faltimo domingo, 12 de outubro, na Casa das Rosas, em S\u00e3o Paulo, Adriana Ferrari, representando Jo\u00e3o Sayad, secret\u00e1rio estadual da Cultura, anunciou que o projeto da Biblioteca Modelo de Incentivo \u00e0 Leitura est\u00e1 em andamento. \u00a0 \u00a0 O governador Jos\u00e9 Serra j\u00e1 assinou o decreto [&hellip;]<\/p>\n","protected":false},"author":1,"featured_media":0,"comment_status":"closed","ping_status":"closed","sticky":false,"template":"","format":"standard","meta":{"footnotes":"","_links_to":"","_links_to_target":""},"categories":[9],"tags":[],"class_list":["post-2385","post","type-post","status-publish","format-standard","hentry","category-noticias-da-imprensa"],"yoast_head":"<!-- This site is optimized with the Yoast SEO plugin v15.1 - https:\/\/yoast.com\/wordpress\/plugins\/seo\/ -->\n<title>Modelo de biblioteca &raquo; Abrelivros<\/title>\n<meta name=\"robots\" content=\"index, follow, max-snippet:-1, max-image-preview:large, max-video-preview:-1\" \/>\n<link rel=\"canonical\" href=\"https:\/\/abrelivros.org.br\/site\/modelo-de-biblioteca\/\" \/>\n<meta property=\"og:locale\" content=\"pt_BR\" \/>\n<meta property=\"og:type\" content=\"article\" \/>\n<meta property=\"og:title\" content=\"Modelo de biblioteca &raquo; Abrelivros\" \/>\n<meta property=\"og:description\" content=\"Na cerim\u00f4nia oficial do Dia Estadual da Leitura, realizada no \u00faltimo domingo, 12 de outubro, na Casa das Rosas, em S\u00e3o Paulo, Adriana Ferrari, representando Jo\u00e3o Sayad, secret\u00e1rio estadual da Cultura, anunciou que o projeto da Biblioteca Modelo de Incentivo \u00e0 Leitura est\u00e1 em andamento. \u00a0 \u00a0 O governador Jos\u00e9 Serra j\u00e1 assinou o decreto [&hellip;]\" \/>\n<meta property=\"og:url\" content=\"https:\/\/abrelivros.org.br\/site\/modelo-de-biblioteca\/\" \/>\n<meta property=\"og:site_name\" content=\"Abrelivros\" \/>\n<meta property=\"article:published_time\" content=\"2008-10-21T19:13:00+00:00\" \/>\n<meta name=\"twitter:card\" content=\"summary_large_image\" \/>\n<script type=\"application\/ld+json\" class=\"yoast-schema-graph\">{\"@context\":\"https:\/\/schema.org\",\"@graph\":[{\"@type\":\"WebSite\",\"@id\":\"https:\/\/abrelivros.org.br\/site\/#website\",\"url\":\"https:\/\/abrelivros.org.br\/site\/\",\"name\":\"Abrelivros\",\"description\":\"\",\"potentialAction\":[{\"@type\":\"SearchAction\",\"target\":\"https:\/\/abrelivros.org.br\/site\/?s={search_term_string}\",\"query-input\":\"required name=search_term_string\"}],\"inLanguage\":\"pt-BR\"},{\"@type\":\"WebPage\",\"@id\":\"https:\/\/abrelivros.org.br\/site\/modelo-de-biblioteca\/#webpage\",\"url\":\"https:\/\/abrelivros.org.br\/site\/modelo-de-biblioteca\/\",\"name\":\"Modelo de biblioteca &raquo; Abrelivros\",\"isPartOf\":{\"@id\":\"https:\/\/abrelivros.org.br\/site\/#website\"},\"datePublished\":\"2008-10-21T19:13:00+00:00\",\"dateModified\":\"2008-10-21T19:13:00+00:00\",\"author\":{\"@id\":\"https:\/\/abrelivros.org.br\/site\/#\/schema\/person\/2b867f13a717bb230f1a3555505f5593\"},\"breadcrumb\":{\"@id\":\"https:\/\/abrelivros.org.br\/site\/modelo-de-biblioteca\/#breadcrumb\"},\"inLanguage\":\"pt-BR\",\"potentialAction\":[{\"@type\":\"ReadAction\",\"target\":[\"https:\/\/abrelivros.org.br\/site\/modelo-de-biblioteca\/\"]}]},{\"@type\":\"BreadcrumbList\",\"@id\":\"https:\/\/abrelivros.org.br\/site\/modelo-de-biblioteca\/#breadcrumb\",\"itemListElement\":[{\"@type\":\"ListItem\",\"position\":1,\"item\":{\"@type\":\"WebPage\",\"@id\":\"https:\/\/abrelivros.org.br\/site\/\",\"url\":\"https:\/\/abrelivros.org.br\/site\/\",\"name\":\"In\\u00edcio\"}},{\"@type\":\"ListItem\",\"position\":2,\"item\":{\"@type\":\"WebPage\",\"@id\":\"https:\/\/abrelivros.org.br\/site\/category\/noticias\/\",\"url\":\"https:\/\/abrelivros.org.br\/site\/category\/noticias\/\",\"name\":\"Not\\u00edcias\"}},{\"@type\":\"ListItem\",\"position\":3,\"item\":{\"@type\":\"WebPage\",\"@id\":\"https:\/\/abrelivros.org.br\/site\/category\/noticias\/noticias-da-imprensa\/\",\"url\":\"https:\/\/abrelivros.org.br\/site\/category\/noticias\/noticias-da-imprensa\/\",\"name\":\"Not\\u00edcias da imprensa\"}},{\"@type\":\"ListItem\",\"position\":4,\"item\":{\"@type\":\"WebPage\",\"@id\":\"https:\/\/abrelivros.org.br\/site\/modelo-de-biblioteca\/\",\"url\":\"https:\/\/abrelivros.org.br\/site\/modelo-de-biblioteca\/\",\"name\":\"Modelo de biblioteca\"}}]},{\"@type\":\"Person\",\"@id\":\"https:\/\/abrelivros.org.br\/site\/#\/schema\/person\/2b867f13a717bb230f1a3555505f5593\",\"name\":\"\\u00a0\",\"image\":{\"@type\":\"ImageObject\",\"@id\":\"https:\/\/abrelivros.org.br\/site\/#personlogo\",\"inLanguage\":\"pt-BR\",\"url\":\"https:\/\/secure.gravatar.com\/avatar\/e80b7f5231be2fff5040a8023da424898002831c5439420df182ae62676d2a6f?s=96&d=mm&r=g\",\"caption\":\"\\u00a0\"}}]}<\/script>\n<!-- \/ Yoast SEO plugin. -->","_links":{"self":[{"href":"https:\/\/abrelivros.org.br\/site\/wp-json\/wp\/v2\/posts\/2385","targetHints":{"allow":["GET"]}}],"collection":[{"href":"https:\/\/abrelivros.org.br\/site\/wp-json\/wp\/v2\/posts"}],"about":[{"href":"https:\/\/abrelivros.org.br\/site\/wp-json\/wp\/v2\/types\/post"}],"author":[{"embeddable":true,"href":"https:\/\/abrelivros.org.br\/site\/wp-json\/wp\/v2\/users\/1"}],"replies":[{"embeddable":true,"href":"https:\/\/abrelivros.org.br\/site\/wp-json\/wp\/v2\/comments?post=2385"}],"version-history":[{"count":0,"href":"https:\/\/abrelivros.org.br\/site\/wp-json\/wp\/v2\/posts\/2385\/revisions"}],"wp:attachment":[{"href":"https:\/\/abrelivros.org.br\/site\/wp-json\/wp\/v2\/media?parent=2385"}],"wp:term":[{"taxonomy":"category","embeddable":true,"href":"https:\/\/abrelivros.org.br\/site\/wp-json\/wp\/v2\/categories?post=2385"},{"taxonomy":"post_tag","embeddable":true,"href":"https:\/\/abrelivros.org.br\/site\/wp-json\/wp\/v2\/tags?post=2385"}],"curies":[{"name":"wp","href":"https:\/\/api.w.org\/{rel}","templated":true}]}}