{"id":2384,"date":"2008-10-21T17:18:00","date_gmt":"2008-10-21T19:18:00","guid":{"rendered":"https:\/\/abrelivros.org.br\/site\/2008\/10\/21\/criacao-de-cesta-basica-do-livro-sera-analisada-na-ce\/"},"modified":"2008-10-21T17:18:00","modified_gmt":"2008-10-21T19:18:00","slug":"criacao-de-cesta-basica-do-livro-sera-analisada-na-ce","status":"publish","type":"post","link":"https:\/\/abrelivros.org.br\/site\/criacao-de-cesta-basica-do-livro-sera-analisada-na-ce\/","title":{"rendered":"Cria\u00e7\u00e3o de cesta b\u00e1sica do livro ser\u00e1 analisada na CE"},"content":{"rendered":"<p>A Comiss\u00e3o de Educa\u00e7\u00e3o, Cultura e Esporte (CE) examinar\u00e1 proposta do senador Cristovam Buarque (PDT-DF) para criar, no \u00e2mbito do Minist\u00e9rio da Educa\u00e7\u00e3o (MEC), o Programa de Cesta B\u00e1sica do Livro, destinado a prover as fam\u00edlias de estudantes do ensino p\u00fablico, dos n\u00edveis fundamental e m\u00e9dio, de um acervo m\u00ednimo de obras.\u00a0<br \/> \u00a0<br \/> Pelo PLS 278\/08, cada fam\u00edlia com filhos entre seis e 18 anos, cursando as escolas p\u00fablicas, receber\u00e1 dois livros de conte\u00fado liter\u00e1rio, art\u00edstico ou cient\u00edfico, a cada bimestre letivo. As obras ser\u00e3o escolhidas a partir de um cat\u00e1logo a ser elaborado pelo MEC, com a aprova\u00e7\u00e3o da C\u00e2mara de Educa\u00e7\u00e3o B\u00e1sica, vinculada ao Conselho Nacional de Educa\u00e7\u00e3o.\u00a0<br \/> \u00a0<br \/> Na justifica\u00e7\u00e3o do projeto, Cristovam Buarque argumenta que estudos recentes demonstram a diferen\u00e7a positiva do desempenho na escola de crian\u00e7as que disp\u00f5em, em suas casas, de livros, revistas e jornais. Assim, observou, o Programa de Cesta B\u00e1sica do Livro, \u201cfornecendo dois bons exemplares \u00e0s fam\u00edlias\u201c, a cada bimestre letivo, ter\u00e1 um efeito positivo \u201cpara a cria\u00e7\u00e3o de h\u00e1bitos mais evolu\u00eddos de consumo, hoje reservados \u00e0s classes m\u00e9dias da sociedade brasileira\u201c.\u00a0<br \/> \u00a0<br \/> A proposta, que tramita na CE em decis\u00e3o terminativa, conta com parecer favor\u00e1vel do relator, senador Marco Maciel (DEM-PE).\u00a0<\/p>\n","protected":false},"excerpt":{"rendered":"<p>A Comiss\u00e3o de Educa\u00e7\u00e3o, Cultura e Esporte (CE) examinar\u00e1 proposta do senador Cristovam Buarque (PDT-DF) para criar, no \u00e2mbito do Minist\u00e9rio da Educa\u00e7\u00e3o (MEC), o Programa de Cesta B\u00e1sica do Livro, destinado a prover as fam\u00edlias de estudantes do ensino p\u00fablico, dos n\u00edveis fundamental e m\u00e9dio, de um acervo m\u00ednimo de obras.\u00a0 \u00a0 Pelo PLS [&hellip;]<\/p>\n","protected":false},"author":1,"featured_media":0,"comment_status":"closed","ping_status":"closed","sticky":false,"template":"","format":"standard","meta":{"footnotes":"","_links_to":"","_links_to_target":""},"categories":[9],"tags":[],"class_list":["post-2384","post","type-post","status-publish","format-standard","hentry","category-noticias-da-imprensa"],"yoast_head":"<!-- This site is optimized with the Yoast SEO plugin v15.1 - https:\/\/yoast.com\/wordpress\/plugins\/seo\/ -->\n<title>Cria\u00e7\u00e3o de cesta b\u00e1sica do livro ser\u00e1 analisada na CE &raquo; Abrelivros<\/title>\n<meta name=\"robots\" content=\"index, follow, max-snippet:-1, max-image-preview:large, max-video-preview:-1\" \/>\n<link rel=\"canonical\" href=\"https:\/\/abrelivros.org.br\/site\/criacao-de-cesta-basica-do-livro-sera-analisada-na-ce\/\" \/>\n<meta property=\"og:locale\" content=\"pt_BR\" \/>\n<meta property=\"og:type\" content=\"article\" \/>\n<meta property=\"og:title\" content=\"Cria\u00e7\u00e3o de cesta b\u00e1sica do livro ser\u00e1 analisada na CE &raquo; Abrelivros\" \/>\n<meta property=\"og:description\" content=\"A Comiss\u00e3o de Educa\u00e7\u00e3o, Cultura e Esporte (CE) examinar\u00e1 proposta do senador Cristovam Buarque (PDT-DF) para criar, no \u00e2mbito do Minist\u00e9rio da Educa\u00e7\u00e3o (MEC), o Programa de Cesta B\u00e1sica do Livro, destinado a prover as fam\u00edlias de estudantes do ensino p\u00fablico, dos n\u00edveis fundamental e m\u00e9dio, de um acervo m\u00ednimo de obras.\u00a0 \u00a0 Pelo PLS [&hellip;]\" \/>\n<meta property=\"og:url\" content=\"https:\/\/abrelivros.org.br\/site\/criacao-de-cesta-basica-do-livro-sera-analisada-na-ce\/\" \/>\n<meta property=\"og:site_name\" content=\"Abrelivros\" \/>\n<meta property=\"article:published_time\" content=\"2008-10-21T19:18:00+00:00\" \/>\n<meta name=\"twitter:card\" content=\"summary_large_image\" \/>\n<script type=\"application\/ld+json\" class=\"yoast-schema-graph\">{\"@context\":\"https:\/\/schema.org\",\"@graph\":[{\"@type\":\"WebSite\",\"@id\":\"https:\/\/abrelivros.org.br\/site\/#website\",\"url\":\"https:\/\/abrelivros.org.br\/site\/\",\"name\":\"Abrelivros\",\"description\":\"\",\"potentialAction\":[{\"@type\":\"SearchAction\",\"target\":\"https:\/\/abrelivros.org.br\/site\/?s={search_term_string}\",\"query-input\":\"required name=search_term_string\"}],\"inLanguage\":\"pt-BR\"},{\"@type\":\"WebPage\",\"@id\":\"https:\/\/abrelivros.org.br\/site\/criacao-de-cesta-basica-do-livro-sera-analisada-na-ce\/#webpage\",\"url\":\"https:\/\/abrelivros.org.br\/site\/criacao-de-cesta-basica-do-livro-sera-analisada-na-ce\/\",\"name\":\"Cria\\u00e7\\u00e3o de cesta b\\u00e1sica do livro ser\\u00e1 analisada na CE &raquo; Abrelivros\",\"isPartOf\":{\"@id\":\"https:\/\/abrelivros.org.br\/site\/#website\"},\"datePublished\":\"2008-10-21T19:18:00+00:00\",\"dateModified\":\"2008-10-21T19:18:00+00:00\",\"author\":{\"@id\":\"https:\/\/abrelivros.org.br\/site\/#\/schema\/person\/2b867f13a717bb230f1a3555505f5593\"},\"breadcrumb\":{\"@id\":\"https:\/\/abrelivros.org.br\/site\/criacao-de-cesta-basica-do-livro-sera-analisada-na-ce\/#breadcrumb\"},\"inLanguage\":\"pt-BR\",\"potentialAction\":[{\"@type\":\"ReadAction\",\"target\":[\"https:\/\/abrelivros.org.br\/site\/criacao-de-cesta-basica-do-livro-sera-analisada-na-ce\/\"]}]},{\"@type\":\"BreadcrumbList\",\"@id\":\"https:\/\/abrelivros.org.br\/site\/criacao-de-cesta-basica-do-livro-sera-analisada-na-ce\/#breadcrumb\",\"itemListElement\":[{\"@type\":\"ListItem\",\"position\":1,\"item\":{\"@type\":\"WebPage\",\"@id\":\"https:\/\/abrelivros.org.br\/site\/\",\"url\":\"https:\/\/abrelivros.org.br\/site\/\",\"name\":\"In\\u00edcio\"}},{\"@type\":\"ListItem\",\"position\":2,\"item\":{\"@type\":\"WebPage\",\"@id\":\"https:\/\/abrelivros.org.br\/site\/category\/noticias\/\",\"url\":\"https:\/\/abrelivros.org.br\/site\/category\/noticias\/\",\"name\":\"Not\\u00edcias\"}},{\"@type\":\"ListItem\",\"position\":3,\"item\":{\"@type\":\"WebPage\",\"@id\":\"https:\/\/abrelivros.org.br\/site\/category\/noticias\/noticias-da-imprensa\/\",\"url\":\"https:\/\/abrelivros.org.br\/site\/category\/noticias\/noticias-da-imprensa\/\",\"name\":\"Not\\u00edcias da imprensa\"}},{\"@type\":\"ListItem\",\"position\":4,\"item\":{\"@type\":\"WebPage\",\"@id\":\"https:\/\/abrelivros.org.br\/site\/criacao-de-cesta-basica-do-livro-sera-analisada-na-ce\/\",\"url\":\"https:\/\/abrelivros.org.br\/site\/criacao-de-cesta-basica-do-livro-sera-analisada-na-ce\/\",\"name\":\"Cria\\u00e7\\u00e3o de cesta b\\u00e1sica do livro ser\\u00e1 analisada na CE\"}}]},{\"@type\":\"Person\",\"@id\":\"https:\/\/abrelivros.org.br\/site\/#\/schema\/person\/2b867f13a717bb230f1a3555505f5593\",\"name\":\"\\u00a0\",\"image\":{\"@type\":\"ImageObject\",\"@id\":\"https:\/\/abrelivros.org.br\/site\/#personlogo\",\"inLanguage\":\"pt-BR\",\"url\":\"https:\/\/secure.gravatar.com\/avatar\/e80b7f5231be2fff5040a8023da424898002831c5439420df182ae62676d2a6f?s=96&d=mm&r=g\",\"caption\":\"\\u00a0\"}}]}<\/script>\n<!-- \/ Yoast SEO plugin. -->","_links":{"self":[{"href":"https:\/\/abrelivros.org.br\/site\/wp-json\/wp\/v2\/posts\/2384","targetHints":{"allow":["GET"]}}],"collection":[{"href":"https:\/\/abrelivros.org.br\/site\/wp-json\/wp\/v2\/posts"}],"about":[{"href":"https:\/\/abrelivros.org.br\/site\/wp-json\/wp\/v2\/types\/post"}],"author":[{"embeddable":true,"href":"https:\/\/abrelivros.org.br\/site\/wp-json\/wp\/v2\/users\/1"}],"replies":[{"embeddable":true,"href":"https:\/\/abrelivros.org.br\/site\/wp-json\/wp\/v2\/comments?post=2384"}],"version-history":[{"count":0,"href":"https:\/\/abrelivros.org.br\/site\/wp-json\/wp\/v2\/posts\/2384\/revisions"}],"wp:attachment":[{"href":"https:\/\/abrelivros.org.br\/site\/wp-json\/wp\/v2\/media?parent=2384"}],"wp:term":[{"taxonomy":"category","embeddable":true,"href":"https:\/\/abrelivros.org.br\/site\/wp-json\/wp\/v2\/categories?post=2384"},{"taxonomy":"post_tag","embeddable":true,"href":"https:\/\/abrelivros.org.br\/site\/wp-json\/wp\/v2\/tags?post=2384"}],"curies":[{"name":"wp","href":"https:\/\/api.w.org\/{rel}","templated":true}]}}