{"id":2383,"date":"2008-10-22T14:45:00","date_gmt":"2008-10-22T16:45:00","guid":{"rendered":"https:\/\/abrelivros.org.br\/site\/2008\/10\/22\/projeto-incentiva-a-leitura\/"},"modified":"2008-10-22T14:45:00","modified_gmt":"2008-10-22T16:45:00","slug":"projeto-incentiva-a-leitura","status":"publish","type":"post","link":"https:\/\/abrelivros.org.br\/site\/projeto-incentiva-a-leitura\/","title":{"rendered":"Projeto incentiva a leitura"},"content":{"rendered":"<p>O Minist\u00e9rio da Educa\u00e7\u00e3o abre a estados, munic\u00edpios, Distrito Federal, institui\u00e7\u00f5es de ensino superior e entidades sem fins lucrativos a oportunidade de apresentar projetos de incentivo \u00e0 leitura dirigidos a jovens, adultos e idosos rec\u00e9m-alfabetizados ou em processo de alfabetiza\u00e7\u00e3o. Para este ano, o projeto de fomento \u00e0 leitura disp\u00f5e de R$ 2 milh\u00f5es e o prazo de apresenta\u00e7\u00e3o das propostas \u00e9 14 de novembro.\u00a0<br \/> \u00a0<br \/> A Resolu\u00e7\u00e3o n\u00ba 44, publicada no Di\u00e1rio Oficial da Uni\u00e3o dia 17, define que as propostas devem contemplar uma entre quatro linhas de a\u00e7\u00e3o: promo\u00e7\u00e3o do acesso \u00e0 leitura; forma\u00e7\u00e3o de leitores e mediadores de leitura; produ\u00e7\u00e3o e distribui\u00e7\u00e3o de tecnologias educacionais de fomento \u00e0 leitura, e pesquisa e avalia\u00e7\u00e3o sobre leitura. \u00a0<br \/> \u00a0<br \/> O formul\u00e1rio do projeto ser\u00e1 definido e divulgado pelo Fundo Nacional de Desenvolvimento da Educa\u00e7\u00e3o (FNDE), \u00f3rg\u00e3o do MEC respons\u00e1vel pelo repasse dos recursos. Caber\u00e1 \u00e0 equipe t\u00e9cnico-pedag\u00f3gica da Secretaria de Educa\u00e7\u00e3o Continuada, Alfabetiza\u00e7\u00e3o e Diversidade (Secad) analisar os projetos, a partir de seis crit\u00e9rios relacionados na <a href=\"http:\/\/portal.mec.gov.br\/arquivos\/pdf\/fnde_44.pdf\" target=\"_blank\" rel=\"noopener noreferrer\">Resolu\u00e7\u00e3o n\u00ba 44<\/a>. \u00a0<br \/> \u00a0<br \/> \u00a0<\/p>\n<p><\/p>\n","protected":false},"excerpt":{"rendered":"<p>O Minist\u00e9rio da Educa\u00e7\u00e3o abre a estados, munic\u00edpios, Distrito Federal, institui\u00e7\u00f5es de ensino superior e entidades sem fins lucrativos a oportunidade de apresentar projetos de incentivo \u00e0 leitura dirigidos a jovens, adultos e idosos rec\u00e9m-alfabetizados ou em processo de alfabetiza\u00e7\u00e3o. Para este ano, o projeto de fomento \u00e0 leitura disp\u00f5e de R$ 2 milh\u00f5es e [&hellip;]<\/p>\n","protected":false},"author":1,"featured_media":0,"comment_status":"closed","ping_status":"closed","sticky":false,"template":"","format":"standard","meta":{"footnotes":"","_links_to":"","_links_to_target":""},"categories":[9],"tags":[],"class_list":["post-2383","post","type-post","status-publish","format-standard","hentry","category-noticias-da-imprensa"],"yoast_head":"<!-- This site is optimized with the Yoast SEO plugin v15.1 - https:\/\/yoast.com\/wordpress\/plugins\/seo\/ -->\n<title>Projeto incentiva a leitura &raquo; Abrelivros<\/title>\n<meta name=\"robots\" content=\"index, follow, max-snippet:-1, max-image-preview:large, max-video-preview:-1\" \/>\n<link rel=\"canonical\" href=\"https:\/\/abrelivros.org.br\/site\/projeto-incentiva-a-leitura\/\" \/>\n<meta property=\"og:locale\" content=\"pt_BR\" \/>\n<meta property=\"og:type\" content=\"article\" \/>\n<meta property=\"og:title\" content=\"Projeto incentiva a leitura &raquo; Abrelivros\" \/>\n<meta property=\"og:description\" content=\"O Minist\u00e9rio da Educa\u00e7\u00e3o abre a estados, munic\u00edpios, Distrito Federal, institui\u00e7\u00f5es de ensino superior e entidades sem fins lucrativos a oportunidade de apresentar projetos de incentivo \u00e0 leitura dirigidos a jovens, adultos e idosos rec\u00e9m-alfabetizados ou em processo de alfabetiza\u00e7\u00e3o. Para este ano, o projeto de fomento \u00e0 leitura disp\u00f5e de R$ 2 milh\u00f5es e [&hellip;]\" \/>\n<meta property=\"og:url\" content=\"https:\/\/abrelivros.org.br\/site\/projeto-incentiva-a-leitura\/\" \/>\n<meta property=\"og:site_name\" content=\"Abrelivros\" \/>\n<meta property=\"article:published_time\" content=\"2008-10-22T16:45:00+00:00\" \/>\n<meta name=\"twitter:card\" content=\"summary_large_image\" \/>\n<script type=\"application\/ld+json\" class=\"yoast-schema-graph\">{\"@context\":\"https:\/\/schema.org\",\"@graph\":[{\"@type\":\"WebSite\",\"@id\":\"https:\/\/abrelivros.org.br\/site\/#website\",\"url\":\"https:\/\/abrelivros.org.br\/site\/\",\"name\":\"Abrelivros\",\"description\":\"\",\"potentialAction\":[{\"@type\":\"SearchAction\",\"target\":\"https:\/\/abrelivros.org.br\/site\/?s={search_term_string}\",\"query-input\":\"required name=search_term_string\"}],\"inLanguage\":\"pt-BR\"},{\"@type\":\"WebPage\",\"@id\":\"https:\/\/abrelivros.org.br\/site\/projeto-incentiva-a-leitura\/#webpage\",\"url\":\"https:\/\/abrelivros.org.br\/site\/projeto-incentiva-a-leitura\/\",\"name\":\"Projeto incentiva a leitura &raquo; Abrelivros\",\"isPartOf\":{\"@id\":\"https:\/\/abrelivros.org.br\/site\/#website\"},\"datePublished\":\"2008-10-22T16:45:00+00:00\",\"dateModified\":\"2008-10-22T16:45:00+00:00\",\"author\":{\"@id\":\"https:\/\/abrelivros.org.br\/site\/#\/schema\/person\/2b867f13a717bb230f1a3555505f5593\"},\"breadcrumb\":{\"@id\":\"https:\/\/abrelivros.org.br\/site\/projeto-incentiva-a-leitura\/#breadcrumb\"},\"inLanguage\":\"pt-BR\",\"potentialAction\":[{\"@type\":\"ReadAction\",\"target\":[\"https:\/\/abrelivros.org.br\/site\/projeto-incentiva-a-leitura\/\"]}]},{\"@type\":\"BreadcrumbList\",\"@id\":\"https:\/\/abrelivros.org.br\/site\/projeto-incentiva-a-leitura\/#breadcrumb\",\"itemListElement\":[{\"@type\":\"ListItem\",\"position\":1,\"item\":{\"@type\":\"WebPage\",\"@id\":\"https:\/\/abrelivros.org.br\/site\/\",\"url\":\"https:\/\/abrelivros.org.br\/site\/\",\"name\":\"In\\u00edcio\"}},{\"@type\":\"ListItem\",\"position\":2,\"item\":{\"@type\":\"WebPage\",\"@id\":\"https:\/\/abrelivros.org.br\/site\/category\/noticias\/\",\"url\":\"https:\/\/abrelivros.org.br\/site\/category\/noticias\/\",\"name\":\"Not\\u00edcias\"}},{\"@type\":\"ListItem\",\"position\":3,\"item\":{\"@type\":\"WebPage\",\"@id\":\"https:\/\/abrelivros.org.br\/site\/category\/noticias\/noticias-da-imprensa\/\",\"url\":\"https:\/\/abrelivros.org.br\/site\/category\/noticias\/noticias-da-imprensa\/\",\"name\":\"Not\\u00edcias da imprensa\"}},{\"@type\":\"ListItem\",\"position\":4,\"item\":{\"@type\":\"WebPage\",\"@id\":\"https:\/\/abrelivros.org.br\/site\/projeto-incentiva-a-leitura\/\",\"url\":\"https:\/\/abrelivros.org.br\/site\/projeto-incentiva-a-leitura\/\",\"name\":\"Projeto incentiva a leitura\"}}]},{\"@type\":\"Person\",\"@id\":\"https:\/\/abrelivros.org.br\/site\/#\/schema\/person\/2b867f13a717bb230f1a3555505f5593\",\"name\":\"\\u00a0\",\"image\":{\"@type\":\"ImageObject\",\"@id\":\"https:\/\/abrelivros.org.br\/site\/#personlogo\",\"inLanguage\":\"pt-BR\",\"url\":\"https:\/\/secure.gravatar.com\/avatar\/e80b7f5231be2fff5040a8023da424898002831c5439420df182ae62676d2a6f?s=96&d=mm&r=g\",\"caption\":\"\\u00a0\"}}]}<\/script>\n<!-- \/ Yoast SEO plugin. -->","_links":{"self":[{"href":"https:\/\/abrelivros.org.br\/site\/wp-json\/wp\/v2\/posts\/2383","targetHints":{"allow":["GET"]}}],"collection":[{"href":"https:\/\/abrelivros.org.br\/site\/wp-json\/wp\/v2\/posts"}],"about":[{"href":"https:\/\/abrelivros.org.br\/site\/wp-json\/wp\/v2\/types\/post"}],"author":[{"embeddable":true,"href":"https:\/\/abrelivros.org.br\/site\/wp-json\/wp\/v2\/users\/1"}],"replies":[{"embeddable":true,"href":"https:\/\/abrelivros.org.br\/site\/wp-json\/wp\/v2\/comments?post=2383"}],"version-history":[{"count":0,"href":"https:\/\/abrelivros.org.br\/site\/wp-json\/wp\/v2\/posts\/2383\/revisions"}],"wp:attachment":[{"href":"https:\/\/abrelivros.org.br\/site\/wp-json\/wp\/v2\/media?parent=2383"}],"wp:term":[{"taxonomy":"category","embeddable":true,"href":"https:\/\/abrelivros.org.br\/site\/wp-json\/wp\/v2\/categories?post=2383"},{"taxonomy":"post_tag","embeddable":true,"href":"https:\/\/abrelivros.org.br\/site\/wp-json\/wp\/v2\/tags?post=2383"}],"curies":[{"name":"wp","href":"https:\/\/api.w.org\/{rel}","templated":true}]}}