{"id":2382,"date":"2008-10-22T16:07:00","date_gmt":"2008-10-22T18:07:00","guid":{"rendered":"https:\/\/abrelivros.org.br\/site\/2008\/10\/22\/setor-em-debate-permanente\/"},"modified":"2008-10-22T16:07:00","modified_gmt":"2008-10-22T18:07:00","slug":"setor-em-debate-permanente","status":"publish","type":"post","link":"https:\/\/abrelivros.org.br\/site\/setor-em-debate-permanente\/","title":{"rendered":"Setor em debate permanente"},"content":{"rendered":"<p>Algumas das entidades do setor livreiro, juntamente com o MinC (Minist\u00e9rio da Cultura), v\u00e3o criar um grupo de trabalho para debater direitos autorais. A iniciativa \u00e9 resultado de encontro, que ocorreu no dia 21, na sede da CBL, em S\u00e3o Paulo, organizado pela C\u00e2mara Brasileira do Livro, que reuniu representantes de 14 entidades do setor livreiro com o MinC. \u00a0<br \/> \u00a0<br \/> Na ocasi\u00e3o, foram apresentadas propostas do Minist\u00e9rio para regulamenta\u00e7\u00e3o e fiscaliza\u00e7\u00e3o do direito autoral no Brasil. \u201cDecidimos oferecer a sede da CBL para a realiza\u00e7\u00e3o de um f\u00f3rum no qual os representantes do MinC pudessem apresentar para as entidades do setor suas propostas de revis\u00e3o da Lei dos Direitos Autorais\u201d, explicou a presidente Rosely Boschini. \u00a0<br \/> \u00a0<br \/> Na an\u00e1lise de Ant\u00f4nio Laskos, do SNEL &#8211; Sindicato Nacional de Editores de Livros -, agora \u00e9 \u201cimperativo que as entidades dialoguem para levar uma proposta \u00fanica ao MinC\u201d.  \u00a0<\/p>\n","protected":false},"excerpt":{"rendered":"<p>Algumas das entidades do setor livreiro, juntamente com o MinC (Minist\u00e9rio da Cultura), v\u00e3o criar um grupo de trabalho para debater direitos autorais. A iniciativa \u00e9 resultado de encontro, que ocorreu no dia 21, na sede da CBL, em S\u00e3o Paulo, organizado pela C\u00e2mara Brasileira do Livro, que reuniu representantes de 14 entidades do setor [&hellip;]<\/p>\n","protected":false},"author":1,"featured_media":0,"comment_status":"closed","ping_status":"closed","sticky":false,"template":"","format":"standard","meta":{"footnotes":"","_links_to":"","_links_to_target":""},"categories":[9],"tags":[],"class_list":["post-2382","post","type-post","status-publish","format-standard","hentry","category-noticias-da-imprensa"],"yoast_head":"<!-- This site is optimized with the Yoast SEO plugin v15.1 - https:\/\/yoast.com\/wordpress\/plugins\/seo\/ -->\n<title>Setor em debate permanente &raquo; Abrelivros<\/title>\n<meta name=\"robots\" content=\"index, follow, max-snippet:-1, max-image-preview:large, max-video-preview:-1\" \/>\n<link rel=\"canonical\" href=\"https:\/\/abrelivros.org.br\/site\/setor-em-debate-permanente\/\" \/>\n<meta property=\"og:locale\" content=\"pt_BR\" \/>\n<meta property=\"og:type\" content=\"article\" \/>\n<meta property=\"og:title\" content=\"Setor em debate permanente &raquo; Abrelivros\" \/>\n<meta property=\"og:description\" content=\"Algumas das entidades do setor livreiro, juntamente com o MinC (Minist\u00e9rio da Cultura), v\u00e3o criar um grupo de trabalho para debater direitos autorais. A iniciativa \u00e9 resultado de encontro, que ocorreu no dia 21, na sede da CBL, em S\u00e3o Paulo, organizado pela C\u00e2mara Brasileira do Livro, que reuniu representantes de 14 entidades do setor [&hellip;]\" \/>\n<meta property=\"og:url\" content=\"https:\/\/abrelivros.org.br\/site\/setor-em-debate-permanente\/\" \/>\n<meta property=\"og:site_name\" content=\"Abrelivros\" \/>\n<meta property=\"article:published_time\" content=\"2008-10-22T18:07:00+00:00\" \/>\n<meta name=\"twitter:card\" content=\"summary_large_image\" \/>\n<script type=\"application\/ld+json\" class=\"yoast-schema-graph\">{\"@context\":\"https:\/\/schema.org\",\"@graph\":[{\"@type\":\"WebSite\",\"@id\":\"https:\/\/abrelivros.org.br\/site\/#website\",\"url\":\"https:\/\/abrelivros.org.br\/site\/\",\"name\":\"Abrelivros\",\"description\":\"\",\"potentialAction\":[{\"@type\":\"SearchAction\",\"target\":\"https:\/\/abrelivros.org.br\/site\/?s={search_term_string}\",\"query-input\":\"required name=search_term_string\"}],\"inLanguage\":\"pt-BR\"},{\"@type\":\"WebPage\",\"@id\":\"https:\/\/abrelivros.org.br\/site\/setor-em-debate-permanente\/#webpage\",\"url\":\"https:\/\/abrelivros.org.br\/site\/setor-em-debate-permanente\/\",\"name\":\"Setor em debate permanente &raquo; Abrelivros\",\"isPartOf\":{\"@id\":\"https:\/\/abrelivros.org.br\/site\/#website\"},\"datePublished\":\"2008-10-22T18:07:00+00:00\",\"dateModified\":\"2008-10-22T18:07:00+00:00\",\"author\":{\"@id\":\"https:\/\/abrelivros.org.br\/site\/#\/schema\/person\/2b867f13a717bb230f1a3555505f5593\"},\"breadcrumb\":{\"@id\":\"https:\/\/abrelivros.org.br\/site\/setor-em-debate-permanente\/#breadcrumb\"},\"inLanguage\":\"pt-BR\",\"potentialAction\":[{\"@type\":\"ReadAction\",\"target\":[\"https:\/\/abrelivros.org.br\/site\/setor-em-debate-permanente\/\"]}]},{\"@type\":\"BreadcrumbList\",\"@id\":\"https:\/\/abrelivros.org.br\/site\/setor-em-debate-permanente\/#breadcrumb\",\"itemListElement\":[{\"@type\":\"ListItem\",\"position\":1,\"item\":{\"@type\":\"WebPage\",\"@id\":\"https:\/\/abrelivros.org.br\/site\/\",\"url\":\"https:\/\/abrelivros.org.br\/site\/\",\"name\":\"In\\u00edcio\"}},{\"@type\":\"ListItem\",\"position\":2,\"item\":{\"@type\":\"WebPage\",\"@id\":\"https:\/\/abrelivros.org.br\/site\/category\/noticias\/\",\"url\":\"https:\/\/abrelivros.org.br\/site\/category\/noticias\/\",\"name\":\"Not\\u00edcias\"}},{\"@type\":\"ListItem\",\"position\":3,\"item\":{\"@type\":\"WebPage\",\"@id\":\"https:\/\/abrelivros.org.br\/site\/category\/noticias\/noticias-da-imprensa\/\",\"url\":\"https:\/\/abrelivros.org.br\/site\/category\/noticias\/noticias-da-imprensa\/\",\"name\":\"Not\\u00edcias da imprensa\"}},{\"@type\":\"ListItem\",\"position\":4,\"item\":{\"@type\":\"WebPage\",\"@id\":\"https:\/\/abrelivros.org.br\/site\/setor-em-debate-permanente\/\",\"url\":\"https:\/\/abrelivros.org.br\/site\/setor-em-debate-permanente\/\",\"name\":\"Setor em debate permanente\"}}]},{\"@type\":\"Person\",\"@id\":\"https:\/\/abrelivros.org.br\/site\/#\/schema\/person\/2b867f13a717bb230f1a3555505f5593\",\"name\":\"\\u00a0\",\"image\":{\"@type\":\"ImageObject\",\"@id\":\"https:\/\/abrelivros.org.br\/site\/#personlogo\",\"inLanguage\":\"pt-BR\",\"url\":\"https:\/\/secure.gravatar.com\/avatar\/e80b7f5231be2fff5040a8023da424898002831c5439420df182ae62676d2a6f?s=96&d=mm&r=g\",\"caption\":\"\\u00a0\"}}]}<\/script>\n<!-- \/ Yoast SEO plugin. -->","_links":{"self":[{"href":"https:\/\/abrelivros.org.br\/site\/wp-json\/wp\/v2\/posts\/2382","targetHints":{"allow":["GET"]}}],"collection":[{"href":"https:\/\/abrelivros.org.br\/site\/wp-json\/wp\/v2\/posts"}],"about":[{"href":"https:\/\/abrelivros.org.br\/site\/wp-json\/wp\/v2\/types\/post"}],"author":[{"embeddable":true,"href":"https:\/\/abrelivros.org.br\/site\/wp-json\/wp\/v2\/users\/1"}],"replies":[{"embeddable":true,"href":"https:\/\/abrelivros.org.br\/site\/wp-json\/wp\/v2\/comments?post=2382"}],"version-history":[{"count":0,"href":"https:\/\/abrelivros.org.br\/site\/wp-json\/wp\/v2\/posts\/2382\/revisions"}],"wp:attachment":[{"href":"https:\/\/abrelivros.org.br\/site\/wp-json\/wp\/v2\/media?parent=2382"}],"wp:term":[{"taxonomy":"category","embeddable":true,"href":"https:\/\/abrelivros.org.br\/site\/wp-json\/wp\/v2\/categories?post=2382"},{"taxonomy":"post_tag","embeddable":true,"href":"https:\/\/abrelivros.org.br\/site\/wp-json\/wp\/v2\/tags?post=2382"}],"curies":[{"name":"wp","href":"https:\/\/api.w.org\/{rel}","templated":true}]}}