{"id":2380,"date":"2008-10-24T10:53:00","date_gmt":"2008-10-24T12:53:00","guid":{"rendered":"https:\/\/abrelivros.org.br\/site\/2008\/10\/24\/frente-parlamentar-promove-seminario-para-discutir-incentivo-a-leitura\/"},"modified":"2008-10-24T10:53:00","modified_gmt":"2008-10-24T12:53:00","slug":"frente-parlamentar-promove-seminario-para-discutir-incentivo-a-leitura","status":"publish","type":"post","link":"https:\/\/abrelivros.org.br\/site\/frente-parlamentar-promove-seminario-para-discutir-incentivo-a-leitura\/","title":{"rendered":"Frente parlamentar promove semin\u00e1rio para discutir incentivo \u00e0 leitura"},"content":{"rendered":"<p>A Frente Parlamentar Mista da Leitura vai promover um semin\u00e1rio para discutir a cria\u00e7\u00e3o do Fundo Pr\u00f3-Leitura, considerada a principal meta do grupo pelo seu presidente, deputado Marcelo Almeida (PMDB-PR). O I Semin\u00e1rio de Pol\u00edticas de Incentivo \u00e0 Leitura no Brasil, marcado para o dia 29 de outubro, na C\u00e2mara, pretende reunir parlamentares e intelectuais para debaterem a formata\u00e7\u00e3o desse novo incentivo \u00e0 leitura no Pa\u00eds.\u00a0<br \/> \u00a0<br \/> A estimativa do deputado \u00e9 que o fundo &#8211; a ser formado por 1% do faturamento anual do setor editorial brasileiro &#8211; gere cerca de R$ 46 milh\u00f5es por ano para financiar as a\u00e7\u00f5es previstas no Plano Nacional do Livro e da Leitura (PNLL). \u00a0<br \/> \u00a0<br \/> O Fundo Pr\u00f3-Leitura \u00e9 a contrapartida do setor livreiro \u00e0 desonera\u00e7\u00e3o de PIS\/Cofins sobre o livro, assinada em dezembro de 2004, mas que at\u00e9 agora n\u00e3o foi estruturado. Sua implementa\u00e7\u00e3o, explicou o deputado, depende de uma mensagem do Executivo para a C\u00e2mara e o Senado aprovarem e, em seguida, ser sancionada pelo presidente Luiz In\u00e1cio Lula da Silva.\u00a0<br \/> \u00a0<br \/><B> Regionaliza\u00e7\u00e3o\u00a0<br \/> \u00a0<br \/><\/B> Al\u00e9m do fundo, o deputado Marcelo Almeida cita a proposta de regionalizar o Plano Nacional do Livro e Leitura entre as metas da frente parlamentar. O objetivo \u00e9 que todos os estados tenham seus pr\u00f3prios projetos, programas, atividades e eventos na \u00e1rea do livro, leitura, literatura e bibliotecas. \u201cA id\u00e9ia \u00e9 que cada regi\u00e3o possa analisar seus costumes em planos espec\u00edficos\u201c, disse Almeida.\u00a0<br \/> \u00a0<br \/> A frente tamb\u00e9m vai pressionar pela recria\u00e7\u00e3o da Secretaria Nacional do Livro, que foi extinta em 2003, deixando o mercado editorial brasileiro sem um \u00f3rg\u00e3o espec\u00edfico no poder p\u00fablico para endere\u00e7ar suas demandas.\u00a0<br \/> \u00a0<br \/> \u201cO Brasil precisa democratizar o acesso ao livro, pois o n\u00edvel de leitura aqui \u00e9 muito baixo. As pesquisas demonstram que uma pessoa l\u00ea 4,3 livros por ano, mas se forem exclu\u00eddos os livros did\u00e1ticos, esse \u00edndice cai para 1,7\u201c, disse Almeida. Na Col\u00f4mbia, as pessoas l\u00eaem em m\u00e9dia 2,4 livros por ano, enquanto nos Estados Unidos e na Fran\u00e7a, essa quantidade sobre para cinco e sete respectivamente. \u00a0<br \/> \u00a0<br \/> Segundo o deputado, a Frente Parlamentar Mista da Leitura tamb\u00e9m vai trabalhar para que deputados e senadores apresentem emendas ao Or\u00e7amento da Uni\u00e3o de 2009 destinando recursos para projetos de est\u00edmulo \u00e0 leitura em todo o Pa\u00eds. \u00a0<br \/> \u00a0<br \/> Confira a <B><a href=\"http:\/\/www.frentedaleitura.com.br\/index.php\/agenda\/43-agenda\/100-i-seminario-de-politicas-de-incentivo-a-leitura-no-brasil\" target=\"_blank\" rel=\"noopener noreferrer\">programa\u00e7\u00e3o<\/a> <\/B>do I Semin\u00e1rio de Pol\u00edticas de Incentivo \u00e0 Leitura no Brasil.\u00a0<br \/> \u00a0<\/p>\n<p><\/p>\n","protected":false},"excerpt":{"rendered":"<p>A Frente Parlamentar Mista da Leitura vai promover um semin\u00e1rio para discutir a cria\u00e7\u00e3o do Fundo Pr\u00f3-Leitura, considerada a principal meta do grupo pelo seu presidente, deputado Marcelo Almeida (PMDB-PR). O I Semin\u00e1rio de Pol\u00edticas de Incentivo \u00e0 Leitura no Brasil, marcado para o dia 29 de outubro, na C\u00e2mara, pretende reunir parlamentares e intelectuais [&hellip;]<\/p>\n","protected":false},"author":1,"featured_media":0,"comment_status":"closed","ping_status":"closed","sticky":false,"template":"","format":"standard","meta":{"footnotes":"","_links_to":"","_links_to_target":""},"categories":[9],"tags":[],"class_list":["post-2380","post","type-post","status-publish","format-standard","hentry","category-noticias-da-imprensa"],"yoast_head":"<!-- This site is optimized with the Yoast SEO plugin v15.1 - https:\/\/yoast.com\/wordpress\/plugins\/seo\/ -->\n<title>Frente parlamentar promove semin\u00e1rio para discutir incentivo \u00e0 leitura &raquo; Abrelivros<\/title>\n<meta name=\"robots\" content=\"index, follow, max-snippet:-1, max-image-preview:large, max-video-preview:-1\" \/>\n<link rel=\"canonical\" href=\"https:\/\/abrelivros.org.br\/site\/frente-parlamentar-promove-seminario-para-discutir-incentivo-a-leitura\/\" \/>\n<meta property=\"og:locale\" content=\"pt_BR\" \/>\n<meta property=\"og:type\" content=\"article\" \/>\n<meta property=\"og:title\" content=\"Frente parlamentar promove semin\u00e1rio para discutir incentivo \u00e0 leitura &raquo; Abrelivros\" \/>\n<meta property=\"og:description\" content=\"A Frente Parlamentar Mista da Leitura vai promover um semin\u00e1rio para discutir a cria\u00e7\u00e3o do Fundo Pr\u00f3-Leitura, considerada a principal meta do grupo pelo seu presidente, deputado Marcelo Almeida (PMDB-PR). O I Semin\u00e1rio de Pol\u00edticas de Incentivo \u00e0 Leitura no Brasil, marcado para o dia 29 de outubro, na C\u00e2mara, pretende reunir parlamentares e intelectuais [&hellip;]\" \/>\n<meta property=\"og:url\" content=\"https:\/\/abrelivros.org.br\/site\/frente-parlamentar-promove-seminario-para-discutir-incentivo-a-leitura\/\" \/>\n<meta property=\"og:site_name\" content=\"Abrelivros\" \/>\n<meta property=\"article:published_time\" content=\"2008-10-24T12:53:00+00:00\" \/>\n<meta name=\"twitter:card\" content=\"summary_large_image\" \/>\n<script type=\"application\/ld+json\" class=\"yoast-schema-graph\">{\"@context\":\"https:\/\/schema.org\",\"@graph\":[{\"@type\":\"WebSite\",\"@id\":\"https:\/\/abrelivros.org.br\/site\/#website\",\"url\":\"https:\/\/abrelivros.org.br\/site\/\",\"name\":\"Abrelivros\",\"description\":\"\",\"potentialAction\":[{\"@type\":\"SearchAction\",\"target\":\"https:\/\/abrelivros.org.br\/site\/?s={search_term_string}\",\"query-input\":\"required name=search_term_string\"}],\"inLanguage\":\"pt-BR\"},{\"@type\":\"WebPage\",\"@id\":\"https:\/\/abrelivros.org.br\/site\/frente-parlamentar-promove-seminario-para-discutir-incentivo-a-leitura\/#webpage\",\"url\":\"https:\/\/abrelivros.org.br\/site\/frente-parlamentar-promove-seminario-para-discutir-incentivo-a-leitura\/\",\"name\":\"Frente parlamentar promove semin\\u00e1rio para discutir incentivo \\u00e0 leitura &raquo; Abrelivros\",\"isPartOf\":{\"@id\":\"https:\/\/abrelivros.org.br\/site\/#website\"},\"datePublished\":\"2008-10-24T12:53:00+00:00\",\"dateModified\":\"2008-10-24T12:53:00+00:00\",\"author\":{\"@id\":\"https:\/\/abrelivros.org.br\/site\/#\/schema\/person\/2b867f13a717bb230f1a3555505f5593\"},\"breadcrumb\":{\"@id\":\"https:\/\/abrelivros.org.br\/site\/frente-parlamentar-promove-seminario-para-discutir-incentivo-a-leitura\/#breadcrumb\"},\"inLanguage\":\"pt-BR\",\"potentialAction\":[{\"@type\":\"ReadAction\",\"target\":[\"https:\/\/abrelivros.org.br\/site\/frente-parlamentar-promove-seminario-para-discutir-incentivo-a-leitura\/\"]}]},{\"@type\":\"BreadcrumbList\",\"@id\":\"https:\/\/abrelivros.org.br\/site\/frente-parlamentar-promove-seminario-para-discutir-incentivo-a-leitura\/#breadcrumb\",\"itemListElement\":[{\"@type\":\"ListItem\",\"position\":1,\"item\":{\"@type\":\"WebPage\",\"@id\":\"https:\/\/abrelivros.org.br\/site\/\",\"url\":\"https:\/\/abrelivros.org.br\/site\/\",\"name\":\"In\\u00edcio\"}},{\"@type\":\"ListItem\",\"position\":2,\"item\":{\"@type\":\"WebPage\",\"@id\":\"https:\/\/abrelivros.org.br\/site\/category\/noticias\/\",\"url\":\"https:\/\/abrelivros.org.br\/site\/category\/noticias\/\",\"name\":\"Not\\u00edcias\"}},{\"@type\":\"ListItem\",\"position\":3,\"item\":{\"@type\":\"WebPage\",\"@id\":\"https:\/\/abrelivros.org.br\/site\/category\/noticias\/noticias-da-imprensa\/\",\"url\":\"https:\/\/abrelivros.org.br\/site\/category\/noticias\/noticias-da-imprensa\/\",\"name\":\"Not\\u00edcias da imprensa\"}},{\"@type\":\"ListItem\",\"position\":4,\"item\":{\"@type\":\"WebPage\",\"@id\":\"https:\/\/abrelivros.org.br\/site\/frente-parlamentar-promove-seminario-para-discutir-incentivo-a-leitura\/\",\"url\":\"https:\/\/abrelivros.org.br\/site\/frente-parlamentar-promove-seminario-para-discutir-incentivo-a-leitura\/\",\"name\":\"Frente parlamentar promove semin\\u00e1rio para discutir incentivo \\u00e0 leitura\"}}]},{\"@type\":\"Person\",\"@id\":\"https:\/\/abrelivros.org.br\/site\/#\/schema\/person\/2b867f13a717bb230f1a3555505f5593\",\"name\":\"\\u00a0\",\"image\":{\"@type\":\"ImageObject\",\"@id\":\"https:\/\/abrelivros.org.br\/site\/#personlogo\",\"inLanguage\":\"pt-BR\",\"url\":\"https:\/\/secure.gravatar.com\/avatar\/e80b7f5231be2fff5040a8023da424898002831c5439420df182ae62676d2a6f?s=96&d=mm&r=g\",\"caption\":\"\\u00a0\"}}]}<\/script>\n<!-- \/ Yoast SEO plugin. -->","_links":{"self":[{"href":"https:\/\/abrelivros.org.br\/site\/wp-json\/wp\/v2\/posts\/2380","targetHints":{"allow":["GET"]}}],"collection":[{"href":"https:\/\/abrelivros.org.br\/site\/wp-json\/wp\/v2\/posts"}],"about":[{"href":"https:\/\/abrelivros.org.br\/site\/wp-json\/wp\/v2\/types\/post"}],"author":[{"embeddable":true,"href":"https:\/\/abrelivros.org.br\/site\/wp-json\/wp\/v2\/users\/1"}],"replies":[{"embeddable":true,"href":"https:\/\/abrelivros.org.br\/site\/wp-json\/wp\/v2\/comments?post=2380"}],"version-history":[{"count":0,"href":"https:\/\/abrelivros.org.br\/site\/wp-json\/wp\/v2\/posts\/2380\/revisions"}],"wp:attachment":[{"href":"https:\/\/abrelivros.org.br\/site\/wp-json\/wp\/v2\/media?parent=2380"}],"wp:term":[{"taxonomy":"category","embeddable":true,"href":"https:\/\/abrelivros.org.br\/site\/wp-json\/wp\/v2\/categories?post=2380"},{"taxonomy":"post_tag","embeddable":true,"href":"https:\/\/abrelivros.org.br\/site\/wp-json\/wp\/v2\/tags?post=2380"}],"curies":[{"name":"wp","href":"https:\/\/api.w.org\/{rel}","templated":true}]}}