{"id":2379,"date":"2008-10-24T11:00:00","date_gmt":"2008-10-24T13:00:00","guid":{"rendered":"https:\/\/abrelivros.org.br\/site\/2008\/10\/24\/entidades-do-livro-criam-gt\/"},"modified":"2008-10-24T11:00:00","modified_gmt":"2008-10-24T13:00:00","slug":"entidades-do-livro-criam-gt","status":"publish","type":"post","link":"https:\/\/abrelivros.org.br\/site\/entidades-do-livro-criam-gt\/","title":{"rendered":"Entidades do livro criam GT"},"content":{"rendered":"<p>As entidades do livro criaram um grupo de trabalho para analisar cuidadosamente a proposta do Minist\u00e9rio da Cultura de mudan\u00e7as na lei dos direitos autorais. Os editores querem correr atr\u00e1s do tempo perdido: fizeram uma reuni\u00e3o nesta quinta-feira (23\/10) e uma outra est\u00e1 marcada para esta sexta-feira (24\/10), em S\u00e3o Paulo. &nbsp;<br \/> &nbsp;<br \/> Na semana seguinte, deve haver uma conversa importante entre as principais entidades da \u00e1rea. S\u00f3 depois disso entregar\u00e3o ao governo a posi\u00e7\u00e3o da cadeia produtiva do livro sobre o estudo apresentado na CBL pelos emiss\u00e1rios do ministro Juca Ferreira.&nbsp;<br \/> &nbsp;<br \/> Come\u00e7a a dar certo a id\u00e9ia de dar mais transpar\u00eancia a esse debate. Como se sabe, isso costuma funcionar.&nbsp;<br \/> &nbsp;<\/p>\n","protected":false},"excerpt":{"rendered":"<p>As entidades do livro criaram um grupo de trabalho para analisar cuidadosamente a proposta do Minist\u00e9rio da Cultura de mudan\u00e7as na lei dos direitos autorais. Os editores querem correr atr\u00e1s do tempo perdido: fizeram uma reuni\u00e3o nesta quinta-feira (23\/10) e uma outra est\u00e1 marcada para esta sexta-feira (24\/10), em S\u00e3o Paulo. &nbsp; &nbsp; Na semana [&hellip;]<\/p>\n","protected":false},"author":1,"featured_media":0,"comment_status":"closed","ping_status":"closed","sticky":false,"template":"","format":"standard","meta":{"footnotes":"","_links_to":"","_links_to_target":""},"categories":[9],"tags":[],"class_list":["post-2379","post","type-post","status-publish","format-standard","hentry","category-noticias-da-imprensa"],"yoast_head":"<!-- This site is optimized with the Yoast SEO plugin v15.1 - https:\/\/yoast.com\/wordpress\/plugins\/seo\/ -->\n<title>Entidades do livro criam GT &raquo; Abrelivros<\/title>\n<meta name=\"robots\" content=\"index, follow, max-snippet:-1, max-image-preview:large, max-video-preview:-1\" \/>\n<link rel=\"canonical\" href=\"https:\/\/abrelivros.org.br\/site\/entidades-do-livro-criam-gt\/\" \/>\n<meta property=\"og:locale\" content=\"pt_BR\" \/>\n<meta property=\"og:type\" content=\"article\" \/>\n<meta property=\"og:title\" content=\"Entidades do livro criam GT &raquo; Abrelivros\" \/>\n<meta property=\"og:description\" content=\"As entidades do livro criaram um grupo de trabalho para analisar cuidadosamente a proposta do Minist\u00e9rio da Cultura de mudan\u00e7as na lei dos direitos autorais. Os editores querem correr atr\u00e1s do tempo perdido: fizeram uma reuni\u00e3o nesta quinta-feira (23\/10) e uma outra est\u00e1 marcada para esta sexta-feira (24\/10), em S\u00e3o Paulo. &nbsp; &nbsp; Na semana [&hellip;]\" \/>\n<meta property=\"og:url\" content=\"https:\/\/abrelivros.org.br\/site\/entidades-do-livro-criam-gt\/\" \/>\n<meta property=\"og:site_name\" content=\"Abrelivros\" \/>\n<meta property=\"article:published_time\" content=\"2008-10-24T13:00:00+00:00\" \/>\n<meta name=\"twitter:card\" content=\"summary_large_image\" \/>\n<script type=\"application\/ld+json\" class=\"yoast-schema-graph\">{\"@context\":\"https:\/\/schema.org\",\"@graph\":[{\"@type\":\"WebSite\",\"@id\":\"https:\/\/abrelivros.org.br\/site\/#website\",\"url\":\"https:\/\/abrelivros.org.br\/site\/\",\"name\":\"Abrelivros\",\"description\":\"\",\"potentialAction\":[{\"@type\":\"SearchAction\",\"target\":\"https:\/\/abrelivros.org.br\/site\/?s={search_term_string}\",\"query-input\":\"required name=search_term_string\"}],\"inLanguage\":\"pt-BR\"},{\"@type\":\"WebPage\",\"@id\":\"https:\/\/abrelivros.org.br\/site\/entidades-do-livro-criam-gt\/#webpage\",\"url\":\"https:\/\/abrelivros.org.br\/site\/entidades-do-livro-criam-gt\/\",\"name\":\"Entidades do livro criam GT &raquo; Abrelivros\",\"isPartOf\":{\"@id\":\"https:\/\/abrelivros.org.br\/site\/#website\"},\"datePublished\":\"2008-10-24T13:00:00+00:00\",\"dateModified\":\"2008-10-24T13:00:00+00:00\",\"author\":{\"@id\":\"https:\/\/abrelivros.org.br\/site\/#\/schema\/person\/2b867f13a717bb230f1a3555505f5593\"},\"breadcrumb\":{\"@id\":\"https:\/\/abrelivros.org.br\/site\/entidades-do-livro-criam-gt\/#breadcrumb\"},\"inLanguage\":\"pt-BR\",\"potentialAction\":[{\"@type\":\"ReadAction\",\"target\":[\"https:\/\/abrelivros.org.br\/site\/entidades-do-livro-criam-gt\/\"]}]},{\"@type\":\"BreadcrumbList\",\"@id\":\"https:\/\/abrelivros.org.br\/site\/entidades-do-livro-criam-gt\/#breadcrumb\",\"itemListElement\":[{\"@type\":\"ListItem\",\"position\":1,\"item\":{\"@type\":\"WebPage\",\"@id\":\"https:\/\/abrelivros.org.br\/site\/\",\"url\":\"https:\/\/abrelivros.org.br\/site\/\",\"name\":\"In\\u00edcio\"}},{\"@type\":\"ListItem\",\"position\":2,\"item\":{\"@type\":\"WebPage\",\"@id\":\"https:\/\/abrelivros.org.br\/site\/category\/noticias\/\",\"url\":\"https:\/\/abrelivros.org.br\/site\/category\/noticias\/\",\"name\":\"Not\\u00edcias\"}},{\"@type\":\"ListItem\",\"position\":3,\"item\":{\"@type\":\"WebPage\",\"@id\":\"https:\/\/abrelivros.org.br\/site\/category\/noticias\/noticias-da-imprensa\/\",\"url\":\"https:\/\/abrelivros.org.br\/site\/category\/noticias\/noticias-da-imprensa\/\",\"name\":\"Not\\u00edcias da imprensa\"}},{\"@type\":\"ListItem\",\"position\":4,\"item\":{\"@type\":\"WebPage\",\"@id\":\"https:\/\/abrelivros.org.br\/site\/entidades-do-livro-criam-gt\/\",\"url\":\"https:\/\/abrelivros.org.br\/site\/entidades-do-livro-criam-gt\/\",\"name\":\"Entidades do livro criam GT\"}}]},{\"@type\":\"Person\",\"@id\":\"https:\/\/abrelivros.org.br\/site\/#\/schema\/person\/2b867f13a717bb230f1a3555505f5593\",\"name\":\"\\u00a0\",\"image\":{\"@type\":\"ImageObject\",\"@id\":\"https:\/\/abrelivros.org.br\/site\/#personlogo\",\"inLanguage\":\"pt-BR\",\"url\":\"https:\/\/secure.gravatar.com\/avatar\/e80b7f5231be2fff5040a8023da424898002831c5439420df182ae62676d2a6f?s=96&d=mm&r=g\",\"caption\":\"\\u00a0\"}}]}<\/script>\n<!-- \/ Yoast SEO plugin. -->","_links":{"self":[{"href":"https:\/\/abrelivros.org.br\/site\/wp-json\/wp\/v2\/posts\/2379","targetHints":{"allow":["GET"]}}],"collection":[{"href":"https:\/\/abrelivros.org.br\/site\/wp-json\/wp\/v2\/posts"}],"about":[{"href":"https:\/\/abrelivros.org.br\/site\/wp-json\/wp\/v2\/types\/post"}],"author":[{"embeddable":true,"href":"https:\/\/abrelivros.org.br\/site\/wp-json\/wp\/v2\/users\/1"}],"replies":[{"embeddable":true,"href":"https:\/\/abrelivros.org.br\/site\/wp-json\/wp\/v2\/comments?post=2379"}],"version-history":[{"count":0,"href":"https:\/\/abrelivros.org.br\/site\/wp-json\/wp\/v2\/posts\/2379\/revisions"}],"wp:attachment":[{"href":"https:\/\/abrelivros.org.br\/site\/wp-json\/wp\/v2\/media?parent=2379"}],"wp:term":[{"taxonomy":"category","embeddable":true,"href":"https:\/\/abrelivros.org.br\/site\/wp-json\/wp\/v2\/categories?post=2379"},{"taxonomy":"post_tag","embeddable":true,"href":"https:\/\/abrelivros.org.br\/site\/wp-json\/wp\/v2\/tags?post=2379"}],"curies":[{"name":"wp","href":"https:\/\/api.w.org\/{rel}","templated":true}]}}