{"id":2378,"date":"2008-10-24T11:04:00","date_gmt":"2008-10-24T13:04:00","guid":{"rendered":"https:\/\/abrelivros.org.br\/site\/2008\/10\/24\/aprender-a-ensinar\/"},"modified":"2008-10-24T11:04:00","modified_gmt":"2008-10-24T13:04:00","slug":"aprender-a-ensinar","status":"publish","type":"post","link":"https:\/\/abrelivros.org.br\/site\/aprender-a-ensinar\/","title":{"rendered":"Aprender a ensinar"},"content":{"rendered":"<p>Cerca de 80% dos alunos da EMEF Serafina Carvalho, em Itupiranga, a 572 quil\u00f4metros de Bel\u00e9m, t\u00eam pouco contato com material escrito em casa. Para essas crian\u00e7as, a possibilidade de estudo se d\u00e1 apenas nas aulas de L\u00edngua Portuguesa. S\u00f3 que, como ocorre regularmente em tantas escolas brasileiras, os professores da Serafina limitavam-se a propor reda\u00e7\u00f5es escolares. O resultado, claro, era que o grupo tinha uma grande dificuldade de compreender textos simples e se expressar com clareza na hora de produzir textos escritos.&nbsp;<br \/> &nbsp;<br \/> Esse triste quadro come\u00e7ou a mudar em 2006, quando Adilma de Sousa Oliveira assumiu a responsabilidade de promover um programa de forma\u00e7\u00e3o continuada. \u201cToda semana, fa\u00e7o revis\u00f5es coletivas com a equipe para analisar as atividades realizadas e avaliar quais s\u00e3o as que resultam em mais aprendizagem\u201c, destaca a coordenadora pedag\u00f3gica, respons\u00e1vel pelo trabalho eleito como o melhor na categoria Escola do Pr\u00eamio Victor Civita &#8211; Educador Nota 10. Hoje, as classes t\u00eam leituras di\u00e1rias em voz alta e atividades com v\u00e1rios g\u00eaneros textuais. E os estudantes escrevem com prop\u00f3sitos espec\u00edficos e sempre bem definidos.&nbsp;<br \/> &nbsp;<br \/> &nbsp;<br \/> &nbsp;<\/p>\n","protected":false},"excerpt":{"rendered":"<p>Cerca de 80% dos alunos da EMEF Serafina Carvalho, em Itupiranga, a 572 quil\u00f4metros de Bel\u00e9m, t\u00eam pouco contato com material escrito em casa. Para essas crian\u00e7as, a possibilidade de estudo se d\u00e1 apenas nas aulas de L\u00edngua Portuguesa. S\u00f3 que, como ocorre regularmente em tantas escolas brasileiras, os professores da Serafina limitavam-se a propor [&hellip;]<\/p>\n","protected":false},"author":1,"featured_media":0,"comment_status":"closed","ping_status":"closed","sticky":false,"template":"","format":"standard","meta":{"footnotes":"","_links_to":"","_links_to_target":""},"categories":[9],"tags":[],"class_list":["post-2378","post","type-post","status-publish","format-standard","hentry","category-noticias-da-imprensa"],"yoast_head":"<!-- This site is optimized with the Yoast SEO plugin v15.1 - https:\/\/yoast.com\/wordpress\/plugins\/seo\/ -->\n<title>Aprender a ensinar &raquo; Abrelivros<\/title>\n<meta name=\"robots\" content=\"index, follow, max-snippet:-1, max-image-preview:large, max-video-preview:-1\" \/>\n<link rel=\"canonical\" href=\"https:\/\/abrelivros.org.br\/site\/aprender-a-ensinar\/\" \/>\n<meta property=\"og:locale\" content=\"pt_BR\" \/>\n<meta property=\"og:type\" content=\"article\" \/>\n<meta property=\"og:title\" content=\"Aprender a ensinar &raquo; Abrelivros\" \/>\n<meta property=\"og:description\" content=\"Cerca de 80% dos alunos da EMEF Serafina Carvalho, em Itupiranga, a 572 quil\u00f4metros de Bel\u00e9m, t\u00eam pouco contato com material escrito em casa. Para essas crian\u00e7as, a possibilidade de estudo se d\u00e1 apenas nas aulas de L\u00edngua Portuguesa. S\u00f3 que, como ocorre regularmente em tantas escolas brasileiras, os professores da Serafina limitavam-se a propor [&hellip;]\" \/>\n<meta property=\"og:url\" content=\"https:\/\/abrelivros.org.br\/site\/aprender-a-ensinar\/\" \/>\n<meta property=\"og:site_name\" content=\"Abrelivros\" \/>\n<meta property=\"article:published_time\" content=\"2008-10-24T13:04:00+00:00\" \/>\n<meta name=\"twitter:card\" content=\"summary_large_image\" \/>\n<script type=\"application\/ld+json\" class=\"yoast-schema-graph\">{\"@context\":\"https:\/\/schema.org\",\"@graph\":[{\"@type\":\"WebSite\",\"@id\":\"https:\/\/abrelivros.org.br\/site\/#website\",\"url\":\"https:\/\/abrelivros.org.br\/site\/\",\"name\":\"Abrelivros\",\"description\":\"\",\"potentialAction\":[{\"@type\":\"SearchAction\",\"target\":\"https:\/\/abrelivros.org.br\/site\/?s={search_term_string}\",\"query-input\":\"required name=search_term_string\"}],\"inLanguage\":\"pt-BR\"},{\"@type\":\"WebPage\",\"@id\":\"https:\/\/abrelivros.org.br\/site\/aprender-a-ensinar\/#webpage\",\"url\":\"https:\/\/abrelivros.org.br\/site\/aprender-a-ensinar\/\",\"name\":\"Aprender a ensinar &raquo; Abrelivros\",\"isPartOf\":{\"@id\":\"https:\/\/abrelivros.org.br\/site\/#website\"},\"datePublished\":\"2008-10-24T13:04:00+00:00\",\"dateModified\":\"2008-10-24T13:04:00+00:00\",\"author\":{\"@id\":\"https:\/\/abrelivros.org.br\/site\/#\/schema\/person\/2b867f13a717bb230f1a3555505f5593\"},\"breadcrumb\":{\"@id\":\"https:\/\/abrelivros.org.br\/site\/aprender-a-ensinar\/#breadcrumb\"},\"inLanguage\":\"pt-BR\",\"potentialAction\":[{\"@type\":\"ReadAction\",\"target\":[\"https:\/\/abrelivros.org.br\/site\/aprender-a-ensinar\/\"]}]},{\"@type\":\"BreadcrumbList\",\"@id\":\"https:\/\/abrelivros.org.br\/site\/aprender-a-ensinar\/#breadcrumb\",\"itemListElement\":[{\"@type\":\"ListItem\",\"position\":1,\"item\":{\"@type\":\"WebPage\",\"@id\":\"https:\/\/abrelivros.org.br\/site\/\",\"url\":\"https:\/\/abrelivros.org.br\/site\/\",\"name\":\"In\\u00edcio\"}},{\"@type\":\"ListItem\",\"position\":2,\"item\":{\"@type\":\"WebPage\",\"@id\":\"https:\/\/abrelivros.org.br\/site\/category\/noticias\/\",\"url\":\"https:\/\/abrelivros.org.br\/site\/category\/noticias\/\",\"name\":\"Not\\u00edcias\"}},{\"@type\":\"ListItem\",\"position\":3,\"item\":{\"@type\":\"WebPage\",\"@id\":\"https:\/\/abrelivros.org.br\/site\/category\/noticias\/noticias-da-imprensa\/\",\"url\":\"https:\/\/abrelivros.org.br\/site\/category\/noticias\/noticias-da-imprensa\/\",\"name\":\"Not\\u00edcias da imprensa\"}},{\"@type\":\"ListItem\",\"position\":4,\"item\":{\"@type\":\"WebPage\",\"@id\":\"https:\/\/abrelivros.org.br\/site\/aprender-a-ensinar\/\",\"url\":\"https:\/\/abrelivros.org.br\/site\/aprender-a-ensinar\/\",\"name\":\"Aprender a ensinar\"}}]},{\"@type\":\"Person\",\"@id\":\"https:\/\/abrelivros.org.br\/site\/#\/schema\/person\/2b867f13a717bb230f1a3555505f5593\",\"name\":\"\\u00a0\",\"image\":{\"@type\":\"ImageObject\",\"@id\":\"https:\/\/abrelivros.org.br\/site\/#personlogo\",\"inLanguage\":\"pt-BR\",\"url\":\"https:\/\/secure.gravatar.com\/avatar\/e80b7f5231be2fff5040a8023da424898002831c5439420df182ae62676d2a6f?s=96&d=mm&r=g\",\"caption\":\"\\u00a0\"}}]}<\/script>\n<!-- \/ Yoast SEO plugin. -->","_links":{"self":[{"href":"https:\/\/abrelivros.org.br\/site\/wp-json\/wp\/v2\/posts\/2378","targetHints":{"allow":["GET"]}}],"collection":[{"href":"https:\/\/abrelivros.org.br\/site\/wp-json\/wp\/v2\/posts"}],"about":[{"href":"https:\/\/abrelivros.org.br\/site\/wp-json\/wp\/v2\/types\/post"}],"author":[{"embeddable":true,"href":"https:\/\/abrelivros.org.br\/site\/wp-json\/wp\/v2\/users\/1"}],"replies":[{"embeddable":true,"href":"https:\/\/abrelivros.org.br\/site\/wp-json\/wp\/v2\/comments?post=2378"}],"version-history":[{"count":0,"href":"https:\/\/abrelivros.org.br\/site\/wp-json\/wp\/v2\/posts\/2378\/revisions"}],"wp:attachment":[{"href":"https:\/\/abrelivros.org.br\/site\/wp-json\/wp\/v2\/media?parent=2378"}],"wp:term":[{"taxonomy":"category","embeddable":true,"href":"https:\/\/abrelivros.org.br\/site\/wp-json\/wp\/v2\/categories?post=2378"},{"taxonomy":"post_tag","embeddable":true,"href":"https:\/\/abrelivros.org.br\/site\/wp-json\/wp\/v2\/tags?post=2378"}],"curies":[{"name":"wp","href":"https:\/\/api.w.org\/{rel}","templated":true}]}}