{"id":2376,"date":"2008-10-28T16:01:00","date_gmt":"2008-10-28T18:01:00","guid":{"rendered":"https:\/\/abrelivros.org.br\/site\/2008\/10\/28\/colegios-ignoram-lei-que-obriga-ensino-da-cultura-afro\/"},"modified":"2008-10-28T16:01:00","modified_gmt":"2008-10-28T18:01:00","slug":"colegios-ignoram-lei-que-obriga-ensino-da-cultura-afro","status":"publish","type":"post","link":"https:\/\/abrelivros.org.br\/site\/colegios-ignoram-lei-que-obriga-ensino-da-cultura-afro\/","title":{"rendered":"Col\u00e9gios ignoram lei que obriga ensino da cultura afro"},"content":{"rendered":"<p>Depois de cinco anos e mais de R$ 10 milh\u00f5es gastos com capacita\u00e7\u00e3o de professores, a lei federal que obriga escolas p\u00fablicas e particulares de todo o pa\u00eds a ensinar hist\u00f3ria e cultura afro-brasileira &#8211;uma das primeiras medidas do governo Lula&#8211; n\u00e3o saiu do papel. \u00a0<br \/> \u00a0<br \/> S\u00e3o poucos os col\u00e9gios que hoje t\u00eam o tema inserido na grade curricular. \u00c0s v\u00e9speras do m\u00eas da Consci\u00eancia Negra, o MEC quer mudar o quadro. Diz que vai lan\u00e7ar, em novembro, um plano nacional de implanta\u00e7\u00e3o da lei, com distribui\u00e7\u00e3o de material did\u00e1tico e monitoramento das atividades. \u00a0<br \/> \u00a0<br \/> \u201cN\u00e3o houve um planejamento. S\u00f3 algumas escolas p\u00fablicas, em raz\u00e3o de professores interessados, adotaram a lei. As particulares nem sequer discutiram a tem\u00e1tica\u201c, diz Leonor Ara\u00fajo, coordenadora-geral de Diversidade e Inclus\u00e3o do MEC. Segundo ela, o estabelecimento da lei deixar\u00e1 de ser uma iniciativa individual para se tornar institucional. O MEC n\u00e3o sabe quantas escolas j\u00e1 cumprem, de fato, a lei. \u00a0<br \/> \u00a0<br \/> Ara\u00fajo diz que o objetivo \u00e9 combater a discrimina\u00e7\u00e3o e dar \u00e0 escola \u201cuma nova identidade na \u00e1rea did\u00e1tico-pedag\u00f3gica\u201c. \u201cAlunos negros n\u00e3o conseguem se ver na escola, j\u00e1 que n\u00e3o existe nada que os identifique.\u201c \u00a0<br \/> \u00a0<br \/> A lei 10.639, de janeiro de 2003, prev\u00ea a obrigatoriedade da tem\u00e1tica \u201cHist\u00f3ria e Cultura Afro-Brasileira\u201c e coloca como conte\u00fado o estudo da hist\u00f3ria da \u00c1frica e dos africanos, a luta dos negros no Brasil, a cultura negra brasileira e o negro na forma\u00e7\u00e3o da sociedade. Uma nova lei, a 11.645, de mar\u00e7o \u00faltimo, mant\u00e9m as disposi\u00e7\u00f5es e inclui ainda a quest\u00e3o ind\u00edgena. \u00a0<br \/> \u00a0<br \/> Ara\u00fajo diz que o MEC capacitou 40 mil professores, mas que n\u00e3o houve o resultado esperado. Afirma ser preciso qualificar tamb\u00e9m diretores e, coordenadores pedag\u00f3gicos. \u00a0<br \/> \u00a0<br \/> O n\u00e3o-cumprimento da lei fez com que promotores e entidades se mobilizassem no pa\u00eds. \u00a0<br \/> \u00a0<br \/> Na Bahia &#8211;Estado que abriga uma das maiores popula\u00e7\u00f5es de negros no Brasil&#8211; o Minist\u00e9rio P\u00fablico instaurou inqu\u00e9rito civil em 2007 e notificou as escolas para que cumpram a lei. \u00a0<br \/> \u00a0<br \/> Em S\u00e3o Paulo, o Ceert (Centro de Estudos das Rela\u00e7\u00f5es de Trabalho e Desigualdades) entrou com representa\u00e7\u00e3o no Minist\u00e9rio P\u00fablico Federal para questionar 20 cidades da Grande S\u00e3o Paulo, incluindo a capital, sobre quais a\u00e7\u00f5es estavam sendo tomadas. O presidente do Sieeesp (sindicato das escolas particulares de SP), Jos\u00e9 Augusto de Mattos Louren\u00e7o, nega que a maioria das escolas n\u00e3o esteja cumprindo a lei. \u00a0<br \/> \u00a0<br \/><B> Lei \u00a0<br \/> \u00a0<br \/><\/B> O que diz a lei 10.639, de 2003\u00a0<br \/> Estabelece a inclus\u00e3o no curr\u00edculo oficial da rede de ensino a obrigatoriedade da tem\u00e1tica \u201cHist\u00f3ria e Cultura Afro-Brasileira\u201c \u00a0<br \/> \u00a0<br \/> Coloca como conte\u00fado o estudo da hist\u00f3ria da \u00c1frica e dos africanos, a luta dos negros no Brasil, a cultura negra brasileira e o negro na forma\u00e7\u00e3o da sociedade nacional, bem como a contribui\u00e7\u00e3o do povo negro nas \u00e1reas social, econ\u00f4mica e pol\u00edtica pertinentes \u00e0 hist\u00f3ria do Brasil \u00a0<br \/> \u00a0<br \/><B> O que diz a lei 11.645, de 2008 \u00a0<br \/> \u00a0<br \/><\/B> Mant\u00e9m todos os dispositivos anteriores, mas inclui tamb\u00e9m a obrigatoriedade da tem\u00e1tica ind\u00edgena no curr\u00edculo \u00a0<br \/> \u00a0<br \/> \u00a0<\/p>\n","protected":false},"excerpt":{"rendered":"<p>Depois de cinco anos e mais de R$ 10 milh\u00f5es gastos com capacita\u00e7\u00e3o de professores, a lei federal que obriga escolas p\u00fablicas e particulares de todo o pa\u00eds a ensinar hist\u00f3ria e cultura afro-brasileira &#8211;uma das primeiras medidas do governo Lula&#8211; n\u00e3o saiu do papel. \u00a0 \u00a0 S\u00e3o poucos os col\u00e9gios que hoje t\u00eam o [&hellip;]<\/p>\n","protected":false},"author":1,"featured_media":0,"comment_status":"closed","ping_status":"closed","sticky":false,"template":"","format":"standard","meta":{"footnotes":"","_links_to":"","_links_to_target":""},"categories":[9],"tags":[],"class_list":["post-2376","post","type-post","status-publish","format-standard","hentry","category-noticias-da-imprensa"],"yoast_head":"<!-- This site is optimized with the Yoast SEO plugin v15.1 - https:\/\/yoast.com\/wordpress\/plugins\/seo\/ -->\n<title>Col\u00e9gios ignoram lei que obriga ensino da cultura afro &raquo; Abrelivros<\/title>\n<meta name=\"robots\" content=\"index, follow, max-snippet:-1, max-image-preview:large, max-video-preview:-1\" \/>\n<link rel=\"canonical\" href=\"https:\/\/abrelivros.org.br\/site\/colegios-ignoram-lei-que-obriga-ensino-da-cultura-afro\/\" \/>\n<meta property=\"og:locale\" content=\"pt_BR\" \/>\n<meta property=\"og:type\" content=\"article\" \/>\n<meta property=\"og:title\" content=\"Col\u00e9gios ignoram lei que obriga ensino da cultura afro &raquo; Abrelivros\" \/>\n<meta property=\"og:description\" content=\"Depois de cinco anos e mais de R$ 10 milh\u00f5es gastos com capacita\u00e7\u00e3o de professores, a lei federal que obriga escolas p\u00fablicas e particulares de todo o pa\u00eds a ensinar hist\u00f3ria e cultura afro-brasileira &#8211;uma das primeiras medidas do governo Lula&#8211; n\u00e3o saiu do papel. \u00a0 \u00a0 S\u00e3o poucos os col\u00e9gios que hoje t\u00eam o [&hellip;]\" \/>\n<meta property=\"og:url\" content=\"https:\/\/abrelivros.org.br\/site\/colegios-ignoram-lei-que-obriga-ensino-da-cultura-afro\/\" \/>\n<meta property=\"og:site_name\" content=\"Abrelivros\" \/>\n<meta property=\"article:published_time\" content=\"2008-10-28T18:01:00+00:00\" \/>\n<meta name=\"twitter:card\" content=\"summary_large_image\" \/>\n<script type=\"application\/ld+json\" class=\"yoast-schema-graph\">{\"@context\":\"https:\/\/schema.org\",\"@graph\":[{\"@type\":\"WebSite\",\"@id\":\"https:\/\/abrelivros.org.br\/site\/#website\",\"url\":\"https:\/\/abrelivros.org.br\/site\/\",\"name\":\"Abrelivros\",\"description\":\"\",\"potentialAction\":[{\"@type\":\"SearchAction\",\"target\":\"https:\/\/abrelivros.org.br\/site\/?s={search_term_string}\",\"query-input\":\"required name=search_term_string\"}],\"inLanguage\":\"pt-BR\"},{\"@type\":\"WebPage\",\"@id\":\"https:\/\/abrelivros.org.br\/site\/colegios-ignoram-lei-que-obriga-ensino-da-cultura-afro\/#webpage\",\"url\":\"https:\/\/abrelivros.org.br\/site\/colegios-ignoram-lei-que-obriga-ensino-da-cultura-afro\/\",\"name\":\"Col\\u00e9gios ignoram lei que obriga ensino da cultura afro &raquo; Abrelivros\",\"isPartOf\":{\"@id\":\"https:\/\/abrelivros.org.br\/site\/#website\"},\"datePublished\":\"2008-10-28T18:01:00+00:00\",\"dateModified\":\"2008-10-28T18:01:00+00:00\",\"author\":{\"@id\":\"https:\/\/abrelivros.org.br\/site\/#\/schema\/person\/2b867f13a717bb230f1a3555505f5593\"},\"breadcrumb\":{\"@id\":\"https:\/\/abrelivros.org.br\/site\/colegios-ignoram-lei-que-obriga-ensino-da-cultura-afro\/#breadcrumb\"},\"inLanguage\":\"pt-BR\",\"potentialAction\":[{\"@type\":\"ReadAction\",\"target\":[\"https:\/\/abrelivros.org.br\/site\/colegios-ignoram-lei-que-obriga-ensino-da-cultura-afro\/\"]}]},{\"@type\":\"BreadcrumbList\",\"@id\":\"https:\/\/abrelivros.org.br\/site\/colegios-ignoram-lei-que-obriga-ensino-da-cultura-afro\/#breadcrumb\",\"itemListElement\":[{\"@type\":\"ListItem\",\"position\":1,\"item\":{\"@type\":\"WebPage\",\"@id\":\"https:\/\/abrelivros.org.br\/site\/\",\"url\":\"https:\/\/abrelivros.org.br\/site\/\",\"name\":\"In\\u00edcio\"}},{\"@type\":\"ListItem\",\"position\":2,\"item\":{\"@type\":\"WebPage\",\"@id\":\"https:\/\/abrelivros.org.br\/site\/category\/noticias\/\",\"url\":\"https:\/\/abrelivros.org.br\/site\/category\/noticias\/\",\"name\":\"Not\\u00edcias\"}},{\"@type\":\"ListItem\",\"position\":3,\"item\":{\"@type\":\"WebPage\",\"@id\":\"https:\/\/abrelivros.org.br\/site\/category\/noticias\/noticias-da-imprensa\/\",\"url\":\"https:\/\/abrelivros.org.br\/site\/category\/noticias\/noticias-da-imprensa\/\",\"name\":\"Not\\u00edcias da imprensa\"}},{\"@type\":\"ListItem\",\"position\":4,\"item\":{\"@type\":\"WebPage\",\"@id\":\"https:\/\/abrelivros.org.br\/site\/colegios-ignoram-lei-que-obriga-ensino-da-cultura-afro\/\",\"url\":\"https:\/\/abrelivros.org.br\/site\/colegios-ignoram-lei-que-obriga-ensino-da-cultura-afro\/\",\"name\":\"Col\\u00e9gios ignoram lei que obriga ensino da cultura afro\"}}]},{\"@type\":\"Person\",\"@id\":\"https:\/\/abrelivros.org.br\/site\/#\/schema\/person\/2b867f13a717bb230f1a3555505f5593\",\"name\":\"\\u00a0\",\"image\":{\"@type\":\"ImageObject\",\"@id\":\"https:\/\/abrelivros.org.br\/site\/#personlogo\",\"inLanguage\":\"pt-BR\",\"url\":\"https:\/\/secure.gravatar.com\/avatar\/e80b7f5231be2fff5040a8023da424898002831c5439420df182ae62676d2a6f?s=96&d=mm&r=g\",\"caption\":\"\\u00a0\"}}]}<\/script>\n<!-- \/ Yoast SEO plugin. -->","_links":{"self":[{"href":"https:\/\/abrelivros.org.br\/site\/wp-json\/wp\/v2\/posts\/2376","targetHints":{"allow":["GET"]}}],"collection":[{"href":"https:\/\/abrelivros.org.br\/site\/wp-json\/wp\/v2\/posts"}],"about":[{"href":"https:\/\/abrelivros.org.br\/site\/wp-json\/wp\/v2\/types\/post"}],"author":[{"embeddable":true,"href":"https:\/\/abrelivros.org.br\/site\/wp-json\/wp\/v2\/users\/1"}],"replies":[{"embeddable":true,"href":"https:\/\/abrelivros.org.br\/site\/wp-json\/wp\/v2\/comments?post=2376"}],"version-history":[{"count":0,"href":"https:\/\/abrelivros.org.br\/site\/wp-json\/wp\/v2\/posts\/2376\/revisions"}],"wp:attachment":[{"href":"https:\/\/abrelivros.org.br\/site\/wp-json\/wp\/v2\/media?parent=2376"}],"wp:term":[{"taxonomy":"category","embeddable":true,"href":"https:\/\/abrelivros.org.br\/site\/wp-json\/wp\/v2\/categories?post=2376"},{"taxonomy":"post_tag","embeddable":true,"href":"https:\/\/abrelivros.org.br\/site\/wp-json\/wp\/v2\/tags?post=2376"}],"curies":[{"name":"wp","href":"https:\/\/api.w.org\/{rel}","templated":true}]}}