{"id":2375,"date":"2008-10-28T16:09:00","date_gmt":"2008-10-28T18:09:00","guid":{"rendered":"https:\/\/abrelivros.org.br\/site\/2008\/10\/28\/ensino-de-ma-qualidade-e-sem-conexao-com-mercado-desafia-ibero-americanos\/"},"modified":"2008-10-28T16:09:00","modified_gmt":"2008-10-28T18:09:00","slug":"ensino-de-ma-qualidade-e-sem-conexao-com-mercado-desafia-ibero-americanos","status":"publish","type":"post","link":"https:\/\/abrelivros.org.br\/site\/ensino-de-ma-qualidade-e-sem-conexao-com-mercado-desafia-ibero-americanos\/","title":{"rendered":"Ensino de m\u00e1 qualidade e sem conex\u00e3o com mercado desafia ibero-americanos"},"content":{"rendered":"<p>A baixa qualidade da educa\u00e7\u00e3o e a desconex\u00e3o entre o ensino e o mercado de trabalho s\u00e3o alguns dos principais desafios enfrentados pelos jovens da Am\u00e9rica Latina e do Caribe. Para eles, o desemprego \u00e9 majoritariamente prec\u00e1rio e informal. O quadro foi tra\u00e7ado em semin\u00e1rio preparat\u00f3rio \u00e0 18\u00aa C\u00fapula Ibero-Americana de Chefes de Estado e de Governo, que come\u00e7a quarta-feira (29) em El Salvador.\u00a0<br \/> \u00a0<br \/> O relat\u00f3rio final do semin\u00e1rio frisa que a juventude, em m\u00e9dia, tem mais anos de escolaridade que os adultos. No entanto, tem menos acesso ao emprego. A taxa de desemprego \u00e9 de 19.9% da popula\u00e7\u00e3o ativa de 15 a 24 anos, quase tr\u00eas vezes mais que a registrada entre adultos. Outro dado impressiona: 18% dos jovens entre 15 e 19 anos n\u00e3o trabalham e n\u00e3o estudam. \u201cEm uma situa\u00e7\u00e3o de exclus\u00e3o e falta de sentido de pertencer, [os jovens] t\u00eam um maior risco de participar em condutas de risco e viol\u00eancia\u201d, conclui o relat\u00f3rio\u00a0<br \/> \u00a0<br \/> O semin\u00e1rio, que reuniu especialistas e representantes da sociedade civil e de governo dos 22 pa\u00edses latino-americanos e europeus de l\u00edngua portuguesa e espanhola, tamb\u00e9m identificou a debilidade ou inexist\u00eancia de espa\u00e7os para participa\u00e7\u00e3o que permitam aos jovens influir em pol\u00edticas voltadas \u00e0s suas necessidades. \u00a0<br \/> \u00a0<br \/> \u201cA participa\u00e7\u00e3o dos jovens deve ser substancial nas pol\u00edticas e propostas que decida-se impulsionar. Estas devem mostrar-se, desde o in\u00edcio, a partir dos interesses, experi\u00eancias e id\u00e9ias dos pr\u00f3prios jovens\u201d, recomenda o documento. \u00a0<br \/> \u00a0<br \/> A viol\u00eancia contra jovens e a participa\u00e7\u00e3o dos jovens em atos de viol\u00eancia tamb\u00e9m fazem parte do cen\u00e1rio regional e desafiam l\u00edderes ibero-americanos, ao lado da necessidade de pol\u00edticas de inclus\u00e3o de jovens afro-descendentes, ind\u00edgenas, minorias, jovens rurais, migrantes. \u00a0<br \/> \u00a0<br \/> Embora proponha uma abordagem coordenada de tais quest\u00f5es, o relat\u00f3rio final do semin\u00e1rio frisa a necessidade de respeito \u00e0 diversidade entre jovens dos diferentes pa\u00edses ou mesmo entre grupos da mesma regi\u00e3o. \u201c\u00c9 preciso destacar que \u00e9 imposs\u00edvel falar de uma s\u00f3 juventude, \u00e9 necess\u00e1rio falar \u2018das juventudes\u2019, j\u00e1 que na Ibero-Am\u00e9rica convivem coletivos de jovens muito heterog\u00eaneos, tanto por sua localiza\u00e7\u00e3o geogr\u00e1fica \u2013 rural ou urbana \u2013 como por sua situa\u00e7\u00e3o socioecon\u00f4mica ou por seu grau de inclus\u00e3o na sociedade atrav\u00e9s do estudo, do emprego e da participa\u00e7\u00e3o\u201d, diz o texto.\u00a0<br \/> \u00a0<br \/> A 18\u00aa C\u00fapula Ibero-Americana, cujos trabalhos v\u00e3o at\u00e9 sexta-feira (31), tem como tema central Juventude e Desenvolvimento. No encontro do ano passado, em Santiago do Chile, 2008 foi declarado Ano Ibero-Americano da Juventude.\u00a0<br \/>  \u00a0<\/p>\n","protected":false},"excerpt":{"rendered":"<p>A baixa qualidade da educa\u00e7\u00e3o e a desconex\u00e3o entre o ensino e o mercado de trabalho s\u00e3o alguns dos principais desafios enfrentados pelos jovens da Am\u00e9rica Latina e do Caribe. Para eles, o desemprego \u00e9 majoritariamente prec\u00e1rio e informal. O quadro foi tra\u00e7ado em semin\u00e1rio preparat\u00f3rio \u00e0 18\u00aa C\u00fapula Ibero-Americana de Chefes de Estado e [&hellip;]<\/p>\n","protected":false},"author":1,"featured_media":0,"comment_status":"closed","ping_status":"closed","sticky":false,"template":"","format":"standard","meta":{"footnotes":"","_links_to":"","_links_to_target":""},"categories":[9],"tags":[],"class_list":["post-2375","post","type-post","status-publish","format-standard","hentry","category-noticias-da-imprensa"],"yoast_head":"<!-- This site is optimized with the Yoast SEO plugin v15.1 - https:\/\/yoast.com\/wordpress\/plugins\/seo\/ -->\n<title>Ensino de m\u00e1 qualidade e sem conex\u00e3o com mercado desafia ibero-americanos &raquo; Abrelivros<\/title>\n<meta name=\"robots\" content=\"index, follow, max-snippet:-1, max-image-preview:large, max-video-preview:-1\" \/>\n<link rel=\"canonical\" href=\"https:\/\/abrelivros.org.br\/site\/ensino-de-ma-qualidade-e-sem-conexao-com-mercado-desafia-ibero-americanos\/\" \/>\n<meta property=\"og:locale\" content=\"pt_BR\" \/>\n<meta property=\"og:type\" content=\"article\" \/>\n<meta property=\"og:title\" content=\"Ensino de m\u00e1 qualidade e sem conex\u00e3o com mercado desafia ibero-americanos &raquo; Abrelivros\" \/>\n<meta property=\"og:description\" content=\"A baixa qualidade da educa\u00e7\u00e3o e a desconex\u00e3o entre o ensino e o mercado de trabalho s\u00e3o alguns dos principais desafios enfrentados pelos jovens da Am\u00e9rica Latina e do Caribe. Para eles, o desemprego \u00e9 majoritariamente prec\u00e1rio e informal. O quadro foi tra\u00e7ado em semin\u00e1rio preparat\u00f3rio \u00e0 18\u00aa C\u00fapula Ibero-Americana de Chefes de Estado e [&hellip;]\" \/>\n<meta property=\"og:url\" content=\"https:\/\/abrelivros.org.br\/site\/ensino-de-ma-qualidade-e-sem-conexao-com-mercado-desafia-ibero-americanos\/\" \/>\n<meta property=\"og:site_name\" content=\"Abrelivros\" \/>\n<meta property=\"article:published_time\" content=\"2008-10-28T18:09:00+00:00\" \/>\n<meta name=\"twitter:card\" content=\"summary_large_image\" \/>\n<script type=\"application\/ld+json\" class=\"yoast-schema-graph\">{\"@context\":\"https:\/\/schema.org\",\"@graph\":[{\"@type\":\"WebSite\",\"@id\":\"https:\/\/abrelivros.org.br\/site\/#website\",\"url\":\"https:\/\/abrelivros.org.br\/site\/\",\"name\":\"Abrelivros\",\"description\":\"\",\"potentialAction\":[{\"@type\":\"SearchAction\",\"target\":\"https:\/\/abrelivros.org.br\/site\/?s={search_term_string}\",\"query-input\":\"required name=search_term_string\"}],\"inLanguage\":\"pt-BR\"},{\"@type\":\"WebPage\",\"@id\":\"https:\/\/abrelivros.org.br\/site\/ensino-de-ma-qualidade-e-sem-conexao-com-mercado-desafia-ibero-americanos\/#webpage\",\"url\":\"https:\/\/abrelivros.org.br\/site\/ensino-de-ma-qualidade-e-sem-conexao-com-mercado-desafia-ibero-americanos\/\",\"name\":\"Ensino de m\\u00e1 qualidade e sem conex\\u00e3o com mercado desafia ibero-americanos &raquo; Abrelivros\",\"isPartOf\":{\"@id\":\"https:\/\/abrelivros.org.br\/site\/#website\"},\"datePublished\":\"2008-10-28T18:09:00+00:00\",\"dateModified\":\"2008-10-28T18:09:00+00:00\",\"author\":{\"@id\":\"https:\/\/abrelivros.org.br\/site\/#\/schema\/person\/2b867f13a717bb230f1a3555505f5593\"},\"breadcrumb\":{\"@id\":\"https:\/\/abrelivros.org.br\/site\/ensino-de-ma-qualidade-e-sem-conexao-com-mercado-desafia-ibero-americanos\/#breadcrumb\"},\"inLanguage\":\"pt-BR\",\"potentialAction\":[{\"@type\":\"ReadAction\",\"target\":[\"https:\/\/abrelivros.org.br\/site\/ensino-de-ma-qualidade-e-sem-conexao-com-mercado-desafia-ibero-americanos\/\"]}]},{\"@type\":\"BreadcrumbList\",\"@id\":\"https:\/\/abrelivros.org.br\/site\/ensino-de-ma-qualidade-e-sem-conexao-com-mercado-desafia-ibero-americanos\/#breadcrumb\",\"itemListElement\":[{\"@type\":\"ListItem\",\"position\":1,\"item\":{\"@type\":\"WebPage\",\"@id\":\"https:\/\/abrelivros.org.br\/site\/\",\"url\":\"https:\/\/abrelivros.org.br\/site\/\",\"name\":\"In\\u00edcio\"}},{\"@type\":\"ListItem\",\"position\":2,\"item\":{\"@type\":\"WebPage\",\"@id\":\"https:\/\/abrelivros.org.br\/site\/category\/noticias\/\",\"url\":\"https:\/\/abrelivros.org.br\/site\/category\/noticias\/\",\"name\":\"Not\\u00edcias\"}},{\"@type\":\"ListItem\",\"position\":3,\"item\":{\"@type\":\"WebPage\",\"@id\":\"https:\/\/abrelivros.org.br\/site\/category\/noticias\/noticias-da-imprensa\/\",\"url\":\"https:\/\/abrelivros.org.br\/site\/category\/noticias\/noticias-da-imprensa\/\",\"name\":\"Not\\u00edcias da imprensa\"}},{\"@type\":\"ListItem\",\"position\":4,\"item\":{\"@type\":\"WebPage\",\"@id\":\"https:\/\/abrelivros.org.br\/site\/ensino-de-ma-qualidade-e-sem-conexao-com-mercado-desafia-ibero-americanos\/\",\"url\":\"https:\/\/abrelivros.org.br\/site\/ensino-de-ma-qualidade-e-sem-conexao-com-mercado-desafia-ibero-americanos\/\",\"name\":\"Ensino de m\\u00e1 qualidade e sem conex\\u00e3o com mercado desafia ibero-americanos\"}}]},{\"@type\":\"Person\",\"@id\":\"https:\/\/abrelivros.org.br\/site\/#\/schema\/person\/2b867f13a717bb230f1a3555505f5593\",\"name\":\"\\u00a0\",\"image\":{\"@type\":\"ImageObject\",\"@id\":\"https:\/\/abrelivros.org.br\/site\/#personlogo\",\"inLanguage\":\"pt-BR\",\"url\":\"https:\/\/secure.gravatar.com\/avatar\/e80b7f5231be2fff5040a8023da424898002831c5439420df182ae62676d2a6f?s=96&d=mm&r=g\",\"caption\":\"\\u00a0\"}}]}<\/script>\n<!-- \/ Yoast SEO plugin. -->","_links":{"self":[{"href":"https:\/\/abrelivros.org.br\/site\/wp-json\/wp\/v2\/posts\/2375","targetHints":{"allow":["GET"]}}],"collection":[{"href":"https:\/\/abrelivros.org.br\/site\/wp-json\/wp\/v2\/posts"}],"about":[{"href":"https:\/\/abrelivros.org.br\/site\/wp-json\/wp\/v2\/types\/post"}],"author":[{"embeddable":true,"href":"https:\/\/abrelivros.org.br\/site\/wp-json\/wp\/v2\/users\/1"}],"replies":[{"embeddable":true,"href":"https:\/\/abrelivros.org.br\/site\/wp-json\/wp\/v2\/comments?post=2375"}],"version-history":[{"count":0,"href":"https:\/\/abrelivros.org.br\/site\/wp-json\/wp\/v2\/posts\/2375\/revisions"}],"wp:attachment":[{"href":"https:\/\/abrelivros.org.br\/site\/wp-json\/wp\/v2\/media?parent=2375"}],"wp:term":[{"taxonomy":"category","embeddable":true,"href":"https:\/\/abrelivros.org.br\/site\/wp-json\/wp\/v2\/categories?post=2375"},{"taxonomy":"post_tag","embeddable":true,"href":"https:\/\/abrelivros.org.br\/site\/wp-json\/wp\/v2\/tags?post=2375"}],"curies":[{"name":"wp","href":"https:\/\/api.w.org\/{rel}","templated":true}]}}