{"id":2371,"date":"2008-10-30T09:19:00","date_gmt":"2008-10-30T11:19:00","guid":{"rendered":"https:\/\/abrelivros.org.br\/site\/2008\/10\/30\/quatorze-anos-de-ensino-obrigatorio\/"},"modified":"2008-10-30T09:19:00","modified_gmt":"2008-10-30T11:19:00","slug":"quatorze-anos-de-ensino-obrigatorio","status":"publish","type":"post","link":"https:\/\/abrelivros.org.br\/site\/quatorze-anos-de-ensino-obrigatorio\/","title":{"rendered":"Quatorze anos de ensino obrigat\u00f3rio"},"content":{"rendered":"<p>O ministro da Educa\u00e7\u00e3o, Fernando Haddad, encaminhou ao Pal\u00e1cio do Planalto na ter\u00e7a-feira, 28, uma proposta de mudan\u00e7a no tempo m\u00ednimo de ensino obrigat\u00f3rio, dos atuais nove anos para 14 anos. De acordo com a proposta, enviada por meio de uma nota t\u00e9cnica, as crian\u00e7as teriam de ser matriculadas na escola aos quatro anos de idade e permanecer at\u00e9 os 17, pelo menos. Esse per\u00edodo abrange a pr\u00e9-escola (quatro e cinco anos), ensino fundamental (seis a 14) e ensino m\u00e9dio (15 a 17). Hoje, a obrigatoriedade \u00e9 apenas para o ensino fundamental.&nbsp;<br \/> &nbsp;<br \/> \u201cEstamos discutindo as regras de transi\u00e7\u00e3o com o Conselho Nacional de Secret\u00e1rios de Educa\u00e7\u00e3o (Consed) e a Uni\u00e3o Nacional dos Dirigentes Municipais de Educa\u00e7\u00e3o (Undime), para que isso se efetive em torno de cinco ou seis anos\u201d, afirmou Haddad. A mudan\u00e7a deve ser feita por proposta de emenda \u00e0 Constitui\u00e7\u00e3o. &nbsp;<br \/> &nbsp;<br \/> O ministro conta que esse movimento come\u00e7ou na Am\u00e9rica Latina. A inten\u00e7\u00e3o era que o ensino m\u00e9dio passasse a ser obrigat\u00f3rio no continente. O Brasil apresentou emenda a essa tese, afirmando que a medida seria ineficaz se n\u00e3o houvesse o complemento da pr\u00e9-escola. Um estudo do Instituto Nacional de Estudos e Pesquisas Educacionais An\u00edsio Teixeira (Inep) comprova que uma crian\u00e7a com acesso \u00e0 pr\u00e9-escola tem 32% mais chances de concluir o ensino m\u00e9dio. Isso justifica, segundo Haddad, a amplia\u00e7\u00e3o da obrigatoriedade da matr\u00edcula entre quatro e 17 anos.&nbsp;<br \/> &nbsp;<br \/> \u201cSe conseguimos em um ano aumentar de 67% para 70% as matr\u00edculas na educa\u00e7\u00e3o infantil das crian\u00e7as de quatro e cinco anos, com o Fundeb e o Proinf\u00e2ncia, agora, \u00e9 poss\u00edvel acelerar esse passo\u201d, diz o ministro, referindo-se \u00e0 inclus\u00e3o da educa\u00e7\u00e3o infantil no repasse do fundo e ao programa de constru\u00e7\u00e3o de creches e pr\u00e9-escolas. Haddad acredita ser razo\u00e1vel aumentar em 5% ao ano o atendimento nessa etapa, que chegaria a 95% em cinco anos. &nbsp;<br \/> &nbsp;<br \/> De acordo com o ministro, se a proposta for aprovada, tudo ser\u00e1 feito em sintonia com prefeitos e governadores. \u201cN\u00e3o adianta mudar, por lei, sem que estados e munic\u00edpios tenham a capacidade de receber essas crian\u00e7as.\u201d&nbsp;<br \/> &nbsp;<\/p>\n","protected":false},"excerpt":{"rendered":"<p>O ministro da Educa\u00e7\u00e3o, Fernando Haddad, encaminhou ao Pal\u00e1cio do Planalto na ter\u00e7a-feira, 28, uma proposta de mudan\u00e7a no tempo m\u00ednimo de ensino obrigat\u00f3rio, dos atuais nove anos para 14 anos. De acordo com a proposta, enviada por meio de uma nota t\u00e9cnica, as crian\u00e7as teriam de ser matriculadas na escola aos quatro anos de [&hellip;]<\/p>\n","protected":false},"author":1,"featured_media":0,"comment_status":"closed","ping_status":"closed","sticky":false,"template":"","format":"standard","meta":{"footnotes":"","_links_to":"","_links_to_target":""},"categories":[9],"tags":[],"class_list":["post-2371","post","type-post","status-publish","format-standard","hentry","category-noticias-da-imprensa"],"yoast_head":"<!-- This site is optimized with the Yoast SEO plugin v15.1 - https:\/\/yoast.com\/wordpress\/plugins\/seo\/ -->\n<title>Quatorze anos de ensino obrigat\u00f3rio &raquo; Abrelivros<\/title>\n<meta name=\"robots\" content=\"index, follow, max-snippet:-1, max-image-preview:large, max-video-preview:-1\" \/>\n<link rel=\"canonical\" href=\"https:\/\/abrelivros.org.br\/site\/quatorze-anos-de-ensino-obrigatorio\/\" \/>\n<meta property=\"og:locale\" content=\"pt_BR\" \/>\n<meta property=\"og:type\" content=\"article\" \/>\n<meta property=\"og:title\" content=\"Quatorze anos de ensino obrigat\u00f3rio &raquo; Abrelivros\" \/>\n<meta property=\"og:description\" content=\"O ministro da Educa\u00e7\u00e3o, Fernando Haddad, encaminhou ao Pal\u00e1cio do Planalto na ter\u00e7a-feira, 28, uma proposta de mudan\u00e7a no tempo m\u00ednimo de ensino obrigat\u00f3rio, dos atuais nove anos para 14 anos. De acordo com a proposta, enviada por meio de uma nota t\u00e9cnica, as crian\u00e7as teriam de ser matriculadas na escola aos quatro anos de [&hellip;]\" \/>\n<meta property=\"og:url\" content=\"https:\/\/abrelivros.org.br\/site\/quatorze-anos-de-ensino-obrigatorio\/\" \/>\n<meta property=\"og:site_name\" content=\"Abrelivros\" \/>\n<meta property=\"article:published_time\" content=\"2008-10-30T11:19:00+00:00\" \/>\n<meta name=\"twitter:card\" content=\"summary_large_image\" \/>\n<script type=\"application\/ld+json\" class=\"yoast-schema-graph\">{\"@context\":\"https:\/\/schema.org\",\"@graph\":[{\"@type\":\"WebSite\",\"@id\":\"https:\/\/abrelivros.org.br\/site\/#website\",\"url\":\"https:\/\/abrelivros.org.br\/site\/\",\"name\":\"Abrelivros\",\"description\":\"\",\"potentialAction\":[{\"@type\":\"SearchAction\",\"target\":\"https:\/\/abrelivros.org.br\/site\/?s={search_term_string}\",\"query-input\":\"required name=search_term_string\"}],\"inLanguage\":\"pt-BR\"},{\"@type\":\"WebPage\",\"@id\":\"https:\/\/abrelivros.org.br\/site\/quatorze-anos-de-ensino-obrigatorio\/#webpage\",\"url\":\"https:\/\/abrelivros.org.br\/site\/quatorze-anos-de-ensino-obrigatorio\/\",\"name\":\"Quatorze anos de ensino obrigat\\u00f3rio &raquo; Abrelivros\",\"isPartOf\":{\"@id\":\"https:\/\/abrelivros.org.br\/site\/#website\"},\"datePublished\":\"2008-10-30T11:19:00+00:00\",\"dateModified\":\"2008-10-30T11:19:00+00:00\",\"author\":{\"@id\":\"https:\/\/abrelivros.org.br\/site\/#\/schema\/person\/2b867f13a717bb230f1a3555505f5593\"},\"breadcrumb\":{\"@id\":\"https:\/\/abrelivros.org.br\/site\/quatorze-anos-de-ensino-obrigatorio\/#breadcrumb\"},\"inLanguage\":\"pt-BR\",\"potentialAction\":[{\"@type\":\"ReadAction\",\"target\":[\"https:\/\/abrelivros.org.br\/site\/quatorze-anos-de-ensino-obrigatorio\/\"]}]},{\"@type\":\"BreadcrumbList\",\"@id\":\"https:\/\/abrelivros.org.br\/site\/quatorze-anos-de-ensino-obrigatorio\/#breadcrumb\",\"itemListElement\":[{\"@type\":\"ListItem\",\"position\":1,\"item\":{\"@type\":\"WebPage\",\"@id\":\"https:\/\/abrelivros.org.br\/site\/\",\"url\":\"https:\/\/abrelivros.org.br\/site\/\",\"name\":\"In\\u00edcio\"}},{\"@type\":\"ListItem\",\"position\":2,\"item\":{\"@type\":\"WebPage\",\"@id\":\"https:\/\/abrelivros.org.br\/site\/category\/noticias\/\",\"url\":\"https:\/\/abrelivros.org.br\/site\/category\/noticias\/\",\"name\":\"Not\\u00edcias\"}},{\"@type\":\"ListItem\",\"position\":3,\"item\":{\"@type\":\"WebPage\",\"@id\":\"https:\/\/abrelivros.org.br\/site\/category\/noticias\/noticias-da-imprensa\/\",\"url\":\"https:\/\/abrelivros.org.br\/site\/category\/noticias\/noticias-da-imprensa\/\",\"name\":\"Not\\u00edcias da imprensa\"}},{\"@type\":\"ListItem\",\"position\":4,\"item\":{\"@type\":\"WebPage\",\"@id\":\"https:\/\/abrelivros.org.br\/site\/quatorze-anos-de-ensino-obrigatorio\/\",\"url\":\"https:\/\/abrelivros.org.br\/site\/quatorze-anos-de-ensino-obrigatorio\/\",\"name\":\"Quatorze anos de ensino obrigat\\u00f3rio\"}}]},{\"@type\":\"Person\",\"@id\":\"https:\/\/abrelivros.org.br\/site\/#\/schema\/person\/2b867f13a717bb230f1a3555505f5593\",\"name\":\"\\u00a0\",\"image\":{\"@type\":\"ImageObject\",\"@id\":\"https:\/\/abrelivros.org.br\/site\/#personlogo\",\"inLanguage\":\"pt-BR\",\"url\":\"https:\/\/secure.gravatar.com\/avatar\/e80b7f5231be2fff5040a8023da424898002831c5439420df182ae62676d2a6f?s=96&d=mm&r=g\",\"caption\":\"\\u00a0\"}}]}<\/script>\n<!-- \/ Yoast SEO plugin. -->","_links":{"self":[{"href":"https:\/\/abrelivros.org.br\/site\/wp-json\/wp\/v2\/posts\/2371","targetHints":{"allow":["GET"]}}],"collection":[{"href":"https:\/\/abrelivros.org.br\/site\/wp-json\/wp\/v2\/posts"}],"about":[{"href":"https:\/\/abrelivros.org.br\/site\/wp-json\/wp\/v2\/types\/post"}],"author":[{"embeddable":true,"href":"https:\/\/abrelivros.org.br\/site\/wp-json\/wp\/v2\/users\/1"}],"replies":[{"embeddable":true,"href":"https:\/\/abrelivros.org.br\/site\/wp-json\/wp\/v2\/comments?post=2371"}],"version-history":[{"count":0,"href":"https:\/\/abrelivros.org.br\/site\/wp-json\/wp\/v2\/posts\/2371\/revisions"}],"wp:attachment":[{"href":"https:\/\/abrelivros.org.br\/site\/wp-json\/wp\/v2\/media?parent=2371"}],"wp:term":[{"taxonomy":"category","embeddable":true,"href":"https:\/\/abrelivros.org.br\/site\/wp-json\/wp\/v2\/categories?post=2371"},{"taxonomy":"post_tag","embeddable":true,"href":"https:\/\/abrelivros.org.br\/site\/wp-json\/wp\/v2\/tags?post=2371"}],"curies":[{"name":"wp","href":"https:\/\/api.w.org\/{rel}","templated":true}]}}