{"id":2370,"date":"2008-10-30T16:37:00","date_gmt":"2008-10-30T18:37:00","guid":{"rendered":"https:\/\/abrelivros.org.br\/site\/2008\/10\/30\/participantes-sugerem-medidas-de-incentivo-a-leitura\/"},"modified":"2008-10-30T16:37:00","modified_gmt":"2008-10-30T18:37:00","slug":"participantes-sugerem-medidas-de-incentivo-a-leitura","status":"publish","type":"post","link":"https:\/\/abrelivros.org.br\/site\/participantes-sugerem-medidas-de-incentivo-a-leitura\/","title":{"rendered":"Participantes sugerem medidas de incentivo \u00e0 leitura"},"content":{"rendered":"<p>Participantes do I Semin\u00e1rio de Incentivo \u00e0 Leitura no Brasil reconheceram que n\u00e3o \u00e9 s\u00f3 a falta de recursos que impede o crescimento do n\u00famero de leitores no Pa\u00eds. A quase aus\u00eancia do h\u00e1bito de ler livros no Brasil \u00e9 um dado hist\u00f3rico e remonta aos tempos do Brasil Col\u00f4nia. Segundo o jornalista Laurentino Gomes, autor do livro 1808, foi s\u00f3 com a vinda da Corte portuguesa para o Brasil, h\u00e1 200 anos, que o Pa\u00eds passou a ter livros e imprensa, ainda assim com censura.  <\/p>\n<p> Se a maior parte da popula\u00e7\u00e3o naquela \u00e9poca era analfabeta, hoje a situa\u00e7\u00e3o n\u00e3o \u00e9 muito diferente. O Pa\u00eds ainda tem 16 milh\u00f5es de analfabetos absolutos e 30 milh\u00f5es de analfabetos funcionais (pessoas que n\u00e3o compreendem o que l\u00eaem). Para incentivar a leitura, Laurentino Gomes, assim como o senador Cristovam Buarque (PDT-DF), sugeriram a edi\u00e7\u00e3o de livros em v\u00e1rios formatos, em v\u00e1rias linguagens, para atender os diferentes interesses de crian\u00e7as, jovens e adultos. No mesmo sentido, o professor da Universidade Federal Fluminense An\u00edbal Bragan\u00e7a sugeriu que se ou\u00e7am os leitores, para que se possa atender melhor \u00e0s suas necessidades. Outras sugest\u00f5es dizem respeito a incentivos a livrarias. <\/p>\n<p> J\u00e1 o deputado Chico Alencar (Psol-RJ), cobrou investimento em bibliotecas, para que elas n\u00e3o se tornem simples dep\u00f3sitos de livros. A moderniza\u00e7\u00e3o de bibliotecas, ali\u00e1s, \u00e9 uma das metas do Plano Nacional do Livro e Leitura (PNLL). Segundo o secret\u00e1rio-executivo do plano, Jos\u00e9 Castilho, busca-se modernizar, at\u00e9 2010, 4,5 mil bibliotecas em todo o Pa\u00eds. Ainda segundo ele, apenas 361 munic\u00edpios brasileiros n\u00e3o possuem biblioteca. No in\u00edcio do governo Lula, esse n\u00famero era de 1,3 mil. <\/p>\n<p><B> Eixos <br \/><\/B> De forma geral, o PNLL trabalha em quatro eixos: a democratiza\u00e7\u00e3o do acesso ao livro, a valoriza\u00e7\u00e3o da leitura, a forma\u00e7\u00e3o de mediadores de leitura e o apoio ao desenvolvimento econ\u00f4mico do livro. O que os participantes do semin\u00e1rio reconheceram \u00e9 que este \u00e9 um trabalho de todos: do governo, da sociedade e dos editores de livro. Mais que uma a\u00e7\u00e3o de governo, \u00e9 um trabalho que come\u00e7a em casa, conforme afirmou o ministro da Cultura, Juca Ferreira. \u201cA influ\u00eancia da fam\u00edlia \u00e9 fundamental. Em fam\u00edlias de pais leitores, os filhos se tornam leitores.\u201c <\/p>\n<p> Tamb\u00e9m participaram do semin\u00e1rio na manh\u00e3 desta quarta-feira o secret\u00e1rio de Educa\u00e7\u00e3o Continuada do Minist\u00e9rio da Educa\u00e7\u00e3o, Andr\u00e9 L\u00e1zaro; a presidente da C\u00e2mara Brasileira do Livro, Rosely Boschini; e o presidente do Instituto Pr\u00f3-Livro, Jorge Yunes. <\/p>\n<p><B> Fundo Pr\u00f3-Leitura poder\u00e1 ser criado por meio de decreto<br \/><\/B> Ag\u00eancia C\u00e2mara &#8211; No\u00e9li Nobre<\/p>\n<p> O ministro da Cultura, Juca Ferreira, afirmou nesta quarta-feira que o Fundo Pr\u00f3-Leitura &#8211; forma de financiamento das a\u00e7\u00f5es previstas no Plano Nacional do Livro e Leitura (PNLL) &#8211; poder\u00e1 ser criado por decreto presidencial. Caso a proposta de cria\u00e7\u00e3o do fundo precise passar pelo Congresso, o ministro acredita que ter\u00e1 apoio de deputados e senadores para sua aprova\u00e7\u00e3o. Juca ferreira foi um dos participantes do I Semin\u00e1rio de Incentivo \u00e0 Leitura no Brasil, promovido na C\u00e2mara pela Frente Parlamentar Mista da Leitura.\u00a0<br \/> \u00a0<br \/> No evento, o coordenador da frente, deputado Marcelo Almeida (PMDB-PR), reafirmou que far\u00e1 uma mobiliza\u00e7\u00e3o, nos pr\u00f3ximos 30 dias para convencer lideran\u00e7as partid\u00e1rias da import\u00e2ncia do Fundo Pr\u00f3-Leitura. Para o deputado, n\u00e3o importa o meio pelo qual o fundo ser\u00e1 criado &#8211; se por decreto ou projeto de lei &#8211; mas que seja criado. \u201cDificilmente h\u00e1 oposi\u00e7\u00e3o quando o assunto \u00e9 leitura\u201c, disse.\u00a0<br \/> \u00a0<br \/> O Fundo Pr\u00f3-Leitura \u00e9 a contrapartida do setor livreiro &#8211; com 1% de seu faturamento anual &#8211; \u00e0 desonera\u00e7\u00e3o de PIS e Cofins sobre o livro. Se aprovado, o fundo gerar\u00e1 cerca de R$ 46 milh\u00f5es por ano. Sua cria\u00e7\u00e3o, no entanto, \u00e9 pol\u00eamica, pois \u00e9 conflitante com a proposta de reforma tribut\u00e1ria. Mas, segundo o ministro Juca Ferreira, as negocia\u00e7\u00f5es est\u00e3o avan\u00e7adas e o governo j\u00e1 superou a interpreta\u00e7\u00e3o de que o fundo seria constitu\u00eddo a partir de imposto. \u201cN\u00e3o \u00e9 imposto, mas contribui\u00e7\u00e3o volunt\u00e1ria\u201c, explicou.\u00a0<br \/> \u00a0<br \/><B> Falta de recursos\u00a0<br \/> \u00a0<br \/><\/B> Juca Ferreira e Marcelo Almeida reconheceram que h\u00e1 id\u00e9ias importantes em andamento no Pa\u00eds para o incentivo \u00e0 leitura, mas que qualquer a\u00e7\u00e3o esbarra na falta de recursos. O ministro da Cultura lembrou que a falta de or\u00e7amento \u00e9 um dado hist\u00f3rico no minist\u00e9rio. Por esse motivo, ele se reuniu hoje com o presidente do Senado, Garibaldi Alves Filho, para pedir apoio dos senadores \u00e0 aprova\u00e7\u00e3o de uma emenda de R$ 500 milh\u00f5es ao or\u00e7amento da pasta no pr\u00f3ximo ano. A emenda foi apresentada \u00e0 Comiss\u00e3o de Educa\u00e7\u00e3o do Senado e o dinheiro seria usado para investimentos na cultura em geral e tamb\u00e9m para programas de incentivo \u00e0 leitura. \u00a0<br \/> \u00a0<br \/> Outro pedido de emenda, no valor de R$ 400 milh\u00f5es, foi apresentado \u00e0 Comiss\u00e3o de Educa\u00e7\u00e3o e Cultura da C\u00e2mara, para investimentos em projetos em cidades com at\u00e9 100 mil habitantes. \u201cAs cidades do interior precisam de apoio para que suas manifesta\u00e7\u00f5es populares n\u00e3o desapare\u00e7am\u201c, disse o ministro.\u00a0<br \/> \u00a0<br \/> O or\u00e7amento do Minist\u00e9rio da Cultura em 2008 foi de R$ 1,155 bilh\u00e3o. Para o pr\u00f3ximo ano, R$ 1,180 bilh\u00e3o est\u00e3o previstos no projeto de lei or\u00e7ament\u00e1ria.\u00a0<br \/> \u00a0<br \/> \u00a0<br \/> \u00a0<br \/><B> Pesquisa mostra que 77 milh\u00f5es de brasileiros n\u00e3o l\u00eaem livros\u00a0<br \/><\/B> Ag\u00eancia C\u00e2mara &#8211; Oscar Telles \u00a0<br \/> \u00a0<br \/> O Pa\u00eds tem 77 milh\u00f5es de pessoas que n\u00e3o l\u00eaem livros, segundo dados da pesquisa \u201cRetratos da Leitura no Brasil 2007\u201c divulgados nesta quarta-feira, na C\u00e2mara, por Galeno Amorim, diretor do Observat\u00f3rio do Livro e da Leitura. De acordo com ele, esse problema n\u00e3o ocorre apenas entre as pessoas com baixa escolaridade, j\u00e1 que 8% dos entrevistados com n\u00edvel superior de ensino tamb\u00e9m n\u00e3o s\u00e3o leitores. Galeno foi um dos participantes do 1\u00ba Semin\u00e1rio de Incentivo \u00e0 Leitura no Brasil, promovido pela Frente Parlamentar Mista da Leitura. \u00a0<br \/> \u00a0<br \/> Segundo ele, 95 milh\u00f5es de brasileiros leram pelo menos um livro nos tr\u00eas meses anteriores \u00e0 pesquisa, feita no final de 2007 pelo Instituto Pr\u00f3-Livro. O levantamento, no qual foram ouvidas 5 mil pessoas em 311 cidades de todo o Pa\u00eds, mostra que as mulheres l\u00eaem mais do que os homens, e que a B\u00edblia \u00e9 tida como a obra mais importante para os adultos. \u00a0<br \/> \u00a0<br \/> As crian\u00e7as, por sua vez, preferem publica\u00e7\u00f5es como o \u201cS\u00edtio do Pica-pau Amarelo\u201c, de Monteiro Lobato; a f\u00e1bula \u201cChapeuzinho Vermelho\u201c e a s\u00e9rie \u201cHarry Potter\u201c, da escritora brit\u00e2nica J.K. Rowling. De acordo com Galeno Amorim, a adolesc\u00eancia e a inf\u00e2ncia s\u00e3o apontadas como as fases em que as pessoas mais l\u00eaem: a pesquisa mostrou que sete crian\u00e7as, em cada grupo de dez, s\u00e3o leitoras. \u00a0<br \/> \u00a0<br \/><B> B\u00edblia<br \/><\/B> De acordo com a pesquisa, 66% dos livros est\u00e3o nas m\u00e3os de 20% da popula\u00e7\u00e3o; 8% dos brasileiros n\u00e3o t\u00eam nenhum livro em casa; e 4% t\u00eam apenas um. A maioria dos leitores (55%) costuma ler apenas trechos ou cap\u00edtulos; 11% pulam p\u00e1ginas e 38% l\u00eaem o texto inteiro. \u00a0<br \/> \u00a0<br \/> Dos 43 milh\u00f5es que v\u00eaem apenas trechos das obras, 10% s\u00e3o leitores da B\u00edblia, que \u00e9 lida por grande parte dos adultos, mesmo por aqueles que se declaram agn\u00f3sticos ou ateus. Ela \u00e9 mais lida por protestantes (9,8%) e evang\u00e9licos em geral (12,26%) do que pelos cat\u00f3licos (2,82%) e kardecistas (2,54%). \u201cDos 48 milh\u00f5es de leitores que n\u00e3o estavam estudando, 6,9 milh\u00f5es liam a B\u00edblia\u201c, informou Galeno. \u00a0<br \/> \u00a0<br \/><B> Obriga\u00e7\u00e3o<br \/><\/B> De acordo com a pesquisa, 21,4 milh\u00f5es dos leitores t\u00eam contato com os livros apenas por obriga\u00e7\u00e3o, mas 71,7 milh\u00f5es dizem sentir prazer nessa atividade. \u00a0<br \/> \u00a0<br \/> Ainda segundo o levantamento, as m\u00e3es s\u00e3o as pessoas que mais influenciam a leitura. E os escritores mais admirados no Brasil s\u00e3o Monteiro Lobato, Paulo Coelho, Jorge Amado e Machado de Assis. \u00a0<br \/> \u00a0<br \/> Tamb\u00e9m participaram do debate, entre outros, o secret\u00e1rio-executivo do Minist\u00e9rio da Cultura, Alfredo Manevi, o vice-presidente da C\u00e2mara Brasileira do Livro, Bernardo Gurbanov, e o deputado Magela (PT-DF). O semin\u00e1rio desta quarta-feira foi realizado pela frente parlamentar com o objetivo de debater a cria\u00e7\u00e3o do Fundo Pr\u00f3-leitura, que financiaria as a\u00e7\u00f5es do Plano Nacional do Livro e Leitura (PNLL).\u00a0<br \/> \u00a0<br \/> \u00a0<\/p>\n","protected":false},"excerpt":{"rendered":"<p>Participantes do I Semin\u00e1rio de Incentivo \u00e0 Leitura no Brasil reconheceram que n\u00e3o \u00e9 s\u00f3 a falta de recursos que impede o crescimento do n\u00famero de leitores no Pa\u00eds. A quase aus\u00eancia do h\u00e1bito de ler livros no Brasil \u00e9 um dado hist\u00f3rico e remonta aos tempos do Brasil Col\u00f4nia. Segundo o jornalista Laurentino Gomes, [&hellip;]<\/p>\n","protected":false},"author":1,"featured_media":0,"comment_status":"closed","ping_status":"closed","sticky":false,"template":"","format":"standard","meta":{"footnotes":"","_links_to":"","_links_to_target":""},"categories":[9],"tags":[],"class_list":["post-2370","post","type-post","status-publish","format-standard","hentry","category-noticias-da-imprensa"],"yoast_head":"<!-- This site is optimized with the Yoast SEO plugin v15.1 - https:\/\/yoast.com\/wordpress\/plugins\/seo\/ -->\n<title>Participantes sugerem medidas de incentivo \u00e0 leitura &raquo; Abrelivros<\/title>\n<meta name=\"robots\" content=\"index, follow, max-snippet:-1, max-image-preview:large, max-video-preview:-1\" \/>\n<link rel=\"canonical\" href=\"https:\/\/abrelivros.org.br\/site\/participantes-sugerem-medidas-de-incentivo-a-leitura\/\" \/>\n<meta property=\"og:locale\" content=\"pt_BR\" \/>\n<meta property=\"og:type\" content=\"article\" \/>\n<meta property=\"og:title\" content=\"Participantes sugerem medidas de incentivo \u00e0 leitura &raquo; Abrelivros\" \/>\n<meta property=\"og:description\" content=\"Participantes do I Semin\u00e1rio de Incentivo \u00e0 Leitura no Brasil reconheceram que n\u00e3o \u00e9 s\u00f3 a falta de recursos que impede o crescimento do n\u00famero de leitores no Pa\u00eds. A quase aus\u00eancia do h\u00e1bito de ler livros no Brasil \u00e9 um dado hist\u00f3rico e remonta aos tempos do Brasil Col\u00f4nia. Segundo o jornalista Laurentino Gomes, [&hellip;]\" \/>\n<meta property=\"og:url\" content=\"https:\/\/abrelivros.org.br\/site\/participantes-sugerem-medidas-de-incentivo-a-leitura\/\" \/>\n<meta property=\"og:site_name\" content=\"Abrelivros\" \/>\n<meta property=\"article:published_time\" content=\"2008-10-30T18:37:00+00:00\" \/>\n<meta name=\"twitter:card\" content=\"summary_large_image\" \/>\n<script type=\"application\/ld+json\" class=\"yoast-schema-graph\">{\"@context\":\"https:\/\/schema.org\",\"@graph\":[{\"@type\":\"WebSite\",\"@id\":\"https:\/\/abrelivros.org.br\/site\/#website\",\"url\":\"https:\/\/abrelivros.org.br\/site\/\",\"name\":\"Abrelivros\",\"description\":\"\",\"potentialAction\":[{\"@type\":\"SearchAction\",\"target\":\"https:\/\/abrelivros.org.br\/site\/?s={search_term_string}\",\"query-input\":\"required name=search_term_string\"}],\"inLanguage\":\"pt-BR\"},{\"@type\":\"WebPage\",\"@id\":\"https:\/\/abrelivros.org.br\/site\/participantes-sugerem-medidas-de-incentivo-a-leitura\/#webpage\",\"url\":\"https:\/\/abrelivros.org.br\/site\/participantes-sugerem-medidas-de-incentivo-a-leitura\/\",\"name\":\"Participantes sugerem medidas de incentivo \\u00e0 leitura &raquo; Abrelivros\",\"isPartOf\":{\"@id\":\"https:\/\/abrelivros.org.br\/site\/#website\"},\"datePublished\":\"2008-10-30T18:37:00+00:00\",\"dateModified\":\"2008-10-30T18:37:00+00:00\",\"author\":{\"@id\":\"https:\/\/abrelivros.org.br\/site\/#\/schema\/person\/2b867f13a717bb230f1a3555505f5593\"},\"breadcrumb\":{\"@id\":\"https:\/\/abrelivros.org.br\/site\/participantes-sugerem-medidas-de-incentivo-a-leitura\/#breadcrumb\"},\"inLanguage\":\"pt-BR\",\"potentialAction\":[{\"@type\":\"ReadAction\",\"target\":[\"https:\/\/abrelivros.org.br\/site\/participantes-sugerem-medidas-de-incentivo-a-leitura\/\"]}]},{\"@type\":\"BreadcrumbList\",\"@id\":\"https:\/\/abrelivros.org.br\/site\/participantes-sugerem-medidas-de-incentivo-a-leitura\/#breadcrumb\",\"itemListElement\":[{\"@type\":\"ListItem\",\"position\":1,\"item\":{\"@type\":\"WebPage\",\"@id\":\"https:\/\/abrelivros.org.br\/site\/\",\"url\":\"https:\/\/abrelivros.org.br\/site\/\",\"name\":\"In\\u00edcio\"}},{\"@type\":\"ListItem\",\"position\":2,\"item\":{\"@type\":\"WebPage\",\"@id\":\"https:\/\/abrelivros.org.br\/site\/category\/noticias\/\",\"url\":\"https:\/\/abrelivros.org.br\/site\/category\/noticias\/\",\"name\":\"Not\\u00edcias\"}},{\"@type\":\"ListItem\",\"position\":3,\"item\":{\"@type\":\"WebPage\",\"@id\":\"https:\/\/abrelivros.org.br\/site\/category\/noticias\/noticias-da-imprensa\/\",\"url\":\"https:\/\/abrelivros.org.br\/site\/category\/noticias\/noticias-da-imprensa\/\",\"name\":\"Not\\u00edcias da imprensa\"}},{\"@type\":\"ListItem\",\"position\":4,\"item\":{\"@type\":\"WebPage\",\"@id\":\"https:\/\/abrelivros.org.br\/site\/participantes-sugerem-medidas-de-incentivo-a-leitura\/\",\"url\":\"https:\/\/abrelivros.org.br\/site\/participantes-sugerem-medidas-de-incentivo-a-leitura\/\",\"name\":\"Participantes sugerem medidas de incentivo \\u00e0 leitura\"}}]},{\"@type\":\"Person\",\"@id\":\"https:\/\/abrelivros.org.br\/site\/#\/schema\/person\/2b867f13a717bb230f1a3555505f5593\",\"name\":\"\\u00a0\",\"image\":{\"@type\":\"ImageObject\",\"@id\":\"https:\/\/abrelivros.org.br\/site\/#personlogo\",\"inLanguage\":\"pt-BR\",\"url\":\"https:\/\/secure.gravatar.com\/avatar\/e80b7f5231be2fff5040a8023da424898002831c5439420df182ae62676d2a6f?s=96&d=mm&r=g\",\"caption\":\"\\u00a0\"}}]}<\/script>\n<!-- \/ Yoast SEO plugin. -->","_links":{"self":[{"href":"https:\/\/abrelivros.org.br\/site\/wp-json\/wp\/v2\/posts\/2370","targetHints":{"allow":["GET"]}}],"collection":[{"href":"https:\/\/abrelivros.org.br\/site\/wp-json\/wp\/v2\/posts"}],"about":[{"href":"https:\/\/abrelivros.org.br\/site\/wp-json\/wp\/v2\/types\/post"}],"author":[{"embeddable":true,"href":"https:\/\/abrelivros.org.br\/site\/wp-json\/wp\/v2\/users\/1"}],"replies":[{"embeddable":true,"href":"https:\/\/abrelivros.org.br\/site\/wp-json\/wp\/v2\/comments?post=2370"}],"version-history":[{"count":0,"href":"https:\/\/abrelivros.org.br\/site\/wp-json\/wp\/v2\/posts\/2370\/revisions"}],"wp:attachment":[{"href":"https:\/\/abrelivros.org.br\/site\/wp-json\/wp\/v2\/media?parent=2370"}],"wp:term":[{"taxonomy":"category","embeddable":true,"href":"https:\/\/abrelivros.org.br\/site\/wp-json\/wp\/v2\/categories?post=2370"},{"taxonomy":"post_tag","embeddable":true,"href":"https:\/\/abrelivros.org.br\/site\/wp-json\/wp\/v2\/tags?post=2370"}],"curies":[{"name":"wp","href":"https:\/\/api.w.org\/{rel}","templated":true}]}}