{"id":2369,"date":"2008-10-31T10:36:00","date_gmt":"2008-10-31T12:36:00","guid":{"rendered":"https:\/\/abrelivros.org.br\/site\/2008\/10\/31\/alfabetizacao-de-adultos-tera-livros\/"},"modified":"2008-10-31T10:36:00","modified_gmt":"2008-10-31T12:36:00","slug":"alfabetizacao-de-adultos-tera-livros","status":"publish","type":"post","link":"https:\/\/abrelivros.org.br\/site\/alfabetizacao-de-adultos-tera-livros\/","title":{"rendered":"Alfabetiza\u00e7\u00e3o de adultos ter\u00e1 livros"},"content":{"rendered":"<p>Pela primeira vez, jovens e adultos em processo de alfabetiza\u00e7\u00e3o ser\u00e3o beneficiados com a distribui\u00e7\u00e3o gratuita de livros did\u00e1ticos voltados para esse p\u00fablico. Em volume \u00fanico, contendo as disciplinas l\u00edngua portuguesa e matem\u00e1tica, os t\u00edtulos s\u00e3o dirigidos exclusivamente para esse segmento, que carecia de material did\u00e1tico espec\u00edfico.\u00a0<br \/> \u00a0<br \/> As entidades parceiras do programa Brasil Alfabetizado devem receber os exemplares at\u00e9 o in\u00edcio de dezembro. O Fundo Nacional de Desenvolvimento da Educa\u00e7\u00e3o (FNDE) vai investir R$ 11,8 milh\u00f5es na aquisi\u00e7\u00e3o de 1,7 milh\u00e3o de livros. O pre\u00e7o m\u00e9dio do exemplar ficou em R$ 6,88.\u00a0<br \/> \u00a0<br \/> Os livros s\u00e3o negociados com base no valor do caderno tipogr\u00e1fico (miolo do livro que cont\u00e9m 16 p\u00e1ginas), que teve pre\u00e7o m\u00e9dio de R$ 0,3732. As editoras que fecharam acordo com o FNDE foram: FTD, \u00c1tica, Positivo, Scipione, Escala, Base, Multimeios, Global, Imeph, Aymar\u00e1, Suplegraf, M\u00f3dulo, DCL e Educarte. Conhe\u00e7a os valores negociados e <a href=\"ftp:\/\/ftp.fnde.gov.br\/web\/livro_didatico\/resultado_negociacao_pnla2008.pdf\" target=\"_blank\" rel=\"noopener noreferrer\">maiores detalhes<\/a> da negocia\u00e7\u00e3o no \u00e2mbito do Programa Nacional do Livro Did\u00e1tico para a Alfabetiza\u00e7\u00e3o de Jovens e Adultos (PNLA 2008). \u00a0<br \/> \u00a0<\/p>\n<p><B> MEC vai investir R$ 11,8 milh\u00f5es em livros para educa\u00e7\u00e3o de jovens e adultos<br \/><\/B> Portal UOL Educa\u00e7\u00e3o<\/p>\n<p> O FNDE (Fundo Nacional de Desenvolvimento da Educa\u00e7\u00e3o) vai investir R$ 11,8 milh\u00f5es na aquisi\u00e7\u00e3o de 1,7 milh\u00e3o de livros que ser\u00e3o distribu\u00eddos para as entidades parceiras do programa Brasil Alfabetizado.<\/p>\n<p> Segundo o MEC, esta \u00e9 a primeira vez que jovens e adultos em processo de alfabetiza\u00e7\u00e3o ser\u00e3o beneficiados com a distribui\u00e7\u00e3o gratuita de livros did\u00e1ticos voltados especificamente para eles. Ser\u00e1 um volume \u00fanico, contendo as disciplinas l\u00edngua portuguesa e matem\u00e1tica.<\/p>\n<p> Os livros s\u00e3o negociados com base no valor do caderno tipogr\u00e1fico (miolo do livro que cont\u00e9m 16 p\u00e1ginas), que teve pre\u00e7o m\u00e9dio de R$ 0,3732. Cada exemplar vai custar, em m\u00e9dia, R$ 6,88. As editoras que fecharam acordo com o FNDE foram: FTD, \u00c1tica, Positivo, Scipione, Escala, Base, Multimeios, Global, Imeph, Aymar\u00e1, Suplegraf, M\u00f3dulo, DCL e Educarte. <\/p>\n<p> O MEC disponibiliza os valores negociados e maiores detalhes da negocia\u00e7\u00e3o no \u00e2mbito do PNLA 2008 (Programa Nacional do Livro Did\u00e1tico para a Alfabetiza\u00e7\u00e3o de Jovens e Adultos) na Internet.<\/p>\n<p><a href=\"https:\/\/abrelivros.org.br\/site\/images\/stories\/arquivos\/antigos\/3579.pdf\" target=\"_blank\" rel=\"noopener noreferrer\">Resultado PNLA 2008<\/a><br \/>(Necessita do programa <a href=\"http:\/\/www.adobe.com.br\" target=\"_blank\" rel=\"noopener noreferrer\">Adobe Acrobat Reader<\/a>) <\/p>\n","protected":false},"excerpt":{"rendered":"<p>Pela primeira vez, jovens e adultos em processo de alfabetiza\u00e7\u00e3o ser\u00e3o beneficiados com a distribui\u00e7\u00e3o gratuita de livros did\u00e1ticos voltados para esse p\u00fablico. Em volume \u00fanico, contendo as disciplinas l\u00edngua portuguesa e matem\u00e1tica, os t\u00edtulos s\u00e3o dirigidos exclusivamente para esse segmento, que carecia de material did\u00e1tico espec\u00edfico.\u00a0 \u00a0 As entidades parceiras do programa Brasil Alfabetizado [&hellip;]<\/p>\n","protected":false},"author":1,"featured_media":0,"comment_status":"closed","ping_status":"closed","sticky":false,"template":"","format":"standard","meta":{"footnotes":"","_links_to":"","_links_to_target":""},"categories":[9],"tags":[],"class_list":["post-2369","post","type-post","status-publish","format-standard","hentry","category-noticias-da-imprensa"],"yoast_head":"<!-- This site is optimized with the Yoast SEO plugin v15.1 - https:\/\/yoast.com\/wordpress\/plugins\/seo\/ -->\n<title>Alfabetiza\u00e7\u00e3o de adultos ter\u00e1 livros &raquo; Abrelivros<\/title>\n<meta name=\"robots\" content=\"index, follow, max-snippet:-1, max-image-preview:large, max-video-preview:-1\" \/>\n<link rel=\"canonical\" href=\"https:\/\/abrelivros.org.br\/site\/alfabetizacao-de-adultos-tera-livros\/\" \/>\n<meta property=\"og:locale\" content=\"pt_BR\" \/>\n<meta property=\"og:type\" content=\"article\" \/>\n<meta property=\"og:title\" content=\"Alfabetiza\u00e7\u00e3o de adultos ter\u00e1 livros &raquo; Abrelivros\" \/>\n<meta property=\"og:description\" content=\"Pela primeira vez, jovens e adultos em processo de alfabetiza\u00e7\u00e3o ser\u00e3o beneficiados com a distribui\u00e7\u00e3o gratuita de livros did\u00e1ticos voltados para esse p\u00fablico. Em volume \u00fanico, contendo as disciplinas l\u00edngua portuguesa e matem\u00e1tica, os t\u00edtulos s\u00e3o dirigidos exclusivamente para esse segmento, que carecia de material did\u00e1tico espec\u00edfico.\u00a0 \u00a0 As entidades parceiras do programa Brasil Alfabetizado [&hellip;]\" \/>\n<meta property=\"og:url\" content=\"https:\/\/abrelivros.org.br\/site\/alfabetizacao-de-adultos-tera-livros\/\" \/>\n<meta property=\"og:site_name\" content=\"Abrelivros\" \/>\n<meta property=\"article:published_time\" content=\"2008-10-31T12:36:00+00:00\" \/>\n<meta name=\"twitter:card\" content=\"summary_large_image\" \/>\n<script type=\"application\/ld+json\" class=\"yoast-schema-graph\">{\"@context\":\"https:\/\/schema.org\",\"@graph\":[{\"@type\":\"WebSite\",\"@id\":\"https:\/\/abrelivros.org.br\/site\/#website\",\"url\":\"https:\/\/abrelivros.org.br\/site\/\",\"name\":\"Abrelivros\",\"description\":\"\",\"potentialAction\":[{\"@type\":\"SearchAction\",\"target\":\"https:\/\/abrelivros.org.br\/site\/?s={search_term_string}\",\"query-input\":\"required name=search_term_string\"}],\"inLanguage\":\"pt-BR\"},{\"@type\":\"WebPage\",\"@id\":\"https:\/\/abrelivros.org.br\/site\/alfabetizacao-de-adultos-tera-livros\/#webpage\",\"url\":\"https:\/\/abrelivros.org.br\/site\/alfabetizacao-de-adultos-tera-livros\/\",\"name\":\"Alfabetiza\\u00e7\\u00e3o de adultos ter\\u00e1 livros &raquo; Abrelivros\",\"isPartOf\":{\"@id\":\"https:\/\/abrelivros.org.br\/site\/#website\"},\"datePublished\":\"2008-10-31T12:36:00+00:00\",\"dateModified\":\"2008-10-31T12:36:00+00:00\",\"author\":{\"@id\":\"https:\/\/abrelivros.org.br\/site\/#\/schema\/person\/2b867f13a717bb230f1a3555505f5593\"},\"breadcrumb\":{\"@id\":\"https:\/\/abrelivros.org.br\/site\/alfabetizacao-de-adultos-tera-livros\/#breadcrumb\"},\"inLanguage\":\"pt-BR\",\"potentialAction\":[{\"@type\":\"ReadAction\",\"target\":[\"https:\/\/abrelivros.org.br\/site\/alfabetizacao-de-adultos-tera-livros\/\"]}]},{\"@type\":\"BreadcrumbList\",\"@id\":\"https:\/\/abrelivros.org.br\/site\/alfabetizacao-de-adultos-tera-livros\/#breadcrumb\",\"itemListElement\":[{\"@type\":\"ListItem\",\"position\":1,\"item\":{\"@type\":\"WebPage\",\"@id\":\"https:\/\/abrelivros.org.br\/site\/\",\"url\":\"https:\/\/abrelivros.org.br\/site\/\",\"name\":\"In\\u00edcio\"}},{\"@type\":\"ListItem\",\"position\":2,\"item\":{\"@type\":\"WebPage\",\"@id\":\"https:\/\/abrelivros.org.br\/site\/category\/noticias\/\",\"url\":\"https:\/\/abrelivros.org.br\/site\/category\/noticias\/\",\"name\":\"Not\\u00edcias\"}},{\"@type\":\"ListItem\",\"position\":3,\"item\":{\"@type\":\"WebPage\",\"@id\":\"https:\/\/abrelivros.org.br\/site\/category\/noticias\/noticias-da-imprensa\/\",\"url\":\"https:\/\/abrelivros.org.br\/site\/category\/noticias\/noticias-da-imprensa\/\",\"name\":\"Not\\u00edcias da imprensa\"}},{\"@type\":\"ListItem\",\"position\":4,\"item\":{\"@type\":\"WebPage\",\"@id\":\"https:\/\/abrelivros.org.br\/site\/alfabetizacao-de-adultos-tera-livros\/\",\"url\":\"https:\/\/abrelivros.org.br\/site\/alfabetizacao-de-adultos-tera-livros\/\",\"name\":\"Alfabetiza\\u00e7\\u00e3o de adultos ter\\u00e1 livros\"}}]},{\"@type\":\"Person\",\"@id\":\"https:\/\/abrelivros.org.br\/site\/#\/schema\/person\/2b867f13a717bb230f1a3555505f5593\",\"name\":\"\\u00a0\",\"image\":{\"@type\":\"ImageObject\",\"@id\":\"https:\/\/abrelivros.org.br\/site\/#personlogo\",\"inLanguage\":\"pt-BR\",\"url\":\"https:\/\/secure.gravatar.com\/avatar\/e80b7f5231be2fff5040a8023da424898002831c5439420df182ae62676d2a6f?s=96&d=mm&r=g\",\"caption\":\"\\u00a0\"}}]}<\/script>\n<!-- \/ Yoast SEO plugin. -->","_links":{"self":[{"href":"https:\/\/abrelivros.org.br\/site\/wp-json\/wp\/v2\/posts\/2369","targetHints":{"allow":["GET"]}}],"collection":[{"href":"https:\/\/abrelivros.org.br\/site\/wp-json\/wp\/v2\/posts"}],"about":[{"href":"https:\/\/abrelivros.org.br\/site\/wp-json\/wp\/v2\/types\/post"}],"author":[{"embeddable":true,"href":"https:\/\/abrelivros.org.br\/site\/wp-json\/wp\/v2\/users\/1"}],"replies":[{"embeddable":true,"href":"https:\/\/abrelivros.org.br\/site\/wp-json\/wp\/v2\/comments?post=2369"}],"version-history":[{"count":0,"href":"https:\/\/abrelivros.org.br\/site\/wp-json\/wp\/v2\/posts\/2369\/revisions"}],"wp:attachment":[{"href":"https:\/\/abrelivros.org.br\/site\/wp-json\/wp\/v2\/media?parent=2369"}],"wp:term":[{"taxonomy":"category","embeddable":true,"href":"https:\/\/abrelivros.org.br\/site\/wp-json\/wp\/v2\/categories?post=2369"},{"taxonomy":"post_tag","embeddable":true,"href":"https:\/\/abrelivros.org.br\/site\/wp-json\/wp\/v2\/tags?post=2369"}],"curies":[{"name":"wp","href":"https:\/\/api.w.org\/{rel}","templated":true}]}}