{"id":2367,"date":"2008-11-03T15:19:00","date_gmt":"2008-11-03T17:19:00","guid":{"rendered":"https:\/\/abrelivros.org.br\/site\/2008\/11\/03\/noite-de-gala-da-literatura\/"},"modified":"2008-11-03T15:19:00","modified_gmt":"2008-11-03T17:19:00","slug":"noite-de-gala-da-literatura","status":"publish","type":"post","link":"https:\/\/abrelivros.org.br\/site\/noite-de-gala-da-literatura\/","title":{"rendered":"Noite de gala da literatura"},"content":{"rendered":"<p>A Sala S\u00e3o Paulo recebeu convidados e premiados na noite de sexta-feira, 31\/10, para a festa do Pr\u00eamio Jabuti 2008, que comemorava 50 anos de realiza\u00e7\u00e3o. A cerim\u00f4nia foi simples mas completa. Primeiro os tr\u00eas vencedores de cada categoria foram chamados ao palco para receber seus trof\u00e9us. A intervalos regulares, fazia-se uma pausa nas entregas e o ator e poeta Antonio Calloni lia trechos de obras vencedoras como melhor livro em edi\u00e7\u00f5es anteriores. &nbsp;<br \/> &nbsp;<br \/> Depois dos discursos de Rosely Boschini, presidente da C\u00e2mara Brasieleira do Livro (CBL), que celebrou o meio s\u00e9culo do Pr\u00eamio, e de Jos\u00e9 Luiz Goldfarb, curador do pr\u00eamio, chegou a hora da revela\u00e7\u00e3o dos melhores do ano. O melhor de N\u00e3o-fic\u00e7\u00e3o foi Laurentino Gomes por 1808. \u201cDizem que brasileiro s\u00f3 l\u00ea auto-ajuda. Mas um leitor que s\u00f3 lia auto-ajuda agora est\u00e1 lendo hist\u00f3ria do Brasil!\u201d, comemorou Laurentino. &nbsp;<br \/> &nbsp;<br \/> E a grande surpresa da noite foi o melhor livro de fic\u00e7\u00e3o. O vencedor foi Ign\u00e1cio de Loyola Brand\u00e3o com O menino que vendia palavras &#8211; o pr\u00f3prio Ign\u00e1cio declarou em seu discurso: \u201cEu levei um susto. Tinha certeza de que o pr\u00eamio era do Crist\u00f3v\u00e3o Tezza\u201c. Brand\u00e3o dedicou o pr\u00eamio a suas professoras de prim\u00e1rio, dona Lourdes e dona Rute.  &nbsp;<br \/> &nbsp;<\/p>\n","protected":false},"excerpt":{"rendered":"<p>A Sala S\u00e3o Paulo recebeu convidados e premiados na noite de sexta-feira, 31\/10, para a festa do Pr\u00eamio Jabuti 2008, que comemorava 50 anos de realiza\u00e7\u00e3o. A cerim\u00f4nia foi simples mas completa. Primeiro os tr\u00eas vencedores de cada categoria foram chamados ao palco para receber seus trof\u00e9us. A intervalos regulares, fazia-se uma pausa nas entregas [&hellip;]<\/p>\n","protected":false},"author":1,"featured_media":0,"comment_status":"closed","ping_status":"closed","sticky":false,"template":"","format":"standard","meta":{"footnotes":"","_links_to":"","_links_to_target":""},"categories":[9],"tags":[],"class_list":["post-2367","post","type-post","status-publish","format-standard","hentry","category-noticias-da-imprensa"],"yoast_head":"<!-- This site is optimized with the Yoast SEO plugin v15.1 - https:\/\/yoast.com\/wordpress\/plugins\/seo\/ -->\n<title>Noite de gala da literatura &raquo; Abrelivros<\/title>\n<meta name=\"robots\" content=\"index, follow, max-snippet:-1, max-image-preview:large, max-video-preview:-1\" \/>\n<link rel=\"canonical\" href=\"https:\/\/abrelivros.org.br\/site\/noite-de-gala-da-literatura\/\" \/>\n<meta property=\"og:locale\" content=\"pt_BR\" \/>\n<meta property=\"og:type\" content=\"article\" \/>\n<meta property=\"og:title\" content=\"Noite de gala da literatura &raquo; Abrelivros\" \/>\n<meta property=\"og:description\" content=\"A Sala S\u00e3o Paulo recebeu convidados e premiados na noite de sexta-feira, 31\/10, para a festa do Pr\u00eamio Jabuti 2008, que comemorava 50 anos de realiza\u00e7\u00e3o. A cerim\u00f4nia foi simples mas completa. Primeiro os tr\u00eas vencedores de cada categoria foram chamados ao palco para receber seus trof\u00e9us. A intervalos regulares, fazia-se uma pausa nas entregas [&hellip;]\" \/>\n<meta property=\"og:url\" content=\"https:\/\/abrelivros.org.br\/site\/noite-de-gala-da-literatura\/\" \/>\n<meta property=\"og:site_name\" content=\"Abrelivros\" \/>\n<meta property=\"article:published_time\" content=\"2008-11-03T17:19:00+00:00\" \/>\n<meta name=\"twitter:card\" content=\"summary_large_image\" \/>\n<script type=\"application\/ld+json\" class=\"yoast-schema-graph\">{\"@context\":\"https:\/\/schema.org\",\"@graph\":[{\"@type\":\"WebSite\",\"@id\":\"https:\/\/abrelivros.org.br\/site\/#website\",\"url\":\"https:\/\/abrelivros.org.br\/site\/\",\"name\":\"Abrelivros\",\"description\":\"\",\"potentialAction\":[{\"@type\":\"SearchAction\",\"target\":\"https:\/\/abrelivros.org.br\/site\/?s={search_term_string}\",\"query-input\":\"required name=search_term_string\"}],\"inLanguage\":\"pt-BR\"},{\"@type\":\"WebPage\",\"@id\":\"https:\/\/abrelivros.org.br\/site\/noite-de-gala-da-literatura\/#webpage\",\"url\":\"https:\/\/abrelivros.org.br\/site\/noite-de-gala-da-literatura\/\",\"name\":\"Noite de gala da literatura &raquo; Abrelivros\",\"isPartOf\":{\"@id\":\"https:\/\/abrelivros.org.br\/site\/#website\"},\"datePublished\":\"2008-11-03T17:19:00+00:00\",\"dateModified\":\"2008-11-03T17:19:00+00:00\",\"author\":{\"@id\":\"https:\/\/abrelivros.org.br\/site\/#\/schema\/person\/2b867f13a717bb230f1a3555505f5593\"},\"breadcrumb\":{\"@id\":\"https:\/\/abrelivros.org.br\/site\/noite-de-gala-da-literatura\/#breadcrumb\"},\"inLanguage\":\"pt-BR\",\"potentialAction\":[{\"@type\":\"ReadAction\",\"target\":[\"https:\/\/abrelivros.org.br\/site\/noite-de-gala-da-literatura\/\"]}]},{\"@type\":\"BreadcrumbList\",\"@id\":\"https:\/\/abrelivros.org.br\/site\/noite-de-gala-da-literatura\/#breadcrumb\",\"itemListElement\":[{\"@type\":\"ListItem\",\"position\":1,\"item\":{\"@type\":\"WebPage\",\"@id\":\"https:\/\/abrelivros.org.br\/site\/\",\"url\":\"https:\/\/abrelivros.org.br\/site\/\",\"name\":\"In\\u00edcio\"}},{\"@type\":\"ListItem\",\"position\":2,\"item\":{\"@type\":\"WebPage\",\"@id\":\"https:\/\/abrelivros.org.br\/site\/category\/noticias\/\",\"url\":\"https:\/\/abrelivros.org.br\/site\/category\/noticias\/\",\"name\":\"Not\\u00edcias\"}},{\"@type\":\"ListItem\",\"position\":3,\"item\":{\"@type\":\"WebPage\",\"@id\":\"https:\/\/abrelivros.org.br\/site\/category\/noticias\/noticias-da-imprensa\/\",\"url\":\"https:\/\/abrelivros.org.br\/site\/category\/noticias\/noticias-da-imprensa\/\",\"name\":\"Not\\u00edcias da imprensa\"}},{\"@type\":\"ListItem\",\"position\":4,\"item\":{\"@type\":\"WebPage\",\"@id\":\"https:\/\/abrelivros.org.br\/site\/noite-de-gala-da-literatura\/\",\"url\":\"https:\/\/abrelivros.org.br\/site\/noite-de-gala-da-literatura\/\",\"name\":\"Noite de gala da literatura\"}}]},{\"@type\":\"Person\",\"@id\":\"https:\/\/abrelivros.org.br\/site\/#\/schema\/person\/2b867f13a717bb230f1a3555505f5593\",\"name\":\"\\u00a0\",\"image\":{\"@type\":\"ImageObject\",\"@id\":\"https:\/\/abrelivros.org.br\/site\/#personlogo\",\"inLanguage\":\"pt-BR\",\"url\":\"https:\/\/secure.gravatar.com\/avatar\/e80b7f5231be2fff5040a8023da424898002831c5439420df182ae62676d2a6f?s=96&d=mm&r=g\",\"caption\":\"\\u00a0\"}}]}<\/script>\n<!-- \/ Yoast SEO plugin. -->","_links":{"self":[{"href":"https:\/\/abrelivros.org.br\/site\/wp-json\/wp\/v2\/posts\/2367","targetHints":{"allow":["GET"]}}],"collection":[{"href":"https:\/\/abrelivros.org.br\/site\/wp-json\/wp\/v2\/posts"}],"about":[{"href":"https:\/\/abrelivros.org.br\/site\/wp-json\/wp\/v2\/types\/post"}],"author":[{"embeddable":true,"href":"https:\/\/abrelivros.org.br\/site\/wp-json\/wp\/v2\/users\/1"}],"replies":[{"embeddable":true,"href":"https:\/\/abrelivros.org.br\/site\/wp-json\/wp\/v2\/comments?post=2367"}],"version-history":[{"count":0,"href":"https:\/\/abrelivros.org.br\/site\/wp-json\/wp\/v2\/posts\/2367\/revisions"}],"wp:attachment":[{"href":"https:\/\/abrelivros.org.br\/site\/wp-json\/wp\/v2\/media?parent=2367"}],"wp:term":[{"taxonomy":"category","embeddable":true,"href":"https:\/\/abrelivros.org.br\/site\/wp-json\/wp\/v2\/categories?post=2367"},{"taxonomy":"post_tag","embeddable":true,"href":"https:\/\/abrelivros.org.br\/site\/wp-json\/wp\/v2\/tags?post=2367"}],"curies":[{"name":"wp","href":"https:\/\/api.w.org\/{rel}","templated":true}]}}