{"id":2365,"date":"2008-11-03T15:52:00","date_gmt":"2008-11-03T17:52:00","guid":{"rendered":"https:\/\/abrelivros.org.br\/site\/2008\/11\/03\/direitos-e-discussoes\/"},"modified":"2008-11-03T15:52:00","modified_gmt":"2008-11-03T17:52:00","slug":"direitos-e-discussoes","status":"publish","type":"post","link":"https:\/\/abrelivros.org.br\/site\/direitos-e-discussoes\/","title":{"rendered":"Direitos e discuss\u00f5es"},"content":{"rendered":"<p>Na mesma semana em que editores e escritores americanos chegaram a um acordo judicial com o Google \u2014 que se comprometeu a pagar US$ 125 milh\u00f5es pela inclus\u00e3o do texto de livros protegidos por direitos autorais em seu sistema de busca \u2014, o meio liter\u00e1rio brasileiro deu os primeiros sinais de rea\u00e7\u00e3o \u00e0 proposta de reformula\u00e7\u00e3o da Lei de Direitos Autorais conduzida pelo Minist\u00e9rio da Cultura, aponta a coluna No Prelo. &nbsp;<br \/> &nbsp;<br \/> Em S\u00e3o Paulo, um grupo de escritores, professores e editores divulgou um abaixo-assinado (intitulado \u201cCarta de S\u00e3o Paulo pelo acesso a bens culturais\u201d) defendendo, entre outras coisas, a autoriza\u00e7\u00e3o da c\u00f3pia integral de obras culturais, desde que para uso privado sem fins de lucro. A proposta encontra resist\u00eancia no mercado liter\u00e1rio. A discuss\u00e3o continua semana que vem com debates na OAB-RJ.&nbsp;<br \/> &nbsp;<\/p>\n","protected":false},"excerpt":{"rendered":"<p>Na mesma semana em que editores e escritores americanos chegaram a um acordo judicial com o Google \u2014 que se comprometeu a pagar US$ 125 milh\u00f5es pela inclus\u00e3o do texto de livros protegidos por direitos autorais em seu sistema de busca \u2014, o meio liter\u00e1rio brasileiro deu os primeiros sinais de rea\u00e7\u00e3o \u00e0 proposta de [&hellip;]<\/p>\n","protected":false},"author":1,"featured_media":0,"comment_status":"closed","ping_status":"closed","sticky":false,"template":"","format":"standard","meta":{"footnotes":"","_links_to":"","_links_to_target":""},"categories":[9],"tags":[],"class_list":["post-2365","post","type-post","status-publish","format-standard","hentry","category-noticias-da-imprensa"],"yoast_head":"<!-- This site is optimized with the Yoast SEO plugin v15.1 - https:\/\/yoast.com\/wordpress\/plugins\/seo\/ -->\n<title>Direitos e discuss\u00f5es &raquo; Abrelivros<\/title>\n<meta name=\"robots\" content=\"index, follow, max-snippet:-1, max-image-preview:large, max-video-preview:-1\" \/>\n<link rel=\"canonical\" href=\"https:\/\/abrelivros.org.br\/site\/direitos-e-discussoes\/\" \/>\n<meta property=\"og:locale\" content=\"pt_BR\" \/>\n<meta property=\"og:type\" content=\"article\" \/>\n<meta property=\"og:title\" content=\"Direitos e discuss\u00f5es &raquo; Abrelivros\" \/>\n<meta property=\"og:description\" content=\"Na mesma semana em que editores e escritores americanos chegaram a um acordo judicial com o Google \u2014 que se comprometeu a pagar US$ 125 milh\u00f5es pela inclus\u00e3o do texto de livros protegidos por direitos autorais em seu sistema de busca \u2014, o meio liter\u00e1rio brasileiro deu os primeiros sinais de rea\u00e7\u00e3o \u00e0 proposta de [&hellip;]\" \/>\n<meta property=\"og:url\" content=\"https:\/\/abrelivros.org.br\/site\/direitos-e-discussoes\/\" \/>\n<meta property=\"og:site_name\" content=\"Abrelivros\" \/>\n<meta property=\"article:published_time\" content=\"2008-11-03T17:52:00+00:00\" \/>\n<meta name=\"twitter:card\" content=\"summary_large_image\" \/>\n<script type=\"application\/ld+json\" class=\"yoast-schema-graph\">{\"@context\":\"https:\/\/schema.org\",\"@graph\":[{\"@type\":\"WebSite\",\"@id\":\"https:\/\/abrelivros.org.br\/site\/#website\",\"url\":\"https:\/\/abrelivros.org.br\/site\/\",\"name\":\"Abrelivros\",\"description\":\"\",\"potentialAction\":[{\"@type\":\"SearchAction\",\"target\":\"https:\/\/abrelivros.org.br\/site\/?s={search_term_string}\",\"query-input\":\"required name=search_term_string\"}],\"inLanguage\":\"pt-BR\"},{\"@type\":\"WebPage\",\"@id\":\"https:\/\/abrelivros.org.br\/site\/direitos-e-discussoes\/#webpage\",\"url\":\"https:\/\/abrelivros.org.br\/site\/direitos-e-discussoes\/\",\"name\":\"Direitos e discuss\\u00f5es &raquo; Abrelivros\",\"isPartOf\":{\"@id\":\"https:\/\/abrelivros.org.br\/site\/#website\"},\"datePublished\":\"2008-11-03T17:52:00+00:00\",\"dateModified\":\"2008-11-03T17:52:00+00:00\",\"author\":{\"@id\":\"https:\/\/abrelivros.org.br\/site\/#\/schema\/person\/2b867f13a717bb230f1a3555505f5593\"},\"breadcrumb\":{\"@id\":\"https:\/\/abrelivros.org.br\/site\/direitos-e-discussoes\/#breadcrumb\"},\"inLanguage\":\"pt-BR\",\"potentialAction\":[{\"@type\":\"ReadAction\",\"target\":[\"https:\/\/abrelivros.org.br\/site\/direitos-e-discussoes\/\"]}]},{\"@type\":\"BreadcrumbList\",\"@id\":\"https:\/\/abrelivros.org.br\/site\/direitos-e-discussoes\/#breadcrumb\",\"itemListElement\":[{\"@type\":\"ListItem\",\"position\":1,\"item\":{\"@type\":\"WebPage\",\"@id\":\"https:\/\/abrelivros.org.br\/site\/\",\"url\":\"https:\/\/abrelivros.org.br\/site\/\",\"name\":\"In\\u00edcio\"}},{\"@type\":\"ListItem\",\"position\":2,\"item\":{\"@type\":\"WebPage\",\"@id\":\"https:\/\/abrelivros.org.br\/site\/category\/noticias\/\",\"url\":\"https:\/\/abrelivros.org.br\/site\/category\/noticias\/\",\"name\":\"Not\\u00edcias\"}},{\"@type\":\"ListItem\",\"position\":3,\"item\":{\"@type\":\"WebPage\",\"@id\":\"https:\/\/abrelivros.org.br\/site\/category\/noticias\/noticias-da-imprensa\/\",\"url\":\"https:\/\/abrelivros.org.br\/site\/category\/noticias\/noticias-da-imprensa\/\",\"name\":\"Not\\u00edcias da imprensa\"}},{\"@type\":\"ListItem\",\"position\":4,\"item\":{\"@type\":\"WebPage\",\"@id\":\"https:\/\/abrelivros.org.br\/site\/direitos-e-discussoes\/\",\"url\":\"https:\/\/abrelivros.org.br\/site\/direitos-e-discussoes\/\",\"name\":\"Direitos e discuss\\u00f5es\"}}]},{\"@type\":\"Person\",\"@id\":\"https:\/\/abrelivros.org.br\/site\/#\/schema\/person\/2b867f13a717bb230f1a3555505f5593\",\"name\":\"\\u00a0\",\"image\":{\"@type\":\"ImageObject\",\"@id\":\"https:\/\/abrelivros.org.br\/site\/#personlogo\",\"inLanguage\":\"pt-BR\",\"url\":\"https:\/\/secure.gravatar.com\/avatar\/e80b7f5231be2fff5040a8023da424898002831c5439420df182ae62676d2a6f?s=96&d=mm&r=g\",\"caption\":\"\\u00a0\"}}]}<\/script>\n<!-- \/ Yoast SEO plugin. -->","_links":{"self":[{"href":"https:\/\/abrelivros.org.br\/site\/wp-json\/wp\/v2\/posts\/2365","targetHints":{"allow":["GET"]}}],"collection":[{"href":"https:\/\/abrelivros.org.br\/site\/wp-json\/wp\/v2\/posts"}],"about":[{"href":"https:\/\/abrelivros.org.br\/site\/wp-json\/wp\/v2\/types\/post"}],"author":[{"embeddable":true,"href":"https:\/\/abrelivros.org.br\/site\/wp-json\/wp\/v2\/users\/1"}],"replies":[{"embeddable":true,"href":"https:\/\/abrelivros.org.br\/site\/wp-json\/wp\/v2\/comments?post=2365"}],"version-history":[{"count":0,"href":"https:\/\/abrelivros.org.br\/site\/wp-json\/wp\/v2\/posts\/2365\/revisions"}],"wp:attachment":[{"href":"https:\/\/abrelivros.org.br\/site\/wp-json\/wp\/v2\/media?parent=2365"}],"wp:term":[{"taxonomy":"category","embeddable":true,"href":"https:\/\/abrelivros.org.br\/site\/wp-json\/wp\/v2\/categories?post=2365"},{"taxonomy":"post_tag","embeddable":true,"href":"https:\/\/abrelivros.org.br\/site\/wp-json\/wp\/v2\/tags?post=2365"}],"curies":[{"name":"wp","href":"https:\/\/api.w.org\/{rel}","templated":true}]}}