{"id":2364,"date":"2008-11-04T16:30:00","date_gmt":"2008-11-04T18:30:00","guid":{"rendered":"https:\/\/abrelivros.org.br\/site\/2008\/11\/04\/biblioteca-nacional-anuncia-compra-de-800-mil-livros-na-semana-que-completa-198-anos\/"},"modified":"2008-11-04T16:30:00","modified_gmt":"2008-11-04T18:30:00","slug":"biblioteca-nacional-anuncia-compra-de-800-mil-livros-na-semana-que-completa-198-anos","status":"publish","type":"post","link":"https:\/\/abrelivros.org.br\/site\/biblioteca-nacional-anuncia-compra-de-800-mil-livros-na-semana-que-completa-198-anos\/","title":{"rendered":"Biblioteca Nacional anuncia compra de 800 mil livros na semana que completa 198 anos"},"content":{"rendered":"<p> A  <a href=\"http:\/\/www.bn.br\/portal\/\" target=\"_blank\" rel=\"noopener noreferrer\">Biblioteca Nacional<\/a> anunciou a compra de 800 mil t\u00edtulos que ser\u00e3o distribu\u00eddos para 410 bibliotecas municipais e 600 pontos de leitura em todo o pa\u00eds no primeiro semestre de 2009. O edital de licita\u00e7\u00e3o ser\u00e1 divulgado em novembro. Cada biblioteca receber\u00e1 mil livros e os pontos de leitura, 600, sendo 30% direcionados ao p\u00fablico infantil e juvenil, faixa et\u00e1ria predominante dos munic\u00edpios inscritos no projeto \u201cTerrit\u00f3rio da Cidadania\u201d.\u00a0<br \/> \u00a0<\/p>\n","protected":false},"excerpt":{"rendered":"<p>A Biblioteca Nacional anunciou a compra de 800 mil t\u00edtulos que ser\u00e3o distribu\u00eddos para 410 bibliotecas municipais e 600 pontos de leitura em todo o pa\u00eds no primeiro semestre de 2009. O edital de licita\u00e7\u00e3o ser\u00e1 divulgado em novembro. Cada biblioteca receber\u00e1 mil livros e os pontos de leitura, 600, sendo 30% direcionados ao p\u00fablico [&hellip;]<\/p>\n","protected":false},"author":1,"featured_media":0,"comment_status":"closed","ping_status":"closed","sticky":false,"template":"","format":"standard","meta":{"footnotes":"","_links_to":"","_links_to_target":""},"categories":[9],"tags":[],"class_list":["post-2364","post","type-post","status-publish","format-standard","hentry","category-noticias-da-imprensa"],"yoast_head":"<!-- This site is optimized with the Yoast SEO plugin v15.1 - https:\/\/yoast.com\/wordpress\/plugins\/seo\/ -->\n<title>Biblioteca Nacional anuncia compra de 800 mil livros na semana que completa 198 anos &raquo; Abrelivros<\/title>\n<meta name=\"robots\" content=\"index, follow, max-snippet:-1, max-image-preview:large, max-video-preview:-1\" \/>\n<link rel=\"canonical\" href=\"https:\/\/abrelivros.org.br\/site\/biblioteca-nacional-anuncia-compra-de-800-mil-livros-na-semana-que-completa-198-anos\/\" \/>\n<meta property=\"og:locale\" content=\"pt_BR\" \/>\n<meta property=\"og:type\" content=\"article\" \/>\n<meta property=\"og:title\" content=\"Biblioteca Nacional anuncia compra de 800 mil livros na semana que completa 198 anos &raquo; Abrelivros\" \/>\n<meta property=\"og:description\" content=\"A Biblioteca Nacional anunciou a compra de 800 mil t\u00edtulos que ser\u00e3o distribu\u00eddos para 410 bibliotecas municipais e 600 pontos de leitura em todo o pa\u00eds no primeiro semestre de 2009. O edital de licita\u00e7\u00e3o ser\u00e1 divulgado em novembro. Cada biblioteca receber\u00e1 mil livros e os pontos de leitura, 600, sendo 30% direcionados ao p\u00fablico [&hellip;]\" \/>\n<meta property=\"og:url\" content=\"https:\/\/abrelivros.org.br\/site\/biblioteca-nacional-anuncia-compra-de-800-mil-livros-na-semana-que-completa-198-anos\/\" \/>\n<meta property=\"og:site_name\" content=\"Abrelivros\" \/>\n<meta property=\"article:published_time\" content=\"2008-11-04T18:30:00+00:00\" \/>\n<meta name=\"twitter:card\" content=\"summary_large_image\" \/>\n<script type=\"application\/ld+json\" class=\"yoast-schema-graph\">{\"@context\":\"https:\/\/schema.org\",\"@graph\":[{\"@type\":\"WebSite\",\"@id\":\"https:\/\/abrelivros.org.br\/site\/#website\",\"url\":\"https:\/\/abrelivros.org.br\/site\/\",\"name\":\"Abrelivros\",\"description\":\"\",\"potentialAction\":[{\"@type\":\"SearchAction\",\"target\":\"https:\/\/abrelivros.org.br\/site\/?s={search_term_string}\",\"query-input\":\"required name=search_term_string\"}],\"inLanguage\":\"pt-BR\"},{\"@type\":\"WebPage\",\"@id\":\"https:\/\/abrelivros.org.br\/site\/biblioteca-nacional-anuncia-compra-de-800-mil-livros-na-semana-que-completa-198-anos\/#webpage\",\"url\":\"https:\/\/abrelivros.org.br\/site\/biblioteca-nacional-anuncia-compra-de-800-mil-livros-na-semana-que-completa-198-anos\/\",\"name\":\"Biblioteca Nacional anuncia compra de 800 mil livros na semana que completa 198 anos &raquo; Abrelivros\",\"isPartOf\":{\"@id\":\"https:\/\/abrelivros.org.br\/site\/#website\"},\"datePublished\":\"2008-11-04T18:30:00+00:00\",\"dateModified\":\"2008-11-04T18:30:00+00:00\",\"author\":{\"@id\":\"https:\/\/abrelivros.org.br\/site\/#\/schema\/person\/2b867f13a717bb230f1a3555505f5593\"},\"breadcrumb\":{\"@id\":\"https:\/\/abrelivros.org.br\/site\/biblioteca-nacional-anuncia-compra-de-800-mil-livros-na-semana-que-completa-198-anos\/#breadcrumb\"},\"inLanguage\":\"pt-BR\",\"potentialAction\":[{\"@type\":\"ReadAction\",\"target\":[\"https:\/\/abrelivros.org.br\/site\/biblioteca-nacional-anuncia-compra-de-800-mil-livros-na-semana-que-completa-198-anos\/\"]}]},{\"@type\":\"BreadcrumbList\",\"@id\":\"https:\/\/abrelivros.org.br\/site\/biblioteca-nacional-anuncia-compra-de-800-mil-livros-na-semana-que-completa-198-anos\/#breadcrumb\",\"itemListElement\":[{\"@type\":\"ListItem\",\"position\":1,\"item\":{\"@type\":\"WebPage\",\"@id\":\"https:\/\/abrelivros.org.br\/site\/\",\"url\":\"https:\/\/abrelivros.org.br\/site\/\",\"name\":\"In\\u00edcio\"}},{\"@type\":\"ListItem\",\"position\":2,\"item\":{\"@type\":\"WebPage\",\"@id\":\"https:\/\/abrelivros.org.br\/site\/category\/noticias\/\",\"url\":\"https:\/\/abrelivros.org.br\/site\/category\/noticias\/\",\"name\":\"Not\\u00edcias\"}},{\"@type\":\"ListItem\",\"position\":3,\"item\":{\"@type\":\"WebPage\",\"@id\":\"https:\/\/abrelivros.org.br\/site\/category\/noticias\/noticias-da-imprensa\/\",\"url\":\"https:\/\/abrelivros.org.br\/site\/category\/noticias\/noticias-da-imprensa\/\",\"name\":\"Not\\u00edcias da imprensa\"}},{\"@type\":\"ListItem\",\"position\":4,\"item\":{\"@type\":\"WebPage\",\"@id\":\"https:\/\/abrelivros.org.br\/site\/biblioteca-nacional-anuncia-compra-de-800-mil-livros-na-semana-que-completa-198-anos\/\",\"url\":\"https:\/\/abrelivros.org.br\/site\/biblioteca-nacional-anuncia-compra-de-800-mil-livros-na-semana-que-completa-198-anos\/\",\"name\":\"Biblioteca Nacional anuncia compra de 800 mil livros na semana que completa 198 anos\"}}]},{\"@type\":\"Person\",\"@id\":\"https:\/\/abrelivros.org.br\/site\/#\/schema\/person\/2b867f13a717bb230f1a3555505f5593\",\"name\":\"\\u00a0\",\"image\":{\"@type\":\"ImageObject\",\"@id\":\"https:\/\/abrelivros.org.br\/site\/#personlogo\",\"inLanguage\":\"pt-BR\",\"url\":\"https:\/\/secure.gravatar.com\/avatar\/e80b7f5231be2fff5040a8023da424898002831c5439420df182ae62676d2a6f?s=96&d=mm&r=g\",\"caption\":\"\\u00a0\"}}]}<\/script>\n<!-- \/ Yoast SEO plugin. -->","_links":{"self":[{"href":"https:\/\/abrelivros.org.br\/site\/wp-json\/wp\/v2\/posts\/2364","targetHints":{"allow":["GET"]}}],"collection":[{"href":"https:\/\/abrelivros.org.br\/site\/wp-json\/wp\/v2\/posts"}],"about":[{"href":"https:\/\/abrelivros.org.br\/site\/wp-json\/wp\/v2\/types\/post"}],"author":[{"embeddable":true,"href":"https:\/\/abrelivros.org.br\/site\/wp-json\/wp\/v2\/users\/1"}],"replies":[{"embeddable":true,"href":"https:\/\/abrelivros.org.br\/site\/wp-json\/wp\/v2\/comments?post=2364"}],"version-history":[{"count":0,"href":"https:\/\/abrelivros.org.br\/site\/wp-json\/wp\/v2\/posts\/2364\/revisions"}],"wp:attachment":[{"href":"https:\/\/abrelivros.org.br\/site\/wp-json\/wp\/v2\/media?parent=2364"}],"wp:term":[{"taxonomy":"category","embeddable":true,"href":"https:\/\/abrelivros.org.br\/site\/wp-json\/wp\/v2\/categories?post=2364"},{"taxonomy":"post_tag","embeddable":true,"href":"https:\/\/abrelivros.org.br\/site\/wp-json\/wp\/v2\/tags?post=2364"}],"curies":[{"name":"wp","href":"https:\/\/api.w.org\/{rel}","templated":true}]}}