{"id":2363,"date":"2008-11-04T16:33:00","date_gmt":"2008-11-04T18:33:00","guid":{"rendered":"https:\/\/abrelivros.org.br\/site\/2008\/11\/04\/cautela-no-ideb\/"},"modified":"2008-11-04T16:33:00","modified_gmt":"2008-11-04T18:33:00","slug":"cautela-no-ideb","status":"publish","type":"post","link":"https:\/\/abrelivros.org.br\/site\/cautela-no-ideb\/","title":{"rendered":"Cautela no Ideb"},"content":{"rendered":"<p>DIVULGADOS em junho passado, os dados do Ideb (\u00cdndice de Desenvolvimento da Educa\u00e7\u00e3o B\u00e1sica) referentes a 2007 apontaram aumento nas m\u00e9dias dos alunos e a diminui\u00e7\u00e3o da reprova\u00e7\u00e3o. \u00a0<br \/> \u00a0<br \/> Os indicadores de qualidade da educa\u00e7\u00e3o melhoraram, chegando a atingir metas esperadas apenas para 2009. Desde ent\u00e3o, o exame detido dos n\u00fameros renova a necessidade de cautela. \u00c9 o que se confirma com a not\u00edcia, publicada nesta Folha, de que 674 munic\u00edpios (16% dos avaliados) elevaram seus \u00edndices apenas com o aumento nas aprova\u00e7\u00f5es -sem que seus alunos tivessem melhorado seu desempenho nos testes de portugu\u00eas e matem\u00e1tica. \u00a0<br \/> \u00a0<br \/> A informa\u00e7\u00e3o levanta a hip\u00f3tese da produ\u00e7\u00e3o artificial de resultados. O programa federal, por vincular repasse de verba aos resultados do Ideb, favorece esse tipo de distor\u00e7\u00e3o. \u00a0<br \/> \u00a0<br \/> Al\u00e9m disso, algumas cidades podem estar aplicando de boa-f\u00e9 a chamada progress\u00e3o autom\u00e1tica, como forma de evitar altos \u00edndices de reten\u00e7\u00e3o e seus efeitos nocivos, como a  evas\u00e3o. Nenhuma das duas possibilidades desautoriza, no entanto, o projeto federal. \u00a0<br \/> \u00a0<br \/> A implanta\u00e7\u00e3o do Ideb \u00e9 recente, e a s\u00e9rie hist\u00f3rica, muito curta. Para evitar manipula\u00e7\u00f5es, o \u00edndice combina as notas da Prova Brasil (exames de matem\u00e1tica e portugu\u00eas) com as taxas de aprova\u00e7\u00e3o. Munic\u00edpios que porventura se beneficiaram de artif\u00edcios ser\u00e3o naturalmente punidos nas pr\u00f3ximas rodadas de avalia\u00e7\u00e3o, pois ter\u00e3o promovido alunos incapazes de demonstrar os conhecimentos exigidos nos testes. \u00a0<br \/>  \u00a0<\/p>\n","protected":false},"excerpt":{"rendered":"<p>DIVULGADOS em junho passado, os dados do Ideb (\u00cdndice de Desenvolvimento da Educa\u00e7\u00e3o B\u00e1sica) referentes a 2007 apontaram aumento nas m\u00e9dias dos alunos e a diminui\u00e7\u00e3o da reprova\u00e7\u00e3o. \u00a0 \u00a0 Os indicadores de qualidade da educa\u00e7\u00e3o melhoraram, chegando a atingir metas esperadas apenas para 2009. Desde ent\u00e3o, o exame detido dos n\u00fameros renova a necessidade [&hellip;]<\/p>\n","protected":false},"author":1,"featured_media":0,"comment_status":"closed","ping_status":"closed","sticky":false,"template":"","format":"standard","meta":{"footnotes":"","_links_to":"","_links_to_target":""},"categories":[9],"tags":[],"class_list":["post-2363","post","type-post","status-publish","format-standard","hentry","category-noticias-da-imprensa"],"yoast_head":"<!-- This site is optimized with the Yoast SEO plugin v15.1 - https:\/\/yoast.com\/wordpress\/plugins\/seo\/ -->\n<title>Cautela no Ideb &raquo; Abrelivros<\/title>\n<meta name=\"robots\" content=\"index, follow, max-snippet:-1, max-image-preview:large, max-video-preview:-1\" \/>\n<link rel=\"canonical\" href=\"https:\/\/abrelivros.org.br\/site\/cautela-no-ideb\/\" \/>\n<meta property=\"og:locale\" content=\"pt_BR\" \/>\n<meta property=\"og:type\" content=\"article\" \/>\n<meta property=\"og:title\" content=\"Cautela no Ideb &raquo; Abrelivros\" \/>\n<meta property=\"og:description\" content=\"DIVULGADOS em junho passado, os dados do Ideb (\u00cdndice de Desenvolvimento da Educa\u00e7\u00e3o B\u00e1sica) referentes a 2007 apontaram aumento nas m\u00e9dias dos alunos e a diminui\u00e7\u00e3o da reprova\u00e7\u00e3o. \u00a0 \u00a0 Os indicadores de qualidade da educa\u00e7\u00e3o melhoraram, chegando a atingir metas esperadas apenas para 2009. Desde ent\u00e3o, o exame detido dos n\u00fameros renova a necessidade [&hellip;]\" \/>\n<meta property=\"og:url\" content=\"https:\/\/abrelivros.org.br\/site\/cautela-no-ideb\/\" \/>\n<meta property=\"og:site_name\" content=\"Abrelivros\" \/>\n<meta property=\"article:published_time\" content=\"2008-11-04T18:33:00+00:00\" \/>\n<meta name=\"twitter:card\" content=\"summary_large_image\" \/>\n<script type=\"application\/ld+json\" class=\"yoast-schema-graph\">{\"@context\":\"https:\/\/schema.org\",\"@graph\":[{\"@type\":\"WebSite\",\"@id\":\"https:\/\/abrelivros.org.br\/site\/#website\",\"url\":\"https:\/\/abrelivros.org.br\/site\/\",\"name\":\"Abrelivros\",\"description\":\"\",\"potentialAction\":[{\"@type\":\"SearchAction\",\"target\":\"https:\/\/abrelivros.org.br\/site\/?s={search_term_string}\",\"query-input\":\"required name=search_term_string\"}],\"inLanguage\":\"pt-BR\"},{\"@type\":\"WebPage\",\"@id\":\"https:\/\/abrelivros.org.br\/site\/cautela-no-ideb\/#webpage\",\"url\":\"https:\/\/abrelivros.org.br\/site\/cautela-no-ideb\/\",\"name\":\"Cautela no Ideb &raquo; Abrelivros\",\"isPartOf\":{\"@id\":\"https:\/\/abrelivros.org.br\/site\/#website\"},\"datePublished\":\"2008-11-04T18:33:00+00:00\",\"dateModified\":\"2008-11-04T18:33:00+00:00\",\"author\":{\"@id\":\"https:\/\/abrelivros.org.br\/site\/#\/schema\/person\/2b867f13a717bb230f1a3555505f5593\"},\"breadcrumb\":{\"@id\":\"https:\/\/abrelivros.org.br\/site\/cautela-no-ideb\/#breadcrumb\"},\"inLanguage\":\"pt-BR\",\"potentialAction\":[{\"@type\":\"ReadAction\",\"target\":[\"https:\/\/abrelivros.org.br\/site\/cautela-no-ideb\/\"]}]},{\"@type\":\"BreadcrumbList\",\"@id\":\"https:\/\/abrelivros.org.br\/site\/cautela-no-ideb\/#breadcrumb\",\"itemListElement\":[{\"@type\":\"ListItem\",\"position\":1,\"item\":{\"@type\":\"WebPage\",\"@id\":\"https:\/\/abrelivros.org.br\/site\/\",\"url\":\"https:\/\/abrelivros.org.br\/site\/\",\"name\":\"In\\u00edcio\"}},{\"@type\":\"ListItem\",\"position\":2,\"item\":{\"@type\":\"WebPage\",\"@id\":\"https:\/\/abrelivros.org.br\/site\/category\/noticias\/\",\"url\":\"https:\/\/abrelivros.org.br\/site\/category\/noticias\/\",\"name\":\"Not\\u00edcias\"}},{\"@type\":\"ListItem\",\"position\":3,\"item\":{\"@type\":\"WebPage\",\"@id\":\"https:\/\/abrelivros.org.br\/site\/category\/noticias\/noticias-da-imprensa\/\",\"url\":\"https:\/\/abrelivros.org.br\/site\/category\/noticias\/noticias-da-imprensa\/\",\"name\":\"Not\\u00edcias da imprensa\"}},{\"@type\":\"ListItem\",\"position\":4,\"item\":{\"@type\":\"WebPage\",\"@id\":\"https:\/\/abrelivros.org.br\/site\/cautela-no-ideb\/\",\"url\":\"https:\/\/abrelivros.org.br\/site\/cautela-no-ideb\/\",\"name\":\"Cautela no Ideb\"}}]},{\"@type\":\"Person\",\"@id\":\"https:\/\/abrelivros.org.br\/site\/#\/schema\/person\/2b867f13a717bb230f1a3555505f5593\",\"name\":\"\\u00a0\",\"image\":{\"@type\":\"ImageObject\",\"@id\":\"https:\/\/abrelivros.org.br\/site\/#personlogo\",\"inLanguage\":\"pt-BR\",\"url\":\"https:\/\/secure.gravatar.com\/avatar\/e80b7f5231be2fff5040a8023da424898002831c5439420df182ae62676d2a6f?s=96&d=mm&r=g\",\"caption\":\"\\u00a0\"}}]}<\/script>\n<!-- \/ Yoast SEO plugin. -->","_links":{"self":[{"href":"https:\/\/abrelivros.org.br\/site\/wp-json\/wp\/v2\/posts\/2363","targetHints":{"allow":["GET"]}}],"collection":[{"href":"https:\/\/abrelivros.org.br\/site\/wp-json\/wp\/v2\/posts"}],"about":[{"href":"https:\/\/abrelivros.org.br\/site\/wp-json\/wp\/v2\/types\/post"}],"author":[{"embeddable":true,"href":"https:\/\/abrelivros.org.br\/site\/wp-json\/wp\/v2\/users\/1"}],"replies":[{"embeddable":true,"href":"https:\/\/abrelivros.org.br\/site\/wp-json\/wp\/v2\/comments?post=2363"}],"version-history":[{"count":0,"href":"https:\/\/abrelivros.org.br\/site\/wp-json\/wp\/v2\/posts\/2363\/revisions"}],"wp:attachment":[{"href":"https:\/\/abrelivros.org.br\/site\/wp-json\/wp\/v2\/media?parent=2363"}],"wp:term":[{"taxonomy":"category","embeddable":true,"href":"https:\/\/abrelivros.org.br\/site\/wp-json\/wp\/v2\/categories?post=2363"},{"taxonomy":"post_tag","embeddable":true,"href":"https:\/\/abrelivros.org.br\/site\/wp-json\/wp\/v2\/tags?post=2363"}],"curies":[{"name":"wp","href":"https:\/\/api.w.org\/{rel}","templated":true}]}}