{"id":2360,"date":"2008-11-04T16:43:00","date_gmt":"2008-11-04T18:43:00","guid":{"rendered":"https:\/\/abrelivros.org.br\/site\/2008\/11\/04\/educacao-e-antidoto-para-a-crise\/"},"modified":"2008-11-04T16:43:00","modified_gmt":"2008-11-04T18:43:00","slug":"educacao-e-antidoto-para-a-crise","status":"publish","type":"post","link":"https:\/\/abrelivros.org.br\/site\/educacao-e-antidoto-para-a-crise\/","title":{"rendered":"Educa\u00e7\u00e3o \u00e9 ant\u00eddoto para a crise"},"content":{"rendered":"<p>Ao abrir nesta ter\u00e7a-feira, 4, em Montevid\u00e9u, a 3\u00aa Sess\u00e3o Especial do Parlamento do Mercosul, o ministro da Educa\u00e7\u00e3o, Fernando Haddad, convidado especial, conclamou os pa\u00edses do bloco comercial sul-americano a enfrentar a crise econ\u00f4mica que se avizinha com mais investimentos na \u00e1rea da educa\u00e7\u00e3o. \u201cO continente tem um d\u00e9ficit educacional bastante expressivo. No Brasil, ele ainda \u00e9 mais acentuado\u201d, disse. \u201cCada ano de escolaridade no Brasil e no Mercosul tem um impacto muito elevado na renda do educando. Trata-se de um investimento que pode e deve continuar sendo feito.\u201d\u00a0<br \/> \u00a0<br \/> O ministro Haddad lembrou ainda que o Brasil atrasou sua agenda da educa\u00e7\u00e3o de maneira bastante significativa. S\u00f3 depois da Constituinte de 1988, segundo ele, teve in\u00edcio um processo de transforma\u00e7\u00e3o, que agora vem se acentuando. \u201cAntes, em pouqu\u00edssimos momentos da hist\u00f3ria nacional, mesmo em fases de elevado crescimento econ\u00f4mico, isso se reverteu em investimentos importantes na \u00e1rea da educa\u00e7\u00e3o.\u201d\u00a0<br \/> \u00a0<br \/>  \u00a0<br \/> \u00a0<br \/><B> Continente em d\u00edvida com a educa\u00e7\u00e3o<br \/><\/B> Portal MEC &#8211; Assessoria de Comunica\u00e7\u00e3o Social\u00a0<br \/> \u00a0<br \/> O ministro da Educa\u00e7\u00e3o, Fernando Haddad, disse nesta ter\u00e7a-feira, 4, em Montevid\u00e9u, que na Am\u00e9rica do Sul nunca se investiu o necess\u00e1rio na \u00e1rea da educa\u00e7\u00e3o. \u201cA regi\u00e3o ficou aqu\u00e9m das necessidades, se levarmos em conta a d\u00edvida educacional, sempre enfrentada com adiamentos\u201d, afirmou Haddad, ao responder quest\u00f5es formuladas por integrantes do Parlamento do Mercosul.\u00a0<br \/> \u00a0<br \/> Segundo o ministro, apenas em 2006 o Brasil atingiu o patamar de 4,4% do PIB aplicado na educa\u00e7\u00e3o. \u201cMas ainda estamos longe do patamar compat\u00edvel com as necessidades de nossa regi\u00e3o\u201d, ressalvou. \u201cVenezuela e Argentina est\u00e3o com leis aprovadas na perspectiva de amplia\u00e7\u00e3o do investimento para 6% do PIB. O Brasil ainda n\u00e3o aprovou uma lei que estabele\u00e7a um patamar proporcional obrigat\u00f3rio.\u201d\u00a0<br \/> \u00a0<br \/> O ministro defendeu ainda uma integra\u00e7\u00e3o maior entre as experi\u00eancias do continente. E citou o Educacenso, com cadastro de 53 milh\u00f5es de estudantes, como exemplo a ser compartilhado. \u201cN\u00e3o s\u00f3 para atender as metas. O problema n\u00e3o \u00e9 s\u00f3 de qualidade, mas de eq\u00fcidade. Os objetivos do mil\u00eanio n\u00e3o ser\u00e3o atendidos sem um novo desenho de coopera\u00e7\u00e3o internacional.\u201d\u00a0<br \/> \u00a0<br \/> \u00a0<\/p>\n","protected":false},"excerpt":{"rendered":"<p>Ao abrir nesta ter\u00e7a-feira, 4, em Montevid\u00e9u, a 3\u00aa Sess\u00e3o Especial do Parlamento do Mercosul, o ministro da Educa\u00e7\u00e3o, Fernando Haddad, convidado especial, conclamou os pa\u00edses do bloco comercial sul-americano a enfrentar a crise econ\u00f4mica que se avizinha com mais investimentos na \u00e1rea da educa\u00e7\u00e3o. \u201cO continente tem um d\u00e9ficit educacional bastante expressivo. No Brasil, [&hellip;]<\/p>\n","protected":false},"author":1,"featured_media":0,"comment_status":"closed","ping_status":"closed","sticky":false,"template":"","format":"standard","meta":{"footnotes":"","_links_to":"","_links_to_target":""},"categories":[9],"tags":[],"class_list":["post-2360","post","type-post","status-publish","format-standard","hentry","category-noticias-da-imprensa"],"yoast_head":"<!-- This site is optimized with the Yoast SEO plugin v15.1 - https:\/\/yoast.com\/wordpress\/plugins\/seo\/ -->\n<title>Educa\u00e7\u00e3o \u00e9 ant\u00eddoto para a crise &raquo; Abrelivros<\/title>\n<meta name=\"robots\" content=\"index, follow, max-snippet:-1, max-image-preview:large, max-video-preview:-1\" \/>\n<link rel=\"canonical\" href=\"https:\/\/abrelivros.org.br\/site\/educacao-e-antidoto-para-a-crise\/\" \/>\n<meta property=\"og:locale\" content=\"pt_BR\" \/>\n<meta property=\"og:type\" content=\"article\" \/>\n<meta property=\"og:title\" content=\"Educa\u00e7\u00e3o \u00e9 ant\u00eddoto para a crise &raquo; Abrelivros\" \/>\n<meta property=\"og:description\" content=\"Ao abrir nesta ter\u00e7a-feira, 4, em Montevid\u00e9u, a 3\u00aa Sess\u00e3o Especial do Parlamento do Mercosul, o ministro da Educa\u00e7\u00e3o, Fernando Haddad, convidado especial, conclamou os pa\u00edses do bloco comercial sul-americano a enfrentar a crise econ\u00f4mica que se avizinha com mais investimentos na \u00e1rea da educa\u00e7\u00e3o. \u201cO continente tem um d\u00e9ficit educacional bastante expressivo. No Brasil, [&hellip;]\" \/>\n<meta property=\"og:url\" content=\"https:\/\/abrelivros.org.br\/site\/educacao-e-antidoto-para-a-crise\/\" \/>\n<meta property=\"og:site_name\" content=\"Abrelivros\" \/>\n<meta property=\"article:published_time\" content=\"2008-11-04T18:43:00+00:00\" \/>\n<meta name=\"twitter:card\" content=\"summary_large_image\" \/>\n<script type=\"application\/ld+json\" class=\"yoast-schema-graph\">{\"@context\":\"https:\/\/schema.org\",\"@graph\":[{\"@type\":\"WebSite\",\"@id\":\"https:\/\/abrelivros.org.br\/site\/#website\",\"url\":\"https:\/\/abrelivros.org.br\/site\/\",\"name\":\"Abrelivros\",\"description\":\"\",\"potentialAction\":[{\"@type\":\"SearchAction\",\"target\":\"https:\/\/abrelivros.org.br\/site\/?s={search_term_string}\",\"query-input\":\"required name=search_term_string\"}],\"inLanguage\":\"pt-BR\"},{\"@type\":\"WebPage\",\"@id\":\"https:\/\/abrelivros.org.br\/site\/educacao-e-antidoto-para-a-crise\/#webpage\",\"url\":\"https:\/\/abrelivros.org.br\/site\/educacao-e-antidoto-para-a-crise\/\",\"name\":\"Educa\\u00e7\\u00e3o \\u00e9 ant\\u00eddoto para a crise &raquo; Abrelivros\",\"isPartOf\":{\"@id\":\"https:\/\/abrelivros.org.br\/site\/#website\"},\"datePublished\":\"2008-11-04T18:43:00+00:00\",\"dateModified\":\"2008-11-04T18:43:00+00:00\",\"author\":{\"@id\":\"https:\/\/abrelivros.org.br\/site\/#\/schema\/person\/2b867f13a717bb230f1a3555505f5593\"},\"breadcrumb\":{\"@id\":\"https:\/\/abrelivros.org.br\/site\/educacao-e-antidoto-para-a-crise\/#breadcrumb\"},\"inLanguage\":\"pt-BR\",\"potentialAction\":[{\"@type\":\"ReadAction\",\"target\":[\"https:\/\/abrelivros.org.br\/site\/educacao-e-antidoto-para-a-crise\/\"]}]},{\"@type\":\"BreadcrumbList\",\"@id\":\"https:\/\/abrelivros.org.br\/site\/educacao-e-antidoto-para-a-crise\/#breadcrumb\",\"itemListElement\":[{\"@type\":\"ListItem\",\"position\":1,\"item\":{\"@type\":\"WebPage\",\"@id\":\"https:\/\/abrelivros.org.br\/site\/\",\"url\":\"https:\/\/abrelivros.org.br\/site\/\",\"name\":\"In\\u00edcio\"}},{\"@type\":\"ListItem\",\"position\":2,\"item\":{\"@type\":\"WebPage\",\"@id\":\"https:\/\/abrelivros.org.br\/site\/category\/noticias\/\",\"url\":\"https:\/\/abrelivros.org.br\/site\/category\/noticias\/\",\"name\":\"Not\\u00edcias\"}},{\"@type\":\"ListItem\",\"position\":3,\"item\":{\"@type\":\"WebPage\",\"@id\":\"https:\/\/abrelivros.org.br\/site\/category\/noticias\/noticias-da-imprensa\/\",\"url\":\"https:\/\/abrelivros.org.br\/site\/category\/noticias\/noticias-da-imprensa\/\",\"name\":\"Not\\u00edcias da imprensa\"}},{\"@type\":\"ListItem\",\"position\":4,\"item\":{\"@type\":\"WebPage\",\"@id\":\"https:\/\/abrelivros.org.br\/site\/educacao-e-antidoto-para-a-crise\/\",\"url\":\"https:\/\/abrelivros.org.br\/site\/educacao-e-antidoto-para-a-crise\/\",\"name\":\"Educa\\u00e7\\u00e3o \\u00e9 ant\\u00eddoto para a crise\"}}]},{\"@type\":\"Person\",\"@id\":\"https:\/\/abrelivros.org.br\/site\/#\/schema\/person\/2b867f13a717bb230f1a3555505f5593\",\"name\":\"\\u00a0\",\"image\":{\"@type\":\"ImageObject\",\"@id\":\"https:\/\/abrelivros.org.br\/site\/#personlogo\",\"inLanguage\":\"pt-BR\",\"url\":\"https:\/\/secure.gravatar.com\/avatar\/e80b7f5231be2fff5040a8023da424898002831c5439420df182ae62676d2a6f?s=96&d=mm&r=g\",\"caption\":\"\\u00a0\"}}]}<\/script>\n<!-- \/ Yoast SEO plugin. -->","_links":{"self":[{"href":"https:\/\/abrelivros.org.br\/site\/wp-json\/wp\/v2\/posts\/2360","targetHints":{"allow":["GET"]}}],"collection":[{"href":"https:\/\/abrelivros.org.br\/site\/wp-json\/wp\/v2\/posts"}],"about":[{"href":"https:\/\/abrelivros.org.br\/site\/wp-json\/wp\/v2\/types\/post"}],"author":[{"embeddable":true,"href":"https:\/\/abrelivros.org.br\/site\/wp-json\/wp\/v2\/users\/1"}],"replies":[{"embeddable":true,"href":"https:\/\/abrelivros.org.br\/site\/wp-json\/wp\/v2\/comments?post=2360"}],"version-history":[{"count":0,"href":"https:\/\/abrelivros.org.br\/site\/wp-json\/wp\/v2\/posts\/2360\/revisions"}],"wp:attachment":[{"href":"https:\/\/abrelivros.org.br\/site\/wp-json\/wp\/v2\/media?parent=2360"}],"wp:term":[{"taxonomy":"category","embeddable":true,"href":"https:\/\/abrelivros.org.br\/site\/wp-json\/wp\/v2\/categories?post=2360"},{"taxonomy":"post_tag","embeddable":true,"href":"https:\/\/abrelivros.org.br\/site\/wp-json\/wp\/v2\/tags?post=2360"}],"curies":[{"name":"wp","href":"https:\/\/api.w.org\/{rel}","templated":true}]}}