{"id":2359,"date":"2008-11-06T15:48:00","date_gmt":"2008-11-06T17:48:00","guid":{"rendered":"https:\/\/abrelivros.org.br\/site\/2008\/11\/06\/ccj-aprova-vinculacao-maior-de-recursos-para-educacao\/"},"modified":"2008-11-06T15:48:00","modified_gmt":"2008-11-06T17:48:00","slug":"ccj-aprova-vinculacao-maior-de-recursos-para-educacao","status":"publish","type":"post","link":"https:\/\/abrelivros.org.br\/site\/ccj-aprova-vinculacao-maior-de-recursos-para-educacao\/","title":{"rendered":"CCJ aprova vincula\u00e7\u00e3o maior de recursos para educa\u00e7\u00e3o"},"content":{"rendered":"<p>A Comiss\u00e3o de Constitui\u00e7\u00e3o e Justi\u00e7a e de Cidadania (CCJ) aprovou na ter\u00e7a-feira (28) a admissibilidade da Proposta de Emenda \u00e0 Constitui\u00e7\u00e3o (PEC) 277\/08, do Senado, que retira a educa\u00e7\u00e3o da Desvincula\u00e7\u00e3o de Receitas da Uni\u00e3o (DRU), aumentando os recursos destinados \u00e0 \u00e1rea. A PEC reduz anualmente o percentual da DRU incidente sobre as verbas do setor. Assim, em 2009, o percentual de desvincula\u00e7\u00e3o cair\u00e1 dos atuais 20% para 10% e, no ano seguinte, passar\u00e1 a ser de 5%. A partir de 2011, de acordo com a PEC, os recursos da educa\u00e7\u00e3o n\u00e3o poder\u00e3o ser desvinculados. \u00a0<br \/> \u00a0<br \/> Atualmente, pela DRU, 20% da receita tribut\u00e1ria da Uni\u00e3o podem ser livremente direcionados pelo governo aos programas que considerar priorit\u00e1rios, podendo a educa\u00e7\u00e3o perder parte de seus recursos. \u00a0<br \/> \u00a0<br \/> O relator da PEC, deputado Tadeu Filippelli (PMDB-DF), apresentou parecer favor\u00e1vel \u00e0 medida e \u00e0s outras PECs que tramitam em conjunto (416\/01, 538\/06, 577\/06, 47\/07 e 267\/08) e tamb\u00e9m tratam do financiamento da educa\u00e7\u00e3o. \u00a0<br \/> \u00a0<br \/><B> Tramita\u00e7\u00e3o<\/B>\u00a0<br \/> A proposta ainda ser\u00e1 analisada por uma comiss\u00e3o especial antes de ser votada pelo Plen\u00e1rio.\u00a0<\/p>\n<p><\/p>\n","protected":false},"excerpt":{"rendered":"<p>A Comiss\u00e3o de Constitui\u00e7\u00e3o e Justi\u00e7a e de Cidadania (CCJ) aprovou na ter\u00e7a-feira (28) a admissibilidade da Proposta de Emenda \u00e0 Constitui\u00e7\u00e3o (PEC) 277\/08, do Senado, que retira a educa\u00e7\u00e3o da Desvincula\u00e7\u00e3o de Receitas da Uni\u00e3o (DRU), aumentando os recursos destinados \u00e0 \u00e1rea. A PEC reduz anualmente o percentual da DRU incidente sobre as verbas [&hellip;]<\/p>\n","protected":false},"author":1,"featured_media":0,"comment_status":"closed","ping_status":"closed","sticky":false,"template":"","format":"standard","meta":{"footnotes":"","_links_to":"","_links_to_target":""},"categories":[9],"tags":[],"class_list":["post-2359","post","type-post","status-publish","format-standard","hentry","category-noticias-da-imprensa"],"yoast_head":"<!-- This site is optimized with the Yoast SEO plugin v15.1 - https:\/\/yoast.com\/wordpress\/plugins\/seo\/ -->\n<title>CCJ aprova vincula\u00e7\u00e3o maior de recursos para educa\u00e7\u00e3o &raquo; Abrelivros<\/title>\n<meta name=\"robots\" content=\"index, follow, max-snippet:-1, max-image-preview:large, max-video-preview:-1\" \/>\n<link rel=\"canonical\" href=\"https:\/\/abrelivros.org.br\/site\/ccj-aprova-vinculacao-maior-de-recursos-para-educacao\/\" \/>\n<meta property=\"og:locale\" content=\"pt_BR\" \/>\n<meta property=\"og:type\" content=\"article\" \/>\n<meta property=\"og:title\" content=\"CCJ aprova vincula\u00e7\u00e3o maior de recursos para educa\u00e7\u00e3o &raquo; Abrelivros\" \/>\n<meta property=\"og:description\" content=\"A Comiss\u00e3o de Constitui\u00e7\u00e3o e Justi\u00e7a e de Cidadania (CCJ) aprovou na ter\u00e7a-feira (28) a admissibilidade da Proposta de Emenda \u00e0 Constitui\u00e7\u00e3o (PEC) 277\/08, do Senado, que retira a educa\u00e7\u00e3o da Desvincula\u00e7\u00e3o de Receitas da Uni\u00e3o (DRU), aumentando os recursos destinados \u00e0 \u00e1rea. A PEC reduz anualmente o percentual da DRU incidente sobre as verbas [&hellip;]\" \/>\n<meta property=\"og:url\" content=\"https:\/\/abrelivros.org.br\/site\/ccj-aprova-vinculacao-maior-de-recursos-para-educacao\/\" \/>\n<meta property=\"og:site_name\" content=\"Abrelivros\" \/>\n<meta property=\"article:published_time\" content=\"2008-11-06T17:48:00+00:00\" \/>\n<meta name=\"twitter:card\" content=\"summary_large_image\" \/>\n<script type=\"application\/ld+json\" class=\"yoast-schema-graph\">{\"@context\":\"https:\/\/schema.org\",\"@graph\":[{\"@type\":\"WebSite\",\"@id\":\"https:\/\/abrelivros.org.br\/site\/#website\",\"url\":\"https:\/\/abrelivros.org.br\/site\/\",\"name\":\"Abrelivros\",\"description\":\"\",\"potentialAction\":[{\"@type\":\"SearchAction\",\"target\":\"https:\/\/abrelivros.org.br\/site\/?s={search_term_string}\",\"query-input\":\"required name=search_term_string\"}],\"inLanguage\":\"pt-BR\"},{\"@type\":\"WebPage\",\"@id\":\"https:\/\/abrelivros.org.br\/site\/ccj-aprova-vinculacao-maior-de-recursos-para-educacao\/#webpage\",\"url\":\"https:\/\/abrelivros.org.br\/site\/ccj-aprova-vinculacao-maior-de-recursos-para-educacao\/\",\"name\":\"CCJ aprova vincula\\u00e7\\u00e3o maior de recursos para educa\\u00e7\\u00e3o &raquo; Abrelivros\",\"isPartOf\":{\"@id\":\"https:\/\/abrelivros.org.br\/site\/#website\"},\"datePublished\":\"2008-11-06T17:48:00+00:00\",\"dateModified\":\"2008-11-06T17:48:00+00:00\",\"author\":{\"@id\":\"https:\/\/abrelivros.org.br\/site\/#\/schema\/person\/2b867f13a717bb230f1a3555505f5593\"},\"breadcrumb\":{\"@id\":\"https:\/\/abrelivros.org.br\/site\/ccj-aprova-vinculacao-maior-de-recursos-para-educacao\/#breadcrumb\"},\"inLanguage\":\"pt-BR\",\"potentialAction\":[{\"@type\":\"ReadAction\",\"target\":[\"https:\/\/abrelivros.org.br\/site\/ccj-aprova-vinculacao-maior-de-recursos-para-educacao\/\"]}]},{\"@type\":\"BreadcrumbList\",\"@id\":\"https:\/\/abrelivros.org.br\/site\/ccj-aprova-vinculacao-maior-de-recursos-para-educacao\/#breadcrumb\",\"itemListElement\":[{\"@type\":\"ListItem\",\"position\":1,\"item\":{\"@type\":\"WebPage\",\"@id\":\"https:\/\/abrelivros.org.br\/site\/\",\"url\":\"https:\/\/abrelivros.org.br\/site\/\",\"name\":\"In\\u00edcio\"}},{\"@type\":\"ListItem\",\"position\":2,\"item\":{\"@type\":\"WebPage\",\"@id\":\"https:\/\/abrelivros.org.br\/site\/category\/noticias\/\",\"url\":\"https:\/\/abrelivros.org.br\/site\/category\/noticias\/\",\"name\":\"Not\\u00edcias\"}},{\"@type\":\"ListItem\",\"position\":3,\"item\":{\"@type\":\"WebPage\",\"@id\":\"https:\/\/abrelivros.org.br\/site\/category\/noticias\/noticias-da-imprensa\/\",\"url\":\"https:\/\/abrelivros.org.br\/site\/category\/noticias\/noticias-da-imprensa\/\",\"name\":\"Not\\u00edcias da imprensa\"}},{\"@type\":\"ListItem\",\"position\":4,\"item\":{\"@type\":\"WebPage\",\"@id\":\"https:\/\/abrelivros.org.br\/site\/ccj-aprova-vinculacao-maior-de-recursos-para-educacao\/\",\"url\":\"https:\/\/abrelivros.org.br\/site\/ccj-aprova-vinculacao-maior-de-recursos-para-educacao\/\",\"name\":\"CCJ aprova vincula\\u00e7\\u00e3o maior de recursos para educa\\u00e7\\u00e3o\"}}]},{\"@type\":\"Person\",\"@id\":\"https:\/\/abrelivros.org.br\/site\/#\/schema\/person\/2b867f13a717bb230f1a3555505f5593\",\"name\":\"\\u00a0\",\"image\":{\"@type\":\"ImageObject\",\"@id\":\"https:\/\/abrelivros.org.br\/site\/#personlogo\",\"inLanguage\":\"pt-BR\",\"url\":\"https:\/\/secure.gravatar.com\/avatar\/e80b7f5231be2fff5040a8023da424898002831c5439420df182ae62676d2a6f?s=96&d=mm&r=g\",\"caption\":\"\\u00a0\"}}]}<\/script>\n<!-- \/ Yoast SEO plugin. -->","_links":{"self":[{"href":"https:\/\/abrelivros.org.br\/site\/wp-json\/wp\/v2\/posts\/2359","targetHints":{"allow":["GET"]}}],"collection":[{"href":"https:\/\/abrelivros.org.br\/site\/wp-json\/wp\/v2\/posts"}],"about":[{"href":"https:\/\/abrelivros.org.br\/site\/wp-json\/wp\/v2\/types\/post"}],"author":[{"embeddable":true,"href":"https:\/\/abrelivros.org.br\/site\/wp-json\/wp\/v2\/users\/1"}],"replies":[{"embeddable":true,"href":"https:\/\/abrelivros.org.br\/site\/wp-json\/wp\/v2\/comments?post=2359"}],"version-history":[{"count":0,"href":"https:\/\/abrelivros.org.br\/site\/wp-json\/wp\/v2\/posts\/2359\/revisions"}],"wp:attachment":[{"href":"https:\/\/abrelivros.org.br\/site\/wp-json\/wp\/v2\/media?parent=2359"}],"wp:term":[{"taxonomy":"category","embeddable":true,"href":"https:\/\/abrelivros.org.br\/site\/wp-json\/wp\/v2\/categories?post=2359"},{"taxonomy":"post_tag","embeddable":true,"href":"https:\/\/abrelivros.org.br\/site\/wp-json\/wp\/v2\/tags?post=2359"}],"curies":[{"name":"wp","href":"https:\/\/api.w.org\/{rel}","templated":true}]}}