{"id":2358,"date":"2008-11-06T15:50:00","date_gmt":"2008-11-06T17:50:00","guid":{"rendered":"https:\/\/abrelivros.org.br\/site\/2008\/11\/06\/ministro-e-artistas-comemoram-dia-nacional-da-cultura\/"},"modified":"2008-11-06T15:50:00","modified_gmt":"2008-11-06T17:50:00","slug":"ministro-e-artistas-comemoram-dia-nacional-da-cultura","status":"publish","type":"post","link":"https:\/\/abrelivros.org.br\/site\/ministro-e-artistas-comemoram-dia-nacional-da-cultura\/","title":{"rendered":"Ministro e artistas comemoram Dia Nacional da Cultura"},"content":{"rendered":"<p>O ministro da Cultura, Juca Ferreira, participou na quarta-feira (5) das comemora\u00e7\u00e3o do Dia Nacional da Cultural, realizada no Congresso Nacional com um caf\u00e9 da manh\u00e3. O evento contou com a presen\u00e7a do futuro presidente da Funda\u00e7\u00e3o Nacional de Artes (Funarte), S\u00e9rgio Mamberti, o presidente da Funda\u00e7\u00e3o Cultural Palmares, Zul\u00fa Araujo, al\u00e9m de parlamentares e artistas de todo o Brasil. A homenagem foi promovida pela Frente Parlamentar Mista em Defesa da Cultura, e uma cerim\u00f4nia na Comiss\u00e3o de Educa\u00e7\u00e3o e Cultura da C\u00e2mara dos Deputados. \u00a0<br \/>    \u00a0<br \/> Na ocasi\u00e3o, o ministro pediu prioridade de vota\u00e7\u00e3o a algumas propostas que tramitam na C\u00e2mara e no Senado, as quais ele considera priorit\u00e1rias. O ministro entregou aos parlamentares uma rela\u00e7\u00e3o com a Proposta de Emenda Constitucional (PEC 150\/2003), que torna obrigat\u00f3ria a aplica\u00e7\u00e3o anual de no m\u00ednimo 2% da receita tribut\u00e1ria da Uni\u00e3o, para a Cultura; do Projeto de Lei 3951\/2008, que cria o Instituto Brasileiro de Museus (Ibram); do Projeto de Lei 6835\/2006 que institui o Plano Nacional de Cultura (PNC) e duas emendas ao Or\u00e7amento de 2009: uma que ser\u00e1 apresentada pela Comiss\u00e3o da C\u00e2mara no valor de R$ 400 milh\u00f5es e outra pela Comiss\u00e3o do Senado no valor de R$ 500 milh\u00f5es.\u00a0<br \/>    \u00a0<br \/> \u201c\u00c9 preciso aprovar no m\u00ednimo 2% para a Cultura, \u00e9 pouco, mas \u00e9 o m\u00ednimo. Temos que apoiar o presidente Lula, para que ele consiga incluir a Cultura, que \u00e9 o direito de todo o brasileiro, na Agenda Social, mesmo nesses tempos de crise. Precisamos de recursos, de legisla\u00e7\u00e3o moderna, do nosso Plano Nacional de Cultura e, tamb\u00e9m, da moderniza\u00e7\u00e3o do Direito Autoral no Brasil\u201d, disse Juca Ferreira.\u00a0<br \/> \u00a0<br \/><B> Movimento Todos pela Cultura\u00a0<br \/>    \u00a0<br \/><\/B> Tamb\u00e9m foi anunciado pelo ministro, o Movimento Todos pela Cultura, que deve ser lan\u00e7ado no primeiro semestre de 2009. A iniciativa tem por objetivo defender uma plataforma onde seja poss\u00edvel inserir a Cultura, na conjuntura brasileira, com uma dimens\u00e3o estrat\u00e9gica mais importante. Em seu pronunciamento, Ferreira falou, ainda, da crise da ind\u00fastria cinematogr\u00e1fica e fonogr\u00e1fica brasileira e disse que \u00e9 preciso criar uma pol\u00edtica que defenda os direitos de todos os artistas brasileiros.\u00a0<br \/>    \u00a0<br \/> O secret\u00e1rio executivo do MinC, Alfredo Manevy, afirmou que hoje al\u00e9m de celebrar o Dia Nacional da Cultura, comemora-se tamb\u00e9m o papel do Congresso Nacional como protagonista na agenda cultural do Brasil. \u201cEstamos vivendo um momento decisivo para a cultura brasileira, porque um conjunto de projetos estrat\u00e9gicos tramitam e est\u00e3o na ordem do dia do Congresso. Temos uma gama de projetos que precisam ser aprovados para que possamos alcan\u00e7ar um outro patamar or\u00e7ament\u00e1rio na pauta do Pa\u00eds\u201d. \u00a0<br \/>  \u00a0<br \/>  \u00a0<br \/>  \u00a0<\/p>\n","protected":false},"excerpt":{"rendered":"<p>O ministro da Cultura, Juca Ferreira, participou na quarta-feira (5) das comemora\u00e7\u00e3o do Dia Nacional da Cultural, realizada no Congresso Nacional com um caf\u00e9 da manh\u00e3. O evento contou com a presen\u00e7a do futuro presidente da Funda\u00e7\u00e3o Nacional de Artes (Funarte), S\u00e9rgio Mamberti, o presidente da Funda\u00e7\u00e3o Cultural Palmares, Zul\u00fa Araujo, al\u00e9m de parlamentares e [&hellip;]<\/p>\n","protected":false},"author":1,"featured_media":0,"comment_status":"closed","ping_status":"closed","sticky":false,"template":"","format":"standard","meta":{"footnotes":"","_links_to":"","_links_to_target":""},"categories":[9],"tags":[],"class_list":["post-2358","post","type-post","status-publish","format-standard","hentry","category-noticias-da-imprensa"],"yoast_head":"<!-- This site is optimized with the Yoast SEO plugin v15.1 - https:\/\/yoast.com\/wordpress\/plugins\/seo\/ -->\n<title>Ministro e artistas comemoram Dia Nacional da Cultura &raquo; Abrelivros<\/title>\n<meta name=\"robots\" content=\"index, follow, max-snippet:-1, max-image-preview:large, max-video-preview:-1\" \/>\n<link rel=\"canonical\" href=\"https:\/\/abrelivros.org.br\/site\/ministro-e-artistas-comemoram-dia-nacional-da-cultura\/\" \/>\n<meta property=\"og:locale\" content=\"pt_BR\" \/>\n<meta property=\"og:type\" content=\"article\" \/>\n<meta property=\"og:title\" content=\"Ministro e artistas comemoram Dia Nacional da Cultura &raquo; Abrelivros\" \/>\n<meta property=\"og:description\" content=\"O ministro da Cultura, Juca Ferreira, participou na quarta-feira (5) das comemora\u00e7\u00e3o do Dia Nacional da Cultural, realizada no Congresso Nacional com um caf\u00e9 da manh\u00e3. O evento contou com a presen\u00e7a do futuro presidente da Funda\u00e7\u00e3o Nacional de Artes (Funarte), S\u00e9rgio Mamberti, o presidente da Funda\u00e7\u00e3o Cultural Palmares, Zul\u00fa Araujo, al\u00e9m de parlamentares e [&hellip;]\" \/>\n<meta property=\"og:url\" content=\"https:\/\/abrelivros.org.br\/site\/ministro-e-artistas-comemoram-dia-nacional-da-cultura\/\" \/>\n<meta property=\"og:site_name\" content=\"Abrelivros\" \/>\n<meta property=\"article:published_time\" content=\"2008-11-06T17:50:00+00:00\" \/>\n<meta name=\"twitter:card\" content=\"summary_large_image\" \/>\n<script type=\"application\/ld+json\" class=\"yoast-schema-graph\">{\"@context\":\"https:\/\/schema.org\",\"@graph\":[{\"@type\":\"WebSite\",\"@id\":\"https:\/\/abrelivros.org.br\/site\/#website\",\"url\":\"https:\/\/abrelivros.org.br\/site\/\",\"name\":\"Abrelivros\",\"description\":\"\",\"potentialAction\":[{\"@type\":\"SearchAction\",\"target\":\"https:\/\/abrelivros.org.br\/site\/?s={search_term_string}\",\"query-input\":\"required name=search_term_string\"}],\"inLanguage\":\"pt-BR\"},{\"@type\":\"WebPage\",\"@id\":\"https:\/\/abrelivros.org.br\/site\/ministro-e-artistas-comemoram-dia-nacional-da-cultura\/#webpage\",\"url\":\"https:\/\/abrelivros.org.br\/site\/ministro-e-artistas-comemoram-dia-nacional-da-cultura\/\",\"name\":\"Ministro e artistas comemoram Dia Nacional da Cultura &raquo; Abrelivros\",\"isPartOf\":{\"@id\":\"https:\/\/abrelivros.org.br\/site\/#website\"},\"datePublished\":\"2008-11-06T17:50:00+00:00\",\"dateModified\":\"2008-11-06T17:50:00+00:00\",\"author\":{\"@id\":\"https:\/\/abrelivros.org.br\/site\/#\/schema\/person\/2b867f13a717bb230f1a3555505f5593\"},\"breadcrumb\":{\"@id\":\"https:\/\/abrelivros.org.br\/site\/ministro-e-artistas-comemoram-dia-nacional-da-cultura\/#breadcrumb\"},\"inLanguage\":\"pt-BR\",\"potentialAction\":[{\"@type\":\"ReadAction\",\"target\":[\"https:\/\/abrelivros.org.br\/site\/ministro-e-artistas-comemoram-dia-nacional-da-cultura\/\"]}]},{\"@type\":\"BreadcrumbList\",\"@id\":\"https:\/\/abrelivros.org.br\/site\/ministro-e-artistas-comemoram-dia-nacional-da-cultura\/#breadcrumb\",\"itemListElement\":[{\"@type\":\"ListItem\",\"position\":1,\"item\":{\"@type\":\"WebPage\",\"@id\":\"https:\/\/abrelivros.org.br\/site\/\",\"url\":\"https:\/\/abrelivros.org.br\/site\/\",\"name\":\"In\\u00edcio\"}},{\"@type\":\"ListItem\",\"position\":2,\"item\":{\"@type\":\"WebPage\",\"@id\":\"https:\/\/abrelivros.org.br\/site\/category\/noticias\/\",\"url\":\"https:\/\/abrelivros.org.br\/site\/category\/noticias\/\",\"name\":\"Not\\u00edcias\"}},{\"@type\":\"ListItem\",\"position\":3,\"item\":{\"@type\":\"WebPage\",\"@id\":\"https:\/\/abrelivros.org.br\/site\/category\/noticias\/noticias-da-imprensa\/\",\"url\":\"https:\/\/abrelivros.org.br\/site\/category\/noticias\/noticias-da-imprensa\/\",\"name\":\"Not\\u00edcias da imprensa\"}},{\"@type\":\"ListItem\",\"position\":4,\"item\":{\"@type\":\"WebPage\",\"@id\":\"https:\/\/abrelivros.org.br\/site\/ministro-e-artistas-comemoram-dia-nacional-da-cultura\/\",\"url\":\"https:\/\/abrelivros.org.br\/site\/ministro-e-artistas-comemoram-dia-nacional-da-cultura\/\",\"name\":\"Ministro e artistas comemoram Dia Nacional da Cultura\"}}]},{\"@type\":\"Person\",\"@id\":\"https:\/\/abrelivros.org.br\/site\/#\/schema\/person\/2b867f13a717bb230f1a3555505f5593\",\"name\":\"\\u00a0\",\"image\":{\"@type\":\"ImageObject\",\"@id\":\"https:\/\/abrelivros.org.br\/site\/#personlogo\",\"inLanguage\":\"pt-BR\",\"url\":\"https:\/\/secure.gravatar.com\/avatar\/e80b7f5231be2fff5040a8023da424898002831c5439420df182ae62676d2a6f?s=96&d=mm&r=g\",\"caption\":\"\\u00a0\"}}]}<\/script>\n<!-- \/ Yoast SEO plugin. -->","_links":{"self":[{"href":"https:\/\/abrelivros.org.br\/site\/wp-json\/wp\/v2\/posts\/2358","targetHints":{"allow":["GET"]}}],"collection":[{"href":"https:\/\/abrelivros.org.br\/site\/wp-json\/wp\/v2\/posts"}],"about":[{"href":"https:\/\/abrelivros.org.br\/site\/wp-json\/wp\/v2\/types\/post"}],"author":[{"embeddable":true,"href":"https:\/\/abrelivros.org.br\/site\/wp-json\/wp\/v2\/users\/1"}],"replies":[{"embeddable":true,"href":"https:\/\/abrelivros.org.br\/site\/wp-json\/wp\/v2\/comments?post=2358"}],"version-history":[{"count":0,"href":"https:\/\/abrelivros.org.br\/site\/wp-json\/wp\/v2\/posts\/2358\/revisions"}],"wp:attachment":[{"href":"https:\/\/abrelivros.org.br\/site\/wp-json\/wp\/v2\/media?parent=2358"}],"wp:term":[{"taxonomy":"category","embeddable":true,"href":"https:\/\/abrelivros.org.br\/site\/wp-json\/wp\/v2\/categories?post=2358"},{"taxonomy":"post_tag","embeddable":true,"href":"https:\/\/abrelivros.org.br\/site\/wp-json\/wp\/v2\/tags?post=2358"}],"curies":[{"name":"wp","href":"https:\/\/api.w.org\/{rel}","templated":true}]}}