{"id":2356,"date":"2008-11-06T15:58:00","date_gmt":"2008-11-06T17:58:00","guid":{"rendered":"https:\/\/abrelivros.org.br\/site\/2008\/11\/06\/pesquisa-evidencia-contrastes-no-habito-da-leitura\/"},"modified":"2008-11-06T15:58:00","modified_gmt":"2008-11-06T17:58:00","slug":"pesquisa-evidencia-contrastes-no-habito-da-leitura","status":"publish","type":"post","link":"https:\/\/abrelivros.org.br\/site\/pesquisa-evidencia-contrastes-no-habito-da-leitura\/","title":{"rendered":"Pesquisa evidencia contrastes no h\u00e1bito da leitura"},"content":{"rendered":"<p>Aos 11 anos, Ivana Domingues \u00e9 uma leitora voraz. At\u00e9 mesmo para preencher a hora do recreio e o tempo livre que tem na escola onde estuda, em S\u00e3o Jos\u00e9 dos Campos, no Vale do Para\u00edba, a 90 quil\u00f4metros de S\u00e3o Paulo, ela escolhe a companhia dos livros. Foi influenciada principalmente por seus av\u00f3s maternos. Eles que lhe deram boa parte das obras em sua biblioteca, inclusive as de Monteiro Lobato, pelas quais Ivana se apaixonou desde muito cedo. Os livros preferidos dessa garota s\u00e3o os volumes com a saga do bruxinho Harry Potter e os romances da s\u00e9rie O Di\u00e1rio da Princesa. Mas ela tamb\u00e9m l\u00ea Machado de Assis, E\u00e7a de Queiroz e outros. Apesar de conseguir emprestados alguns volumes na biblioteca da escola, a maior parte dos livros que l\u00ea s\u00e3o comprados. &nbsp;<br \/>  &nbsp;<br \/> Para o pai de Ivana, o engenheiro Wagner Bernardes Domingues, o h\u00e1bito de leitura, al\u00e9m de incentivar a amplia\u00e7\u00e3o do vocabul\u00e1rio da menina, contribui para torn\u00e1-la cada vez mais questionadora e fundamentada. \u201cEla acaba se destacando entre as crian\u00e7as da sua idade. Tem atitudes de lideran\u00e7a, de desenvoltura\u201d, explica Wagner. De acordo com a pesquisa Retratos na Leitura no Brasil, encomendada pelo Instituto Pr\u00f3-Livro ao Ibope e divulgada em junho deste ano, meninas como Ivana t\u00eam todos os indicadores a seu favor. Assim como para 45% dos leitores ouvidos pela pesquisa, ela tem nos livros comprados a principal forma de acesso \u00e0 leitura. Al\u00e9m de fazer parte de uma faixa et\u00e1ria (11 a 13 anos) em que a penetra\u00e7\u00e3o dos leitores de livros em geral (n\u00e3o-indicados pela escola) \u00e9 de 86%, Ivana ainda foi influenciada logo cedo pelos pais e av\u00f3s, outro favorecedor apontado pelo estudo.&nbsp;<br \/>  &nbsp;<br \/> De acordo com a pesquisa Retratos na Leitura no Brasil, encomendada pelo Instituto Pr\u00f3-Livro ao Ibope e divulgada em junho deste ano, meninas como Ivana t\u00eam todos os indicadores a seu favor. Assim como para 45% dos leitores ouvidos pela pesquisa, ela tem nos livros comprados a principal forma de acesso \u00e0 leitura. Al\u00e9m de fazer parte de uma faixa et\u00e1ria (11 a 13 anos) em que a penetra\u00e7\u00e3o dos leitores de livros em geral (n\u00e3o-indicados pela escola) \u00e9 de 86%, Ivana ainda foi influenciada logo cedo pelos pais e av\u00f3s, outro favorecedor apontado pelo estudo. Ivana \u00e9 filha de pais com ensino superior completo e renda familiar maior que 10 sal\u00e1rios m\u00ednimos, grupo em que h\u00e1 apenas 1% de n\u00e3o-leitores. O indicador comprova que o poder aquisitivo \u00e9 significativo para a constitui\u00e7\u00e3o de leitores ass\u00edduos. Mais que isso, evidencia um aspecto que passou em branco nas an\u00e1lises dos resultados da pesquisa: a enorme diferen\u00e7a dos \u00edndices de leitura quando comparados fatores como faixa et\u00e1ria, renda familiar, classe social, regi\u00e3o geogr\u00e1fica e escolaridade.&nbsp;<br \/>  &nbsp;<br \/> Assim como a pequena Ivana, de S\u00e3o Jos\u00e9 dos Campos, o gar\u00e7om Jaime Soares, de S\u00e3o Paulo, tamb\u00e9m l\u00ea desde muito pequeno. Come\u00e7ou com as hist\u00f3rias em quadrinhos, passou para os livros indicados pela escola e hoje l\u00ea apenas por prazer, mas de maneira compulsiva. Ele aproveita para ir \u00e0 livraria nos intervalos do trabalho, momento em que j\u00e1 leu muitas obras. Dos livros que l\u00ea, a menor parte \u00e9 comprada. Quase sempre s\u00e3o obras emprestadas de amigos ou de bibliotecas. Jaime l\u00ea no metr\u00f4, no \u00f4nibus, qualquer tempo livre \u00e9 gasto com a leitura. Ele parou de estudar no ensino m\u00e9dio e sua renda familiar mensal \u00e9 bem inferior a 10 sal\u00e1rios m\u00ednimos. Apesar de n\u00e3o integrar nenhum grupo de maioria leitora no Pa\u00eds, Jaime faz parte dos 60 milh\u00f5es de brasileiros (35% da popula\u00e7\u00e3o) que gostam de ler em seu tempo livre. Mais que isso, ele \u00e9 um dos 38 milh\u00f5es de habitantes que dizem fazer isso com freq\u00fc\u00eancia. \u201cPara mim, a leitura \u00e9 uma oportunidade de aprender. Al\u00e9m de ser uma forma de lazer, ela \u00e9 importante para eu adquirir algum conhecimento, j\u00e1 que n\u00e3o estou estudando no momento\u201d, conta Jaime. &nbsp;<br \/>  &nbsp;<br \/> A pesquisa Retratos da Leitura no Brasil considerou como leitores aqueles que declararam ter lido pelo menos um livro nos tr\u00eas meses anteriores \u00e0 pesquisa (55% da popula\u00e7\u00e3o estudada ou 95,6 milh\u00f5es de pessoas). Entre os leitores com forma\u00e7\u00e3o superior, 79% disseram gostar de ler em seu tempo livre e fazer isso com freq\u00fc\u00eancia. No grupo daqueles com renda familiar acima de 10 sal\u00e1rios m\u00ednimos, esse n\u00famero \u00e9 de 78%. Na regi\u00e3o Sul do Pa\u00eds, 75% dos que gostam de ler o fazem com freq\u00fc\u00eancia. Na regi\u00e3o Sudeste, esse n\u00famero \u00e9 de 71%. Para se ter uma id\u00e9ia da diferen\u00e7a do n\u00famero no Norte, por exemplo, regi\u00e3o com o menor \u00edndice, esse n\u00famero \u00e9 de 55%. Nessa mesma regi\u00e3o, 80% dos que l\u00eaem com freq\u00fc\u00eancia t\u00eam o ensino superior. No momento em que a pesquisa foi divulgada, o n\u00famero que chamou mais aten\u00e7\u00e3o foi aquele que determinava o \u00edndice geral de leitura no Brasil. De acordo com o indicador, cada brasileiro l\u00ea, em m\u00e9dia, 4,7 livros ao ano. Se descontado o n\u00famero de livros indicados pela escola (o que inclui os did\u00e1ticos), o n\u00famero de livros lidos cai para 1,3 ao ano.&nbsp;<br \/>  &nbsp;<br \/> Por haver metodologias diferentes, n\u00e3o \u00e9 poss\u00edvel comparar os resultados desta pesquisa com os da primeira edi\u00e7\u00e3o, que n\u00e3o ouviu leitores com menos de 15 anos de idade e tr\u00eas de escolaridade. Apesar disso, quando os n\u00fameros atuais s\u00e3o separados para estudo em um grupo com o mesmo perfil, chega-se ao indicador de 3,7 livros lidos ao ano por habitante atualmente, superando a m\u00e9dia de 1,8 do levantamento anterior. Na opini\u00e3o de Maur\u00edcio Garcia, diretor de atendimento e planejamento do Ibope Intelig\u00eancia, \u00f3rg\u00e3o respons\u00e1vel pela aplica\u00e7\u00e3o da \u00faltima pesquisa, est\u00e1 claro que houve um aumento nos \u00edndices de leitura da popula\u00e7\u00e3o. E isso se deve, na opini\u00e3o dele, principalmente \u00e0s pol\u00edticas p\u00fablicas de incentivo \u00e0 leitura em todas as regi\u00f5es do Brasil. Apesar disso, segundo Maur\u00edcio, est\u00e1 claro que, em algumas parcelas da popula\u00e7\u00e3o, as pessoas ficam esperando a\u00e7\u00f5es do governo para suprir essa defici\u00eancia leitora. \u201cAumentar os \u00edndices de leitura em todas as camadas da popula\u00e7\u00e3o \u00e9 uma obriga\u00e7\u00e3o do estado brasileiro, mas tamb\u00e9m da sociedade\u201d, comenta. &nbsp;<\/p>\n","protected":false},"excerpt":{"rendered":"<p>Aos 11 anos, Ivana Domingues \u00e9 uma leitora voraz. At\u00e9 mesmo para preencher a hora do recreio e o tempo livre que tem na escola onde estuda, em S\u00e3o Jos\u00e9 dos Campos, no Vale do Para\u00edba, a 90 quil\u00f4metros de S\u00e3o Paulo, ela escolhe a companhia dos livros. Foi influenciada principalmente por seus av\u00f3s maternos. [&hellip;]<\/p>\n","protected":false},"author":1,"featured_media":0,"comment_status":"closed","ping_status":"closed","sticky":false,"template":"","format":"standard","meta":{"footnotes":"","_links_to":"","_links_to_target":""},"categories":[9],"tags":[],"class_list":["post-2356","post","type-post","status-publish","format-standard","hentry","category-noticias-da-imprensa"],"yoast_head":"<!-- This site is optimized with the Yoast SEO plugin v15.1 - https:\/\/yoast.com\/wordpress\/plugins\/seo\/ -->\n<title>Pesquisa evidencia contrastes no h\u00e1bito da leitura &raquo; Abrelivros<\/title>\n<meta name=\"robots\" content=\"index, follow, max-snippet:-1, max-image-preview:large, max-video-preview:-1\" \/>\n<link rel=\"canonical\" href=\"https:\/\/abrelivros.org.br\/site\/pesquisa-evidencia-contrastes-no-habito-da-leitura\/\" \/>\n<meta property=\"og:locale\" content=\"pt_BR\" \/>\n<meta property=\"og:type\" content=\"article\" \/>\n<meta property=\"og:title\" content=\"Pesquisa evidencia contrastes no h\u00e1bito da leitura &raquo; Abrelivros\" \/>\n<meta property=\"og:description\" content=\"Aos 11 anos, Ivana Domingues \u00e9 uma leitora voraz. At\u00e9 mesmo para preencher a hora do recreio e o tempo livre que tem na escola onde estuda, em S\u00e3o Jos\u00e9 dos Campos, no Vale do Para\u00edba, a 90 quil\u00f4metros de S\u00e3o Paulo, ela escolhe a companhia dos livros. Foi influenciada principalmente por seus av\u00f3s maternos. [&hellip;]\" \/>\n<meta property=\"og:url\" content=\"https:\/\/abrelivros.org.br\/site\/pesquisa-evidencia-contrastes-no-habito-da-leitura\/\" \/>\n<meta property=\"og:site_name\" content=\"Abrelivros\" \/>\n<meta property=\"article:published_time\" content=\"2008-11-06T17:58:00+00:00\" \/>\n<meta name=\"twitter:card\" content=\"summary_large_image\" \/>\n<script type=\"application\/ld+json\" class=\"yoast-schema-graph\">{\"@context\":\"https:\/\/schema.org\",\"@graph\":[{\"@type\":\"WebSite\",\"@id\":\"https:\/\/abrelivros.org.br\/site\/#website\",\"url\":\"https:\/\/abrelivros.org.br\/site\/\",\"name\":\"Abrelivros\",\"description\":\"\",\"potentialAction\":[{\"@type\":\"SearchAction\",\"target\":\"https:\/\/abrelivros.org.br\/site\/?s={search_term_string}\",\"query-input\":\"required name=search_term_string\"}],\"inLanguage\":\"pt-BR\"},{\"@type\":\"WebPage\",\"@id\":\"https:\/\/abrelivros.org.br\/site\/pesquisa-evidencia-contrastes-no-habito-da-leitura\/#webpage\",\"url\":\"https:\/\/abrelivros.org.br\/site\/pesquisa-evidencia-contrastes-no-habito-da-leitura\/\",\"name\":\"Pesquisa evidencia contrastes no h\\u00e1bito da leitura &raquo; Abrelivros\",\"isPartOf\":{\"@id\":\"https:\/\/abrelivros.org.br\/site\/#website\"},\"datePublished\":\"2008-11-06T17:58:00+00:00\",\"dateModified\":\"2008-11-06T17:58:00+00:00\",\"author\":{\"@id\":\"https:\/\/abrelivros.org.br\/site\/#\/schema\/person\/2b867f13a717bb230f1a3555505f5593\"},\"breadcrumb\":{\"@id\":\"https:\/\/abrelivros.org.br\/site\/pesquisa-evidencia-contrastes-no-habito-da-leitura\/#breadcrumb\"},\"inLanguage\":\"pt-BR\",\"potentialAction\":[{\"@type\":\"ReadAction\",\"target\":[\"https:\/\/abrelivros.org.br\/site\/pesquisa-evidencia-contrastes-no-habito-da-leitura\/\"]}]},{\"@type\":\"BreadcrumbList\",\"@id\":\"https:\/\/abrelivros.org.br\/site\/pesquisa-evidencia-contrastes-no-habito-da-leitura\/#breadcrumb\",\"itemListElement\":[{\"@type\":\"ListItem\",\"position\":1,\"item\":{\"@type\":\"WebPage\",\"@id\":\"https:\/\/abrelivros.org.br\/site\/\",\"url\":\"https:\/\/abrelivros.org.br\/site\/\",\"name\":\"In\\u00edcio\"}},{\"@type\":\"ListItem\",\"position\":2,\"item\":{\"@type\":\"WebPage\",\"@id\":\"https:\/\/abrelivros.org.br\/site\/category\/noticias\/\",\"url\":\"https:\/\/abrelivros.org.br\/site\/category\/noticias\/\",\"name\":\"Not\\u00edcias\"}},{\"@type\":\"ListItem\",\"position\":3,\"item\":{\"@type\":\"WebPage\",\"@id\":\"https:\/\/abrelivros.org.br\/site\/category\/noticias\/noticias-da-imprensa\/\",\"url\":\"https:\/\/abrelivros.org.br\/site\/category\/noticias\/noticias-da-imprensa\/\",\"name\":\"Not\\u00edcias da imprensa\"}},{\"@type\":\"ListItem\",\"position\":4,\"item\":{\"@type\":\"WebPage\",\"@id\":\"https:\/\/abrelivros.org.br\/site\/pesquisa-evidencia-contrastes-no-habito-da-leitura\/\",\"url\":\"https:\/\/abrelivros.org.br\/site\/pesquisa-evidencia-contrastes-no-habito-da-leitura\/\",\"name\":\"Pesquisa evidencia contrastes no h\\u00e1bito da leitura\"}}]},{\"@type\":\"Person\",\"@id\":\"https:\/\/abrelivros.org.br\/site\/#\/schema\/person\/2b867f13a717bb230f1a3555505f5593\",\"name\":\"\\u00a0\",\"image\":{\"@type\":\"ImageObject\",\"@id\":\"https:\/\/abrelivros.org.br\/site\/#personlogo\",\"inLanguage\":\"pt-BR\",\"url\":\"https:\/\/secure.gravatar.com\/avatar\/e80b7f5231be2fff5040a8023da424898002831c5439420df182ae62676d2a6f?s=96&d=mm&r=g\",\"caption\":\"\\u00a0\"}}]}<\/script>\n<!-- \/ Yoast SEO plugin. -->","_links":{"self":[{"href":"https:\/\/abrelivros.org.br\/site\/wp-json\/wp\/v2\/posts\/2356","targetHints":{"allow":["GET"]}}],"collection":[{"href":"https:\/\/abrelivros.org.br\/site\/wp-json\/wp\/v2\/posts"}],"about":[{"href":"https:\/\/abrelivros.org.br\/site\/wp-json\/wp\/v2\/types\/post"}],"author":[{"embeddable":true,"href":"https:\/\/abrelivros.org.br\/site\/wp-json\/wp\/v2\/users\/1"}],"replies":[{"embeddable":true,"href":"https:\/\/abrelivros.org.br\/site\/wp-json\/wp\/v2\/comments?post=2356"}],"version-history":[{"count":0,"href":"https:\/\/abrelivros.org.br\/site\/wp-json\/wp\/v2\/posts\/2356\/revisions"}],"wp:attachment":[{"href":"https:\/\/abrelivros.org.br\/site\/wp-json\/wp\/v2\/media?parent=2356"}],"wp:term":[{"taxonomy":"category","embeddable":true,"href":"https:\/\/abrelivros.org.br\/site\/wp-json\/wp\/v2\/categories?post=2356"},{"taxonomy":"post_tag","embeddable":true,"href":"https:\/\/abrelivros.org.br\/site\/wp-json\/wp\/v2\/tags?post=2356"}],"curies":[{"name":"wp","href":"https:\/\/api.w.org\/{rel}","templated":true}]}}